{"id":4462,"date":"2026-08-19T12:50:06","date_gmt":"2026-08-19T12:50:06","guid":{"rendered":"https:\/\/gundem59.com.tr\/?p=4462"},"modified":"2026-08-19T12:50:07","modified_gmt":"2026-08-19T12:50:07","slug":"is-insaninin-sikayeti-ortaya-cikti-kuytulcular-hakkindaki-iddialar-sorusturma-dosyasina-yansidi","status":"publish","type":"post","link":"https:\/\/gundem59.com.tr\/?p=4462","title":{"rendered":"\u0130\u015f \u0130nsan\u0131n\u0131n \u015eik\u00e2yeti Ortaya \u00c7\u0131kt\u0131: Kuytulcular Hakk\u0131ndaki \u0130ddialar Soru\u015fturma Dosyas\u0131na Yans\u0131d\u0131"},"content":{"rendered":"\n<p class=\"wp-block-paragraph\">Adana Cumhuriyet Ba\u015fsavc\u0131l\u0131\u011f\u0131 taraf\u0131ndan y\u00fcr\u00fct\u00fclen soru\u015fturma kapsam\u0131nda Koray Sar\u0131sa\u00e7l\u0131&#8217;n\u0131n farkl\u0131 tarihlerde verdi\u011fi ifadeler dosyaya girdi. Sar\u0131sa\u00e7l\u0131, ifadelerinde ka\u00e7\u0131r\u0131ld\u0131\u011f\u0131n\u0131, g\u00fcnlerce al\u0131konuldu\u011funu, darp ve elektro\u015foka maruz kald\u0131\u011f\u0131n\u0131, zorla senet imzalat\u0131ld\u0131\u011f\u0131n\u0131 ve ailesi \u00fczerinden tehdit edildi\u011fini <strong>iddia etti<\/strong>.<\/p>\n\n\n\n<p class=\"wp-block-paragraph\">Sar\u0131sa\u00e7l\u0131&#8217;n\u0131n beyanlar\u0131nda ayr\u0131ca Furkan yap\u0131lanmas\u0131n\u0131 aklayan a\u00e7\u0131klamalar yapmaya zorland\u0131\u011f\u0131, video \u00e7ekimleri ve canl\u0131 yay\u0131na \u00e7\u0131kar\u0131ld\u0131\u011f\u0131, malvarl\u0131\u011f\u0131 \u00fczerinde tasarruf yetkisi sa\u011flayacak vekaletname verilmesinin istendi\u011fi y\u00f6n\u00fcnde iddialar yer ald\u0131.<\/p>\n\n\n\n<h2 class=\"wp-block-heading\">KA\u00c7IRILDI\u011eINI VE \u015e\u0130DDETE MARUZ KALDI\u011eINI \u0130DD\u0130A ETT\u0130<\/h2>\n\n\n\n<p class=\"wp-block-paragraph\">Sar\u0131sa\u00e7l\u0131, 2021 y\u0131l\u0131n\u0131n eyl\u00fcl ay\u0131nda i\u015f yerinden \u00e7\u0131kt\u0131ktan sonra maskeli ki\u015filer taraf\u0131ndan zorla bir araca bindirildi\u011fini \u00f6ne s\u00fcrd\u00fc.<\/p>\n\n\n\n<p class=\"wp-block-paragraph\">\u0130fadesinde ellerinin ve ayaklar\u0131n\u0131n ba\u011fland\u0131\u011f\u0131n\u0131, g\u00f6zlerinin kapat\u0131ld\u0131\u011f\u0131n\u0131, darbedildi\u011fini ve v\u00fccudunun \u00e7e\u015fitli b\u00f6lgelerine elektro\u015fok uyguland\u0131\u011f\u0131n\u0131 iddia eden Sar\u0131sa\u00e7l\u0131, farkl\u0131 adreslerde g\u00fcnlerce tutuldu\u011funu anlatt\u0131.<\/p>\n\n\n\n<p class=\"wp-block-paragraph\">Daha sonraki ifadelerinde ise olay s\u0131ras\u0131nda baz\u0131 ki\u015fileri g\u00f6rd\u00fc\u011f\u00fcn\u00fc veya seslerinden te\u015fhis etti\u011fini ileri s\u00fcrd\u00fc.<\/p>\n\n\n\n<h2 class=\"wp-block-heading\">YAKLA\u015eIK 30 SENET \u0130MZALATILDI\u011eINI S\u00d6YLED\u0130<\/h2>\n\n\n\n<p class=\"wp-block-paragraph\">Sar\u0131sa\u00e7l\u0131&#8217;n\u0131n en dikkat \u00e7eken iddialar\u0131ndan biri de zorla senet imzalat\u0131ld\u0131\u011f\u0131 y\u00f6n\u00fcnde oldu.<\/p>\n\n\n\n<p class=\"wp-block-paragraph\">Yakla\u015f\u0131k 30 senet imzalad\u0131\u011f\u0131n\u0131 belirten Sar\u0131sa\u00e7l\u0131, senetlerdeki toplam miktar\u0131n hat\u0131rlad\u0131\u011f\u0131 kadar\u0131yla 6-7 milyon dolar oldu\u011funu \u00f6ne s\u00fcrd\u00fc.<\/p>\n\n\n\n<p class=\"wp-block-paragraph\">\u0130tiraz etti\u011fi s\u0131rada darp edildi\u011fini ve ailesine zarar verilece\u011fi y\u00f6n\u00fcnde tehdit edildi\u011fini iddia eden Sar\u0131sa\u00e7l\u0131, senetlerde bulunan baz\u0131 ifadeleri de kendisinin yazmak zorunda b\u0131rak\u0131ld\u0131\u011f\u0131n\u0131 s\u00f6yledi.<\/p>\n\n\n\n<h2 class=\"wp-block-heading\">&#8220;FURKAN YAPILANMASININ \u0130LG\u0130S\u0130 YOK&#8221; DEMES\u0130 \u0130STEND\u0130\u011e\u0130N\u0130 \u0130DD\u0130A ETT\u0130<\/h2>\n\n\n\n<p class=\"wp-block-paragraph\">Sar\u0131sa\u00e7l\u0131, serbest b\u0131rak\u0131lmadan \u00f6nce kendisine kamuoyuna yapaca\u011f\u0131 a\u00e7\u0131klamalar\u0131n da s\u00f6ylendi\u011fini \u00f6ne s\u00fcrd\u00fc.<\/p>\n\n\n\n<p class=\"wp-block-paragraph\">\u0130fadesinde, kendisine &#8220;Hocam\u0131z Alparslan Kuytul&#8217;dan talimat geldi&#8221; denildi\u011fini ve ka\u00e7\u0131r\u0131lma olay\u0131n\u0131n Furkan g\u00f6n\u00fcll\u00fcleriyle ilgisinin bulunmad\u0131\u011f\u0131n\u0131 s\u00f6ylemesinin istendi\u011fini iddia etti.<\/p>\n\n\n\n<p class=\"wp-block-paragraph\">Bu talimatlara uymamas\u0131 halinde annesi, k\u0131z karde\u015fi ve \u00e7ocuklar\u0131n\u0131n zarar g\u00f6rebilece\u011finin kendisine s\u00f6ylendi\u011fini ileri s\u00fcrd\u00fc.<\/p>\n\n\n\n<h2 class=\"wp-block-heading\">V\u0130DEONUN B\u0130RKA\u00c7 KEZ YEN\u0130DEN \u00c7EK\u0130LD\u0130\u011e\u0130N\u0130 S\u00d6YLED\u0130<\/h2>\n\n\n\n<p class=\"wp-block-paragraph\">Sar\u0131sa\u00e7l\u0131, serbest b\u0131rak\u0131ld\u0131ktan sonra bir evde kendisine verilen metni kamera kar\u015f\u0131s\u0131nda okumaya zorland\u0131\u011f\u0131n\u0131 iddia etti.<\/p>\n\n\n\n<p class=\"wp-block-paragraph\">\u00c7ekilen ilk videonun be\u011fenilmemesi \u00fczerine ayn\u0131 metni birka\u00e7 kez yeniden okumak zorunda kald\u0131\u011f\u0131n\u0131 \u00f6ne s\u00fcren Sar\u0131sa\u00e7l\u0131, daha sonra \u0130zzet Da\u015f&#8217;\u0131n eve geldi\u011fini ve kendisine savc\u0131l\u0131\u011fa ne zaman gidece\u011fi konusunda talimat verildi\u011fini iddia etti.<\/p>\n\n\n\n<h2 class=\"wp-block-heading\">ADL\u0130YE OTOPARKINDA \u0130FADE TAL\u0130MATI \u0130DD\u0130ASI<\/h2>\n\n\n\n<p class=\"wp-block-paragraph\">Sar\u0131sa\u00e7l\u0131, Adana Adliyesi&#8217;ne g\u00f6t\u00fcr\u00fcld\u00fc\u011f\u00fc s\u0131rada ve adliye otopark\u0131nda kendisine savc\u0131l\u0131kta neler s\u00f6ylemesi gerekti\u011finin anlat\u0131ld\u0131\u011f\u0131n\u0131 \u00f6ne s\u00fcrd\u00fc.<\/p>\n\n\n\n<p class=\"wp-block-paragraph\">\u0130lk savc\u0131l\u0131k ifadesinin bask\u0131 alt\u0131nda verildi\u011fini savunan Sar\u0131sa\u00e7l\u0131, daha sonra yeniden savc\u0131l\u0131\u011fa ba\u015fvurarak \u00f6nceki ifadesinin ger\u00e7e\u011fi tam olarak yans\u0131tmad\u0131\u011f\u0131n\u0131 belirtti.<\/p>\n\n\n\n<h2 class=\"wp-block-heading\">CANLI YAYINA \u00c7IKARILDI\u011eINI \u0130LER\u0130 S\u00dcRD\u00dc<\/h2>\n\n\n\n<p class=\"wp-block-paragraph\">Sar\u0131sa\u00e7l\u0131, savc\u0131l\u0131k i\u015flemlerinin ard\u0131ndan Furkan Nesli Dergisi&#8217;nin bulundu\u011fu binaya g\u00f6t\u00fcr\u00fcld\u00fc\u011f\u00fcn\u00fc ve burada yap\u0131lanmaya ait oldu\u011funu belirtti\u011fi bir YouTube kanal\u0131nda canl\u0131 yay\u0131na \u00e7\u0131kar\u0131ld\u0131\u011f\u0131n\u0131 iddia etti.<\/p>\n\n\n\n<p class=\"wp-block-paragraph\">Canl\u0131 yay\u0131nda da ka\u00e7\u0131r\u0131lma olay\u0131n\u0131n vak\u0131f ve tutuklanan vak\u0131f \u00fcyeleriyle ilgisinin bulunmad\u0131\u011f\u0131n\u0131 s\u00f6ylemek zorunda b\u0131rak\u0131ld\u0131\u011f\u0131n\u0131 ileri s\u00fcrd\u00fc.<\/p>\n\n\n\n<h2 class=\"wp-block-heading\">MALVARLI\u011eI \u0130\u00c7\u0130N GENEL VEKALET \u0130DD\u0130ASI<\/h2>\n\n\n\n<p class=\"wp-block-paragraph\">Sar\u0131sa\u00e7l\u0131&#8217;n\u0131n ifadelerinde malvarl\u0131\u011f\u0131na ili\u015fkin iddialar da yer ald\u0131.<\/p>\n\n\n\n<p class=\"wp-block-paragraph\">\u00d6zel Korupark Hastanesi, Kabasakal&#8217;daki villa ve Yumurtal\u0131k&#8217;taki deniz evi \u00fczerinde sat\u0131\u015f ve tasarruf i\u015flemleri yap\u0131lmas\u0131na imkan sa\u011flayacak genel vekaletname verilmesinin istendi\u011fini iddia eden Sar\u0131sa\u00e7l\u0131, bu s\u00fcre\u00e7te R\u0131dvan Bi\u00e7en&#8217;in kendisine g\u00f6nderildi\u011fini \u00f6ne s\u00fcrd\u00fc.<\/p>\n\n\n\n<p class=\"wp-block-paragraph\">Sar\u0131sa\u00e7l\u0131, daha sonra s\u00f6z konusu vekaletnamenin ta\u015f\u0131nmazlar\u0131n \u00fc\u00e7\u00fcnc\u00fc ki\u015filere sat\u0131\u015f\u0131n\u0131 engellemek amac\u0131yla azledildi\u011fini belirtti.<\/p>\n\n\n\n<h2 class=\"wp-block-heading\">&#8220;DERG\u0130 OF\u0130S\u0130NE G\u0130TMEM \u0130STEND\u0130&#8221; \u0130DD\u0130ASI<\/h2>\n\n\n\n<p class=\"wp-block-paragraph\">Serbest b\u0131rak\u0131lmas\u0131n\u0131n ard\u0131ndan da bask\u0131n\u0131n devam etti\u011fini \u00f6ne s\u00fcren Sar\u0131sa\u00e7l\u0131, dergi ofisine d\u00fczenli olarak gitmesinin ve sohbetlerde \u00f6n s\u0131ralarda oturmas\u0131n\u0131n istendi\u011fini iddia etti.<\/p>\n\n\n\n<p class=\"wp-block-paragraph\">Bu \u015fekilde yap\u0131lanmayla birlikte hareket etti\u011fi izleniminin olu\u015fturulmas\u0131n\u0131n ama\u00e7land\u0131\u011f\u0131n\u0131 ileri s\u00fcrd\u00fc.<\/p>\n\n\n\n<h2 class=\"wp-block-heading\">A\u0130LES\u0130 \u00dcZER\u0130NDEN TEHD\u0130T ED\u0130LD\u0130\u011e\u0130N\u0130 \u00d6NE S\u00dcRD\u00dc<\/h2>\n\n\n\n<p class=\"wp-block-paragraph\">Sar\u0131sa\u00e7l\u0131, ifadelerinde annesi, k\u0131z karde\u015fi ve \u00e7ocuklar\u0131n\u0131n da tehdit unsuru olarak kullan\u0131ld\u0131\u011f\u0131n\u0131 iddia etti.<\/p>\n\n\n\n<p class=\"wp-block-paragraph\">9 Kas\u0131m 2021 tarihli ifadesinde kendisinin ve ailesinin can g\u00fcvenli\u011fi konusunda endi\u015fe ta\u015f\u0131d\u0131\u011f\u0131n\u0131 belirterek koruma talebinde bulundu\u011funu s\u00f6yledi.<\/p>\n\n\n\n<h2 class=\"wp-block-heading\">TAK\u0130P ED\u0130LD\u0130\u011e\u0130N\u0130 DE \u0130DD\u0130A ETT\u0130<\/h2>\n\n\n\n<p class=\"wp-block-paragraph\">Sar\u0131sa\u00e7l\u0131, ka\u00e7\u0131r\u0131lmadan \u00f6nce de baz\u0131 ara\u00e7lar taraf\u0131ndan takip edildi\u011fini \u00f6ne s\u00fcrd\u00fc.<\/p>\n\n\n\n<p class=\"wp-block-paragraph\">Adana \u0130l Sa\u011fl\u0131k M\u00fcd\u00fcrl\u00fc\u011f\u00fc&#8217;ne giderken bir arac\u0131n kendisini takip etti\u011fini, h\u0131zland\u0131\u011f\u0131nda arac\u0131n da h\u0131zland\u0131\u011f\u0131n\u0131 ve yava\u015flad\u0131\u011f\u0131nda yava\u015flad\u0131\u011f\u0131n\u0131 iddia eden Sar\u0131sa\u00e7l\u0131, sonraki ifadelerinde baz\u0131 ara\u00e7lar\u0131n plaka ve g\u00fczergah bilgilerini de savc\u0131l\u0131\u011fa aktard\u0131\u011f\u0131n\u0131 belirtti.<\/p>\n\n\n\n<p class=\"wp-block-paragraph\">Ka\u00e7\u0131r\u0131ld\u0131\u011f\u0131 s\u0131rada telefonunun elinden al\u0131nd\u0131\u011f\u0131n\u0131 ve kendi hatt\u0131ndan baz\u0131 mesajlar g\u00f6nderildi\u011fini de iddia eden Sar\u0131sa\u00e7l\u0131, bu mesajlar\u0131n kendisi taraf\u0131ndan yaz\u0131lmad\u0131\u011f\u0131n\u0131 \u00f6ne s\u00fcrd\u00fc.<\/p>\n\n\n\n<h2 class=\"wp-block-heading\">SORU\u015eTURMA DOSYASINDA YER ALAN BEYANLAR \u0130NCELEN\u0130YOR<\/h2>\n\n\n\n<p class=\"wp-block-paragraph\">Koray Sar\u0131sa\u00e7l\u0131&#8217;n\u0131n farkl\u0131 tarihlerde verdi\u011fi ifadelerde \u00e7ok say\u0131da iddia ve su\u00e7lama yer ald\u0131. S\u00f6z konusu anlat\u0131mlar\u0131n soru\u015fturma kapsam\u0131nda de\u011ferlendirildi\u011fi belirtildi.<\/p>\n\n\n\n<p class=\"wp-block-paragraph\">\u0130fadelerde yer alan su\u00e7lamalar, soru\u015fturma kapsam\u0131nda kesinle\u015fmi\u015f yarg\u0131 karar\u0131 niteli\u011finde olmay\u0131p Sar\u0131sa\u00e7l\u0131&#8217;n\u0131n beyan ve iddialar\u0131ndan olu\u015fuyor.<\/p>\n\n\n\n<p class=\"wp-block-paragraph\">Soru\u015fturma kapsam\u0131nda ilgili ki\u015fi ve ki\u015filer hakk\u0131ndaki adli s\u00fcre\u00e7 devam ediyor.<\/p>\n","protected":false},"excerpt":{"rendered":"<p>Adana Cumhuriyet Ba\u015fsavc\u0131l\u0131\u011f\u0131 taraf\u0131ndan y\u00fcr\u00fct\u00fclen soru\u015fturma kapsam\u0131nda Koray Sar\u0131sa\u00e7l\u0131&#8217;n\u0131n farkl\u0131 tarihlerde verdi\u011fi ifadeler dosyaya girdi&#8230;.<\/p>\n","protected":false},"author":1,"featured_media":4463,"comment_status":"open","ping_status":"open","sticky":false,"template":"","format":"standard","meta":{"footnotes":""},"categories":[56],"tags":[],"ppma_author":[57],"class_list":["post-4462","post","type-post","status-publish","format-standard","has-post-thumbnail","hentry","category-guncel"],"authors":[{"term_id":57,"user_id":1,"is_guest":0,"slug":"admin","display_name":"Alp Aslan","avatar_url":"https:\/\/secure.gravatar.com\/avatar\/07c18c5ad3350b025db8f3328450e071acb435c703e565899c880c63362f137a?s=96&d=mm&r=g","author_category":"1","first_name":"Alp Aslan","last_name":"ER\u0130N","user_url":"http:\/\/www.gundem59.com.tr","job_title":"","description":""}],"_links":{"self":[{"href":"https:\/\/gundem59.com.tr\/index.php?rest_route=\/wp\/v2\/posts\/4462","targetHints":{"allow":["GET"]}}],"collection":[{"href":"https:\/\/gundem59.com.tr\/index.php?rest_route=\/wp\/v2\/posts"}],"about":[{"href":"https:\/\/gundem59.com.tr\/index.php?rest_route=\/wp\/v2\/types\/post"}],"author":[{"embeddable":true,"href":"https:\/\/gundem59.com.tr\/index.php?rest_route=\/wp\/v2\/users\/1"}],"replies":[{"embeddable":true,"href":"https:\/\/gundem59.com.tr\/index.php?rest_route=%2Fwp%2Fv2%2Fcomments&post=4462"}],"version-history":[{"count":1,"href":"https:\/\/gundem59.com.tr\/index.php?rest_route=\/wp\/v2\/posts\/4462\/revisions"}],"predecessor-version":[{"id":4464,"href":"https:\/\/gundem59.com.tr\/index.php?rest_route=\/wp\/v2\/posts\/4462\/revisions\/4464"}],"wp:featuredmedia":[{"embeddable":true,"href":"https:\/\/gundem59.com.tr\/index.php?rest_route=\/wp\/v2\/media\/4463"}],"wp:attachment":[{"href":"https:\/\/gundem59.com.tr\/index.php?rest_route=%2Fwp%2Fv2%2Fmedia&parent=4462"}],"wp:term":[{"taxonomy":"category","embeddable":true,"href":"https:\/\/gundem59.com.tr\/index.php?rest_route=%2Fwp%2Fv2%2Fcategories&post=4462"},{"taxonomy":"post_tag","embeddable":true,"href":"https:\/\/gundem59.com.tr\/index.php?rest_route=%2Fwp%2Fv2%2Ftags&post=4462"},{"taxonomy":"author","embeddable":true,"href":"https:\/\/gundem59.com.tr\/index.php?rest_route=%2Fwp%2Fv2%2Fppma_author&post=4462"}],"curies":[{"name":"wp","href":"https:\/\/api.w.org\/{rel}","templated":true}]}}