{"id":4459,"date":"2026-08-19T12:45:37","date_gmt":"2026-08-19T12:45:37","guid":{"rendered":"https:\/\/gundem59.com.tr\/?p=4459"},"modified":"2026-08-19T12:45:38","modified_gmt":"2026-08-19T12:45:38","slug":"alparslan-kuytul-ve-esi-gozaltina-alindi-sorusturmada-emanetci-uye-detayi","status":"publish","type":"post","link":"https:\/\/gundem59.com.tr\/?p=4459","title":{"rendered":"Alparslan Kuytul ve E\u015fi G\u00f6zalt\u0131na Al\u0131nd\u0131: Soru\u015fturmada &#8220;Emanet\u00e7i \u00dcye&#8221; Detay\u0131"},"content":{"rendered":"\n<p class=\"wp-block-paragraph\">Adana Cumhuriyet Ba\u015fsavc\u0131l\u0131\u011f\u0131 taraf\u0131ndan kamuoyunda &#8220;Kuytulcular&#8221; olarak bilinen yap\u0131lanmaya y\u00f6nelik y\u00fcr\u00fct\u00fclen soru\u015fturma kapsam\u0131nda Alparslan Kuytul ve e\u015fi dahil 32 \u015f\u00fcpheli hakk\u0131nda i\u015flem ba\u015flat\u0131ld\u0131.<\/p>\n\n\n\n<p class=\"wp-block-paragraph\">Ba\u015fsavc\u0131l\u0131\u011f\u0131n a\u00e7\u0131klamas\u0131na g\u00f6re, Adana merkezli olmak \u00fczere Ni\u011fde, Elaz\u0131\u011f, Osmaniye ve Gaziantep&#8217;te toplam 49 adrese e\u015f zamanl\u0131 operasyon d\u00fczenlendi.<\/p>\n\n\n\n<p class=\"wp-block-paragraph\">Soru\u015fturma kapsam\u0131nda \u00f6rg\u00fct kurma ve y\u00f6netme, \u00f6rg\u00fcte \u00fcye olma, su\u00e7tan kaynaklanan malvarl\u0131\u011f\u0131 de\u011ferlerini aklama, nitelikli doland\u0131r\u0131c\u0131l\u0131k, resmi belgede sahtecilik ve Vergi Usul Kanunu&#8217;na muhalefet su\u00e7lamalar\u0131 inceleniyor.<\/p>\n\n\n\n<h2 class=\"wp-block-heading\">5 \u0130LDE 49 ADRESE OPERASYON<\/h2>\n\n\n\n<p class=\"wp-block-paragraph\">Ba\u015fsavc\u0131l\u0131\u011f\u0131n bilgilendirme notuna g\u00f6re soru\u015fturma; C\u0130MER ba\u015fvurular\u0131, ma\u011fdur ve tan\u0131k beyanlar\u0131, mali analizler ile dijital materyallerin incelenmesi sonucunda geni\u015fletildi.<\/p>\n\n\n\n<p class=\"wp-block-paragraph\">19 A\u011fustos 2026&#8217;da Adana merkezli ger\u00e7ekle\u015ftirilen operasyonlarda 5 ilde toplam 49 adrese e\u015f zamanl\u0131 i\u015flem yap\u0131ld\u0131.<\/p>\n\n\n\n<p class=\"wp-block-paragraph\">\u015e\u00fcphelilerin yakalanmas\u0131na ve soru\u015fturma kapsam\u0131nda el koyma i\u015flemlerine ili\u015fkin \u00e7al\u0131\u015fmalar\u0131n s\u00fcrd\u00fc\u011f\u00fc bildirildi.<\/p>\n\n\n\n<h2 class=\"wp-block-heading\">SORU\u015eTURMANIN ODA\u011eINDA &#8220;EMANET\u00c7\u0130 \u00dcYELER&#8221; \u0130DD\u0130ASI<\/h2>\n\n\n\n<p class=\"wp-block-paragraph\">Soru\u015fturma dosyas\u0131ndaki tespitlerde dikkat \u00e7eken ba\u015fl\u0131klardan biri &#8220;emanet\u00e7i \u00fcye&#8221; olarak tan\u0131mlanan ki\u015filer oldu.<\/p>\n\n\n\n<p class=\"wp-block-paragraph\">Ba\u015fsavc\u0131l\u0131\u011f\u0131n a\u00e7\u0131klamas\u0131nda, yap\u0131lanma i\u00e7erisindeki baz\u0131 ki\u015filerin kendi adlar\u0131na \u015firket kurmaya, banka hesaplar\u0131n\u0131 kulland\u0131rmaya ve malvarl\u0131klar\u0131n\u0131 belirlenen ki\u015filere devretmeye zorland\u0131\u011f\u0131n\u0131n tespit edildi\u011fi belirtildi.<\/p>\n\n\n\n<p class=\"wp-block-paragraph\">M\u00fclklerin resmi olarak farkl\u0131 ki\u015filerin \u00fczerinde g\u00f6r\u00fcnmesine ra\u011fmen fiili kontrol\u00fcn yap\u0131lanma y\u00f6neticilerinde bulundu\u011funun de\u011ferlendirildi\u011fi aktar\u0131ld\u0131.<\/p>\n\n\n\n<h2 class=\"wp-block-heading\">BA\u011eI\u015eLARIN T\u0130CAR\u0130 YAPILAR \u00dcZER\u0130NDEN DOLA\u015eTIRILDI\u011eI \u0130DD\u0130ASI<\/h2>\n\n\n\n<p class=\"wp-block-paragraph\">Soru\u015fturma kapsam\u0131nda &#8220;infak&#8221;, kurban ba\u011f\u0131\u015f\u0131, Ramazan kolisi, zek\u00e2t, fitre ve \u00f6\u011frenci yard\u0131m\u0131 gibi ba\u015fl\u0131klarla toplanan paralar\u0131n kay\u0131t d\u0131\u015f\u0131 tutuldu\u011fu ve daha sonra ba\u011flant\u0131l\u0131 ki\u015filer ile ticari i\u015fletmeler \u00fczerinden dola\u015f\u0131ma sokuldu\u011funun tespit edildi\u011fi \u00f6ne s\u00fcr\u00fcld\u00fc.<\/p>\n\n\n\n<p class=\"wp-block-paragraph\">Ba\u015fsavc\u0131l\u0131k, bu gelirlerin ticari yap\u0131lar kullan\u0131larak akland\u0131\u011f\u0131 y\u00f6n\u00fcndeki iddialar\u0131n soru\u015fturma kapsam\u0131nda incelendi\u011fini bildirdi.<\/p>\n\n\n\n<p class=\"wp-block-paragraph\">Mali faaliyetlerde kullan\u0131ld\u0131\u011f\u0131 de\u011ferlendirilen baz\u0131 \u015firketlere y\u00f6netim kayy\u0131m\u0131 atanmas\u0131n\u0131n talep edildi\u011fi belirtildi.<\/p>\n\n\n\n<h2 class=\"wp-block-heading\">2018 SONRASI YEN\u0130DEN YAPILANMA \u0130DD\u0130ASI<\/h2>\n\n\n\n<p class=\"wp-block-paragraph\">Ba\u015fsavc\u0131l\u0131\u011f\u0131n a\u00e7\u0131klamas\u0131nda, yap\u0131lanmaya y\u00f6nelik 2018 y\u0131l\u0131nda da adli i\u015flemler ger\u00e7ekle\u015ftirildi\u011fi hat\u0131rlat\u0131ld\u0131.<\/p>\n\n\n\n<p class=\"wp-block-paragraph\">A\u00e7\u0131klamaya g\u00f6re yap\u0131lanman\u0131n, bu s\u00fcre\u00e7ten sonra da lider merkezli hiyerar\u015fik yap\u0131s\u0131n\u0131 korudu\u011fu ve farkl\u0131 ki\u015filer ile ticari i\u015fletmeler \u00fczerinden yeniden organize oldu\u011fu de\u011ferlendirildi.<\/p>\n\n\n\n<h2 class=\"wp-block-heading\">AYRILANLARA BASKI \u0130DD\u0130ASI<\/h2>\n\n\n\n<p class=\"wp-block-paragraph\">Soru\u015fturma kapsam\u0131nda yap\u0131lanmadan ayr\u0131lan veya faaliyetleri ele\u015ftiren ki\u015filerin topluluk i\u00e7erisinde hedef g\u00f6sterildi\u011fi, \u00f6zel hayatlar\u0131 \u00fczerinden bask\u0131 alt\u0131na al\u0131nd\u0131\u011f\u0131 ve sosyal medya \u00fczerinden sistematik \u015fekilde hedef al\u0131nd\u0131\u011f\u0131n\u0131n tespit edildi\u011fi bildirildi.<\/p>\n\n\n\n<p class=\"wp-block-paragraph\">Ba\u015fsavc\u0131l\u0131k, propaganda yapt\u0131\u011f\u0131 ve muhalif ki\u015fileri hedef g\u00f6sterdi\u011fi de\u011ferlendirilen 349 sosyal medya hesab\u0131na eri\u015fim engeli getirildi\u011fini a\u00e7\u0131klad\u0131.<\/p>\n\n\n\n<h2 class=\"wp-block-heading\">2022&#8217;DEK\u0130 ZORLA V\u0130DEO \u00c7EKT\u0130RME DOSYASI DA S\u00dcR\u00dcYOR<\/h2>\n\n\n\n<p class=\"wp-block-paragraph\">A\u00e7\u0131klamada, 2022 y\u0131l\u0131nda bir \u00f6rg\u00fct mensubunun h\u00fcrriyetinden yoksun b\u0131rak\u0131larak malvarl\u0131\u011f\u0131n\u0131 devretmeye zorland\u0131\u011f\u0131 ve kendisine zorla video \u00e7ektirildi\u011fi iddialar\u0131yla a\u00e7\u0131lan kamu davas\u0131n\u0131n devam etti\u011fi de hat\u0131rlat\u0131ld\u0131.<\/p>\n\n\n\n<p class=\"wp-block-paragraph\">Bu dosyan\u0131n mevcut soru\u015fturmayla ba\u011flant\u0131l\u0131 \u015fekilde de\u011ferlendirildi\u011fi belirtildi.<\/p>\n\n\n\n<h2 class=\"wp-block-heading\">BA\u015eSAVCILIK: &#8220;HEDEF \u0130NAN\u00c7 DE\u011e\u0130L, \u0130DD\u0130A ED\u0130LEN SU\u00c7 EYLEMLER\u0130&#8221;<\/h2>\n\n\n\n<p class=\"wp-block-paragraph\">Adana Cumhuriyet Ba\u015fsavc\u0131l\u0131\u011f\u0131, soru\u015fturman\u0131n herhangi bir inan\u00e7 veya d\u00fc\u015f\u00fcnce nedeniyle y\u00fcr\u00fct\u00fclmedi\u011fini vurgulad\u0131.<\/p>\n\n\n\n<p class=\"wp-block-paragraph\">Ba\u015fsavc\u0131l\u0131k, soru\u015fturman\u0131n dini grup ve g\u00f6n\u00fcll\u00fcl\u00fck faaliyeti g\u00f6r\u00fcnt\u00fcs\u00fc alt\u0131nda ger\u00e7ekle\u015ftirildi\u011fi iddia edilen su\u00e7 eylemleri, ki\u015filerin dini ve insani duygular\u0131n\u0131n istismar edilmesi yoluyla topland\u0131\u011f\u0131 de\u011ferlendirilen paralar, ma\u011fduriyet iddialar\u0131 ve elde edilen gelirlerin ticari yap\u0131lar arac\u0131l\u0131\u011f\u0131yla aklanmas\u0131 \u00fczerine y\u00fcr\u00fct\u00fcld\u00fc\u011f\u00fcn\u00fc bildirdi.<\/p>\n\n\n\n<h2 class=\"wp-block-heading\">MA\u011eDURLARA BA\u015eVURU \u00c7A\u011eRISI<\/h2>\n\n\n\n<p class=\"wp-block-paragraph\">Ba\u015fsavc\u0131l\u0131k, ba\u011f\u0131\u015f ad\u0131 alt\u0131nda yan\u0131lt\u0131ld\u0131\u011f\u0131n\u0131, malvarl\u0131\u011f\u0131n\u0131 devretmeye zorland\u0131\u011f\u0131n\u0131, bask\u0131 veya tehdit g\u00f6rd\u00fc\u011f\u00fcn\u00fc belirten ki\u015filere Cumhuriyet Ba\u015fsavc\u0131l\u0131\u011f\u0131na veya kolluk kuvvetlerine ba\u015fvurmalar\u0131 \u00e7a\u011fr\u0131s\u0131nda bulundu.<\/p>\n\n\n\n<p class=\"wp-block-paragraph\">\u0130hbar ve \u015fik\u00e2yette bulunan ki\u015filere y\u00f6nelik bask\u0131 eylemlerinin de ayr\u0131ca soru\u015fturulaca\u011f\u0131 belirtildi.<\/p>\n\n\n\n<p class=\"wp-block-paragraph\">Soru\u015fturma kapsam\u0131nda g\u00f6zalt\u0131na al\u0131nan ki\u015filer hakk\u0131ndaki su\u00e7lamalar hen\u00fcz kesinle\u015fmi\u015f bir mahk\u00fbmiyet karar\u0131 anlam\u0131na gelmiyor. Adli s\u00fcre\u00e7 devam ediyor.<\/p>\n","protected":false},"excerpt":{"rendered":"<p>Adana Cumhuriyet Ba\u015fsavc\u0131l\u0131\u011f\u0131 taraf\u0131ndan kamuoyunda &#8220;Kuytulcular&#8221; olarak bilinen yap\u0131lanmaya y\u00f6nelik y\u00fcr\u00fct\u00fclen soru\u015fturma kapsam\u0131nda Alparslan Kuytul&#8230;<\/p>\n","protected":false},"author":1,"featured_media":4460,"comment_status":"open","ping_status":"open","sticky":false,"template":"","format":"standard","meta":{"footnotes":""},"categories":[56],"tags":[],"ppma_author":[57],"class_list":["post-4459","post","type-post","status-publish","format-standard","has-post-thumbnail","hentry","category-guncel"],"authors":[{"term_id":57,"user_id":1,"is_guest":0,"slug":"admin","display_name":"Alp Aslan","avatar_url":"https:\/\/secure.gravatar.com\/avatar\/07c18c5ad3350b025db8f3328450e071acb435c703e565899c880c63362f137a?s=96&d=mm&r=g","author_category":"1","first_name":"Alp Aslan","last_name":"ER\u0130N","user_url":"http:\/\/www.gundem59.com.tr","job_title":"","description":""}],"_links":{"self":[{"href":"https:\/\/gundem59.com.tr\/index.php?rest_route=\/wp\/v2\/posts\/4459","targetHints":{"allow":["GET"]}}],"collection":[{"href":"https:\/\/gundem59.com.tr\/index.php?rest_route=\/wp\/v2\/posts"}],"about":[{"href":"https:\/\/gundem59.com.tr\/index.php?rest_route=\/wp\/v2\/types\/post"}],"author":[{"embeddable":true,"href":"https:\/\/gundem59.com.tr\/index.php?rest_route=\/wp\/v2\/users\/1"}],"replies":[{"embeddable":true,"href":"https:\/\/gundem59.com.tr\/index.php?rest_route=%2Fwp%2Fv2%2Fcomments&post=4459"}],"version-history":[{"count":1,"href":"https:\/\/gundem59.com.tr\/index.php?rest_route=\/wp\/v2\/posts\/4459\/revisions"}],"predecessor-version":[{"id":4461,"href":"https:\/\/gundem59.com.tr\/index.php?rest_route=\/wp\/v2\/posts\/4459\/revisions\/4461"}],"wp:featuredmedia":[{"embeddable":true,"href":"https:\/\/gundem59.com.tr\/index.php?rest_route=\/wp\/v2\/media\/4460"}],"wp:attachment":[{"href":"https:\/\/gundem59.com.tr\/index.php?rest_route=%2Fwp%2Fv2%2Fmedia&parent=4459"}],"wp:term":[{"taxonomy":"category","embeddable":true,"href":"https:\/\/gundem59.com.tr\/index.php?rest_route=%2Fwp%2Fv2%2Fcategories&post=4459"},{"taxonomy":"post_tag","embeddable":true,"href":"https:\/\/gundem59.com.tr\/index.php?rest_route=%2Fwp%2Fv2%2Ftags&post=4459"},{"taxonomy":"author","embeddable":true,"href":"https:\/\/gundem59.com.tr\/index.php?rest_route=%2Fwp%2Fv2%2Fppma_author&post=4459"}],"curies":[{"name":"wp","href":"https:\/\/api.w.org\/{rel}","templated":true}]}}