{"id":4453,"date":"2026-08-19T12:38:58","date_gmt":"2026-08-19T12:38:58","guid":{"rendered":"https:\/\/gundem59.com.tr\/?p=4453"},"modified":"2026-08-19T12:38:59","modified_gmt":"2026-08-19T12:38:59","slug":"durusmaya-damga-vuran-diyalog-imamoglu-para-istedin-diyen-sanikla-yuzlesti","status":"publish","type":"post","link":"https:\/\/gundem59.com.tr\/?p=4453","title":{"rendered":"Duru\u015fmaya Damga Vuran Diyalog: \u0130mamo\u011flu, &#8220;Para \u0130stedin&#8221; Diyen San\u0131kla Y\u00fczle\u015fti"},"content":{"rendered":"\n<p class=\"wp-block-paragraph\">G\u00f6revden al\u0131nan \u0130stanbul B\u00fcy\u00fck\u015fehir Belediye Ba\u015fkan\u0131 Ekrem \u0130mamo\u011flu&#8217;nun da san\u0131klar\u0131 aras\u0131nda bulundu\u011fu davan\u0131n duru\u015fmas\u0131nda, \u0130mamo\u011flu ile san\u0131k Cemal \u00dcne\u015f aras\u0131nda ge\u00e7en diyalog dikkat \u00e7ekti.<\/p>\n\n\n\n<p class=\"wp-block-paragraph\">\u0130stanbul Cumhuriyet Ba\u015fsavc\u0131l\u0131\u011f\u0131 taraf\u0131ndan y\u00fcr\u00fct\u00fclen soru\u015fturma kapsam\u0131nda a\u00e7\u0131lan, 53&#8217;\u00fc tutuklu 414 san\u0131\u011f\u0131n yarg\u0131land\u0131\u011f\u0131 davan\u0131n duru\u015fmas\u0131na \u0130stanbul 33. A\u011f\u0131r Ceza Mahkemesi&#8217;nde devam edildi.<\/p>\n\n\n\n<p class=\"wp-block-paragraph\">Duru\u015fmada san\u0131k Cemal \u00dcne\u015f savunmas\u0131n\u0131 yaparken, \u0130mamo\u011flu&#8217;nun kendisinden 500 bin lira istedi\u011fini \u00f6ne s\u00fcrd\u00fc. Bunun \u00fczerine \u0130mamo\u011flu ile \u00dcne\u015f aras\u0131nda kar\u015f\u0131l\u0131kl\u0131 soru ve cevaplar\u0131n ya\u015fand\u0131\u011f\u0131 bir y\u00fczle\u015fme ger\u00e7ekle\u015fti.<\/p>\n\n\n\n<h2 class=\"wp-block-heading\">&#8220;EM\u0130N M\u0130S\u0130N BEN SENDEN PARA \u0130STED\u0130M?&#8221;<\/h2>\n\n\n\n<p class=\"wp-block-paragraph\">\u0130mamo\u011flu, \u00dcne\u015f&#8217;e kendisinden para istedi\u011fi y\u00f6n\u00fcndeki iddias\u0131nda emin olup olmad\u0131\u011f\u0131n\u0131 sordu.<\/p>\n\n\n\n<p class=\"wp-block-paragraph\">\u00dcne\u015f ise \u0130mamo\u011flu&#8217;nun kendisinden 500 bin lira istedi\u011fi konusunda emin oldu\u011funu belirtti.<\/p>\n\n\n\n<p class=\"wp-block-paragraph\">\u0130mamo\u011flu&#8217;nun sorular\u0131n\u0131 s\u00fcrd\u00fcrmesi \u00fczerine \u00dcne\u015f, s\u00f6z konusu paran\u0131n se\u00e7im d\u00f6neminde yap\u0131lmas\u0131 planlanan bir \u00e7al\u0131\u015fmayla ba\u011flant\u0131l\u0131 oldu\u011funu ve kendisine 500 bin lira gerekti\u011finin s\u00f6ylendi\u011fini iddia etti.<\/p>\n\n\n\n<h2 class=\"wp-block-heading\">&#8220;MEHMET \u00c7AKILCIO\u011eLU&#8217;NA Y\u00d6NLEND\u0130RD\u0130N&#8221;<\/h2>\n\n\n\n<p class=\"wp-block-paragraph\">\u00dcne\u015f, savunmas\u0131nda \u0130mamo\u011flu&#8217;nun kendisini Mehmet \u00c7ak\u0131lc\u0131o\u011flu&#8217;na y\u00f6nlendirdi\u011fini ve daha sonra be\u015f senet d\u00fczenlendi\u011fini \u00f6ne s\u00fcrd\u00fc.<\/p>\n\n\n\n<p class=\"wp-block-paragraph\">\u0130mamo\u011flu ise bu anlat\u0131m kar\u015f\u0131s\u0131nda \u015fa\u015fk\u0131nl\u0131\u011f\u0131n\u0131 dile getirerek senet d\u00fczenlenip d\u00fczenlenmedi\u011fini sordu.<\/p>\n\n\n\n<p class=\"wp-block-paragraph\">\u00dcne\u015f, senetlerin d\u00fczenlendi\u011fini s\u00f6yledi.<\/p>\n\n\n\n<h2 class=\"wp-block-heading\">D\u0130YALOG D\u0130KKAT \u00c7EKT\u0130<\/h2>\n\n\n\n<p class=\"wp-block-paragraph\">Duru\u015fma salonundaki konu\u015fma \u015fu \u015fekilde ger\u00e7ekle\u015fti:<\/p>\n\n\n\n<p class=\"wp-block-paragraph\"><strong>Ekrem \u0130mamo\u011flu:<\/strong> Cemal Abi, emin misin? Ben senden para istedim yani, \u00f6yle mi?<\/p>\n\n\n\n<p class=\"wp-block-paragraph\"><strong>Cemal \u00dcne\u015f:<\/strong> \u0130stedin ba\u015fkan\u0131m.<\/p>\n\n\n\n<p class=\"wp-block-paragraph\"><strong>Ekrem \u0130mamo\u011flu:<\/strong> Emin misin ben senden para istedim yani?<\/p>\n\n\n\n<p class=\"wp-block-paragraph\"><strong>Cemal \u00dcne\u015f:<\/strong> Eminim ba\u015fkan\u0131m.<\/p>\n\n\n\n<p class=\"wp-block-paragraph\"><strong>Ekrem \u0130mamo\u011flu:<\/strong> Emin misin yani? Soruyorum sana.<\/p>\n\n\n\n<p class=\"wp-block-paragraph\"><strong>Cemal \u00dcne\u015f:<\/strong> Eminim tabii, niye?<\/p>\n\n\n\n<p class=\"wp-block-paragraph\"><strong>Ekrem \u0130mamo\u011flu:<\/strong> Ben senden para istedim ve paray\u0131 getirdin, verdin, yollad\u0131n.<\/p>\n\n\n\n<p class=\"wp-block-paragraph\"><strong>Cemal \u00dcne\u015f:<\/strong> O \u015fartlarda dedin ki&#8230; Hat\u0131r\u0131mda \u015f\u00f6yle var: &#8220;Se\u00e7ime mi girsem&#8221; dedin bir yere. Senin se\u00e7im merkezinin oldu\u011fu yere bir yat\u0131r\u0131m, bir \u015fey s\u00f6yledin. &#8220;Buraya bir para laz\u0131m&#8221; dedin, 500 bin lira. Ben de sana &#8220;Sen benim durumumu a\u015fa\u011f\u0131 yukar\u0131 bilmen laz\u0131m, benim \u00f6yle bir para \u00f6deyecek durumum yok. \u0130n\u015faat\u0131 yeni bitirdim, zaten bor\u00e7lanm\u0131\u015f\u0131m&#8221; dedim.<\/p>\n\n\n\n<p class=\"wp-block-paragraph\"><strong>Ekrem \u0130mamo\u011flu:<\/strong> Ben de sana dedim ki 500 bin lira vereceksin, \u00f6yle mi?<\/p>\n\n\n\n<p class=\"wp-block-paragraph\"><strong>Cemal \u00dcne\u015f:<\/strong> Evet. Mehmet \u00c7ak\u0131lc\u0131o\u011flu&#8217;na y\u00f6nlendirdin. Biz ondan bir senet yapt\u0131k, be\u015f tane.<\/p>\n\n\n\n<p class=\"wp-block-paragraph\"><strong>Ekrem \u0130mamo\u011flu:<\/strong> Allah Allah&#8230; Senet de yapt\u0131n yani bir de&#8230;<\/p>\n\n\n\n<p class=\"wp-block-paragraph\"><strong>Cemal \u00dcne\u015f:<\/strong> Senet yapt\u0131k, evet aynen \u00f6yle.<\/p>\n\n\n\n<p class=\"wp-block-paragraph\"><strong>Ekrem \u0130mamo\u011flu:<\/strong> Allah Allah. Vah ki ne vah, ne diyeyim sana? Allah yard\u0131mc\u0131n olsun senin.<\/p>\n\n\n\n<p class=\"wp-block-paragraph\"><strong>Cemal \u00dcne\u015f:<\/strong> Benim de\u011fil de senin de yard\u0131mc\u0131n olsun. Ne diyelim yani?<\/p>\n\n\n\n<p class=\"wp-block-paragraph\">Duru\u015fmada ya\u015fanan bu kar\u015f\u0131l\u0131kl\u0131 konu\u015fma, davan\u0131n bug\u00fcnk\u00fc oturumunda \u00f6ne \u00e7\u0131kan geli\u015fmeler aras\u0131nda yer ald\u0131. San\u0131klar\u0131n savunmalar\u0131 ve taraflar\u0131n beyanlar\u0131 do\u011frultusunda yarg\u0131lama devam ediyor.<\/p>\n","protected":false},"excerpt":{"rendered":"<p>G\u00f6revden al\u0131nan \u0130stanbul B\u00fcy\u00fck\u015fehir Belediye Ba\u015fkan\u0131 Ekrem \u0130mamo\u011flu&#8217;nun da san\u0131klar\u0131 aras\u0131nda bulundu\u011fu davan\u0131n duru\u015fmas\u0131nda, \u0130mamo\u011flu&#8230;<\/p>\n","protected":false},"author":1,"featured_media":4454,"comment_status":"open","ping_status":"open","sticky":false,"template":"","format":"standard","meta":{"footnotes":""},"categories":[56],"tags":[],"ppma_author":[57],"class_list":["post-4453","post","type-post","status-publish","format-standard","has-post-thumbnail","hentry","category-guncel"],"authors":[{"term_id":57,"user_id":1,"is_guest":0,"slug":"admin","display_name":"Alp Aslan","avatar_url":"https:\/\/secure.gravatar.com\/avatar\/07c18c5ad3350b025db8f3328450e071acb435c703e565899c880c63362f137a?s=96&d=mm&r=g","author_category":"1","first_name":"Alp Aslan","last_name":"ER\u0130N","user_url":"http:\/\/www.gundem59.com.tr","job_title":"","description":""}],"_links":{"self":[{"href":"https:\/\/gundem59.com.tr\/index.php?rest_route=\/wp\/v2\/posts\/4453","targetHints":{"allow":["GET"]}}],"collection":[{"href":"https:\/\/gundem59.com.tr\/index.php?rest_route=\/wp\/v2\/posts"}],"about":[{"href":"https:\/\/gundem59.com.tr\/index.php?rest_route=\/wp\/v2\/types\/post"}],"author":[{"embeddable":true,"href":"https:\/\/gundem59.com.tr\/index.php?rest_route=\/wp\/v2\/users\/1"}],"replies":[{"embeddable":true,"href":"https:\/\/gundem59.com.tr\/index.php?rest_route=%2Fwp%2Fv2%2Fcomments&post=4453"}],"version-history":[{"count":1,"href":"https:\/\/gundem59.com.tr\/index.php?rest_route=\/wp\/v2\/posts\/4453\/revisions"}],"predecessor-version":[{"id":4455,"href":"https:\/\/gundem59.com.tr\/index.php?rest_route=\/wp\/v2\/posts\/4453\/revisions\/4455"}],"wp:featuredmedia":[{"embeddable":true,"href":"https:\/\/gundem59.com.tr\/index.php?rest_route=\/wp\/v2\/media\/4454"}],"wp:attachment":[{"href":"https:\/\/gundem59.com.tr\/index.php?rest_route=%2Fwp%2Fv2%2Fmedia&parent=4453"}],"wp:term":[{"taxonomy":"category","embeddable":true,"href":"https:\/\/gundem59.com.tr\/index.php?rest_route=%2Fwp%2Fv2%2Fcategories&post=4453"},{"taxonomy":"post_tag","embeddable":true,"href":"https:\/\/gundem59.com.tr\/index.php?rest_route=%2Fwp%2Fv2%2Ftags&post=4453"},{"taxonomy":"author","embeddable":true,"href":"https:\/\/gundem59.com.tr\/index.php?rest_route=%2Fwp%2Fv2%2Fppma_author&post=4453"}],"curies":[{"name":"wp","href":"https:\/\/api.w.org\/{rel}","templated":true}]}}