{"id":445,"date":"2026-04-23T08:32:11","date_gmt":"2026-04-23T08:32:11","guid":{"rendered":"https:\/\/gundem59.com.tr\/?p=445"},"modified":"2026-04-23T08:32:12","modified_gmt":"2026-04-23T08:32:12","slug":"valimiz-sayin-recep-soyturkun-23-nisan-ulusal-egemenlik-ve-cocuk-bayrami-mesaji","status":"publish","type":"post","link":"https:\/\/gundem59.com.tr\/?p=445","title":{"rendered":"Valimiz Say\u0131n Recep Soyt\u00fcrk&#8217;\u00fcn 23 Nisan Ulusal Egemenlik ve \u00c7ocuk Bayram\u0131 Mesaj\u0131"},"content":{"rendered":"\n<p class=\"wp-block-paragraph\">23 Nisan 1920 tarihinde a\u00e7\u0131lan T\u00fcrkiye B\u00fcy\u00fck Millet Meclisi, Mustafa Kemal Atat\u00fcrk&#8217;\u00fcn \u00f6nderli\u011finde yokluklar ve g\u00fc\u00e7l\u00fckler i\u00e7inde Milli M\u00fccadele&#8217;yi y\u00f6netmi\u015f Y\u00fcce T\u00fcrk Milleti&#8217;ni zaferlere ta\u015f\u0131m\u0131\u015ft\u0131r.<\/p>\n\n\n\n<p class=\"wp-block-paragraph\">106 y\u0131l \u00f6nce ortaya \u00e7\u0131kan bu irade, vatan topraklar\u0131n\u0131 i\u015fgalden kurtararak, sonsuza kadar ya\u015fayacak olan T\u00fcrkiye Cumhuriyeti Devleti&#8217;ni kurmu\u015ftur.<\/p>\n\n\n\n<p class=\"wp-block-paragraph\">&#8220;H\u00e2kimiyet kay\u0131ts\u0131z \u015farts\u0131z milletindir.&#8221; \u015fiar\u0131yla kurulan T\u00fcrkiye B\u00fcy\u00fck Millet Meclisi; ezelden beri h\u00fcr ve onurlu ya\u015famay\u0131 kendine ilke edinen Milletimizin egemenli\u011finin, birlik ve beraberli\u011finin timsali, m\u00fcreffeh yar\u0131nlar\u0131m\u0131z\u0131n teminat\u0131 olmu\u015ftur.<\/p>\n\n\n\n<p class=\"wp-block-paragraph\">Sevgili \u00c7ocuklar;<\/p>\n\n\n\n<p class=\"wp-block-paragraph\">23 Nisan ayn\u0131 zamanda sizlerin bayram\u0131d\u0131r. Bu bayram\u0131n sizlere hediye edilmesi, ayn\u0131 zamanda size g\u00f6rev ve sorumluluklar da y\u00fcklemi\u015ftir.<\/p>\n\n\n\n<p class=\"wp-block-paragraph\">Sizler, g\u00fcn gelecek \u00fclkemizin sanat\u00e7\u0131lar\u0131, sporcular\u0131, y\u00f6neticileri, i\u015f adamlar\u0131, bilim insanlar\u0131, siyaset\u00e7ileri vb. olacaks\u0131n\u0131z. Cumhuriyetimizi daha ilerilere ta\u015f\u0131mak, onu muas\u0131r medeniyetler seviyesinin \u00fczerine \u00e7\u0131karmak i\u00e7in sizlere \u00e7ok b\u00fcy\u00fck g\u00f6revler d\u00fc\u015fmektedir.<\/p>\n\n\n\n<p class=\"wp-block-paragraph\">T\u00fcrkiye Cumhuriyeti d\u00fcnyan\u0131n en geli\u015fmi\u015f ve m\u00fcreffeh \u00fclkesi oluncaya kadar var g\u00fcc\u00fcn\u00fczle \u00e7al\u0131\u015fmal\u0131s\u0131n\u0131z. Kendinizi iyi yeti\u015ftirmeli, okuyan, ara\u015ft\u0131ran, sorgulayan, ba\u015fkalar\u0131na sayg\u0131l\u0131 bireyler olarak yeti\u015fmelisiniz.<\/p>\n\n\n\n<p class=\"wp-block-paragraph\">Bizler de kurum ve kurulu\u015flar\u0131m\u0131zla en iyi \u015fekilde yeti\u015fmeniz i\u00e7in gerekli destek ve alt yap\u0131n\u0131n sa\u011flanmas\u0131 konusunda b\u00fcy\u00fck \u00e7aba i\u00e7erisinde olaca\u011f\u0131z.<\/p>\n\n\n\n<p class=\"wp-block-paragraph\">TBMM&#8217;nin a\u00e7\u0131l\u0131\u015f\u0131n\u0131n 106. y\u0131l\u0131n\u0131 ve 23 Nisan Ulusal Egemenlik ve \u00c7ocuk Bayram\u0131&#8217;n\u0131 en i\u00e7ten dileklerimle kutluyor; gelece\u011fimizin teminat\u0131 olan \u00e7ocuklar\u0131m\u0131z\u0131 sevgiyle selaml\u0131yor, g\u00f6zlerinden \u00f6p\u00fcyorum.<\/p>\n\n\n\n<p class=\"wp-block-paragraph\">Bu anlaml\u0131 g\u00fcnde, Cumhuriyetimizin kurucusu Gazi Mustafa Kemal Atat\u00fcrk&#8217;\u00fc, Kurtulu\u015f Sava\u015f\u0131&#8217;m\u0131z\u0131n t\u00fcm kahramanlar\u0131n\u0131, vatan\u0131m\u0131z\u0131n bekas\u0131 i\u00e7in canlar\u0131n\u0131 feda eden \u015eehitlerimizi ve Birinci Meclisimizin \u00fcyelerini rahmetle ve minnetle an\u0131yorum.<\/p>\n","protected":false},"excerpt":{"rendered":"<p>23 Nisan 1920 tarihinde a\u00e7\u0131lan T\u00fcrkiye B\u00fcy\u00fck Millet Meclisi, Mustafa Kemal Atat\u00fcrk&#8217;\u00fcn \u00f6nderli\u011finde yokluklar ve&#8230;<\/p>\n","protected":false},"author":1,"featured_media":446,"comment_status":"closed","ping_status":"closed","sticky":false,"template":"","format":"standard","meta":{"footnotes":""},"categories":[1],"tags":[],"ppma_author":[57],"class_list":["post-445","post","type-post","status-publish","format-standard","has-post-thumbnail","hentry","category-tekirdag-gundemi"],"authors":[{"term_id":57,"user_id":1,"is_guest":0,"slug":"admin","display_name":"Alp Aslan","avatar_url":"https:\/\/secure.gravatar.com\/avatar\/07c18c5ad3350b025db8f3328450e071acb435c703e565899c880c63362f137a?s=96&d=mm&r=g","author_category":"1","first_name":"Alp Aslan","last_name":"ER\u0130N","user_url":"http:\/\/www.gundem59.com.tr","job_title":"","description":""}],"_links":{"self":[{"href":"https:\/\/gundem59.com.tr\/index.php?rest_route=\/wp\/v2\/posts\/445","targetHints":{"allow":["GET"]}}],"collection":[{"href":"https:\/\/gundem59.com.tr\/index.php?rest_route=\/wp\/v2\/posts"}],"about":[{"href":"https:\/\/gundem59.com.tr\/index.php?rest_route=\/wp\/v2\/types\/post"}],"author":[{"embeddable":true,"href":"https:\/\/gundem59.com.tr\/index.php?rest_route=\/wp\/v2\/users\/1"}],"replies":[{"embeddable":true,"href":"https:\/\/gundem59.com.tr\/index.php?rest_route=%2Fwp%2Fv2%2Fcomments&post=445"}],"version-history":[{"count":1,"href":"https:\/\/gundem59.com.tr\/index.php?rest_route=\/wp\/v2\/posts\/445\/revisions"}],"predecessor-version":[{"id":447,"href":"https:\/\/gundem59.com.tr\/index.php?rest_route=\/wp\/v2\/posts\/445\/revisions\/447"}],"wp:featuredmedia":[{"embeddable":true,"href":"https:\/\/gundem59.com.tr\/index.php?rest_route=\/wp\/v2\/media\/446"}],"wp:attachment":[{"href":"https:\/\/gundem59.com.tr\/index.php?rest_route=%2Fwp%2Fv2%2Fmedia&parent=445"}],"wp:term":[{"taxonomy":"category","embeddable":true,"href":"https:\/\/gundem59.com.tr\/index.php?rest_route=%2Fwp%2Fv2%2Fcategories&post=445"},{"taxonomy":"post_tag","embeddable":true,"href":"https:\/\/gundem59.com.tr\/index.php?rest_route=%2Fwp%2Fv2%2Ftags&post=445"},{"taxonomy":"author","embeddable":true,"href":"https:\/\/gundem59.com.tr\/index.php?rest_route=%2Fwp%2Fv2%2Fppma_author&post=445"}],"curies":[{"name":"wp","href":"https:\/\/api.w.org\/{rel}","templated":true}]}}