{"id":4449,"date":"2026-08-19T12:36:12","date_gmt":"2026-08-19T12:36:12","guid":{"rendered":"https:\/\/gundem59.com.tr\/?p=4449"},"modified":"2026-08-19T12:36:14","modified_gmt":"2026-08-19T12:36:14","slug":"feth-i-kabir-karari-verildi-arif-ahmet-denizolgunun-mezari-acilacak","status":"publish","type":"post","link":"https:\/\/gundem59.com.tr\/?p=4449","title":{"rendered":"Feth-i Kabir Karar\u0131 Verildi! Arif Ahmet Denizolgun\u2019un Mezar\u0131 A\u00e7\u0131lacak"},"content":{"rendered":"\n<p class=\"wp-block-paragraph\">S\u00fcleymanc\u0131lar cemaatinin eski lideri ve eski Ula\u015ft\u0131rma Bakan\u0131 Arif Ahmet Denizolgun\u2019un \u00f6l\u00fcm\u00fcne ili\u015fkin y\u00fcr\u00fct\u00fclen soru\u015fturmada yeni bir geli\u015fme ya\u015fand\u0131.<\/p>\n\n\n\n<p class=\"wp-block-paragraph\">Bak\u0131rk\u00f6y Cumhuriyet Ba\u015fsavc\u0131l\u0131\u011f\u0131\u2019n\u0131n talebi \u00fczerine Denizolgun hakk\u0131nda <strong>feth-i kabir karar\u0131<\/strong> verildi. Karar do\u011frultusunda mezar\u0131n a\u00e7\u0131lmas\u0131 ve naa\u015f \u00fczerinde yeniden adli inceleme yap\u0131lmas\u0131 bekleniyor.<\/p>\n\n\n\n<h2 class=\"wp-block-heading\">MEZAR A\u00c7ILARAK YEN\u0130DEN \u0130NCELEME YAPILACAK<\/h2>\n\n\n\n<p class=\"wp-block-paragraph\">Feth-i kabir i\u015flemi kapsam\u0131nda Denizolgun\u2019un naa\u015f\u0131 mezardan \u00e7\u0131kar\u0131larak Adli T\u0131p incelemesine tabi tutulacak.<\/p>\n\n\n\n<p class=\"wp-block-paragraph\">Yap\u0131lacak incelemelerle Denizolgun\u2019un \u00f6l\u00fcm nedeninin yeniden de\u011ferlendirilmesi ve soru\u015fturma kapsam\u0131nda ortaya at\u0131lan iddialar\u0131n bilimsel veriler \u0131\u015f\u0131\u011f\u0131nda ara\u015ft\u0131r\u0131lmas\u0131 ama\u00e7lan\u0131yor.<\/p>\n\n\n\n<p class=\"wp-block-paragraph\">\u0130ncelemenin ard\u0131ndan haz\u0131rlanacak Adli T\u0131p raporunun soru\u015fturman\u0131n seyrinde \u00f6nemli rol oynamas\u0131 bekleniyor.<\/p>\n\n\n\n<figure class=\"wp-block-image size-full\"><img  title=\"\" loading=\"lazy\" decoding=\"async\" width=\"640\" height=\"360\" src=\"https:\/\/gundem59.com.tr\/wp-content\/uploads\/2026\/08\/sorusturma-derinlesiyor-suleym-20155374-2746_1_m.webp\"  alt=\"sorusturma-derinlesiyor-suleym-20155374-2746_1_m Feth-i Kabir Karar\u0131 Verildi! Arif Ahmet Denizolgun\u2019un Mezar\u0131 A\u00e7\u0131lacak\"  class=\"wp-image-4451\" srcset=\"https:\/\/gundem59.com.tr\/wp-content\/uploads\/2026\/08\/sorusturma-derinlesiyor-suleym-20155374-2746_1_m.webp 640w, https:\/\/gundem59.com.tr\/wp-content\/uploads\/2026\/08\/sorusturma-derinlesiyor-suleym-20155374-2746_1_m-300x169.webp 300w\" sizes=\"auto, (max-width: 640px) 100vw, 640px\" \/><\/figure>\n\n\n\n<h2 class=\"wp-block-heading\">\u00d6L\u00dcM\u00dcYLE \u0130LG\u0130L\u0130 \u0130DD\u0130ALAR YEN\u0130DEN G\u00dcNDEMDE<\/h2>\n\n\n\n<p class=\"wp-block-paragraph\">Denizolgun\u2019un 2016 y\u0131l\u0131nda hayat\u0131n\u0131 kaybetmesinin ard\u0131ndan \u00f6l\u00fcm\u00fcne ili\u015fkin \u00e7e\u015fitli iddialar kamuoyuna yans\u0131m\u0131\u015ft\u0131.<\/p>\n\n\n\n<p class=\"wp-block-paragraph\">Soru\u015fturma dosyas\u0131nda, \u00f6l\u00fcm\u00fcn bildirilmesiyle ilgili gecikme, naa\u015fta bulundu\u011fu ileri s\u00fcr\u00fclen baz\u0131 bulgular ve ge\u00e7mi\u015fte ger\u00e7ekle\u015ftirilen adli incelemelere ili\u015fkin \u00e7e\u015fitli iddialar\u0131n ara\u015ft\u0131r\u0131ld\u0131\u011f\u0131 belirtildi.<\/p>\n\n\n\n<p class=\"wp-block-paragraph\">Denizolgun ailesinin de \u00f6l\u00fcm\u00fcn yeniden ara\u015ft\u0131r\u0131lmas\u0131 amac\u0131yla ilgili makamlara ba\u015fvuruda bulundu\u011fu aktar\u0131ld\u0131.<\/p>\n\n\n\n<h2 class=\"wp-block-heading\">2016&#8217;DA HAYATINI KAYBETM\u0130\u015eT\u0130<\/h2>\n\n\n\n<p class=\"wp-block-paragraph\">Eski Ula\u015ft\u0131rma Bakan\u0131 Arif Ahmet Denizolgun, 8 Eyl\u00fcl 2016 tarihinde Beykoz&#8217;daki evinde hayat\u0131n\u0131 kaybetmi\u015fti.<\/p>\n\n\n\n<p class=\"wp-block-paragraph\">Denizolgun, S\u00fcleyman Hilmi Tunahan&#8217;\u0131n torunu ve Alihan Kuri\u015f&#8217;in day\u0131s\u0131yd\u0131. \u00d6l\u00fcm\u00fcn\u00fcn ard\u0131ndan cemaatin liderli\u011fine Alihan Kuri\u015f&#8217;in getirildi\u011fi belirtilmi\u015fti.<\/p>\n\n\n\n<h2 class=\"wp-block-heading\">SORU\u015eTURMANIN SEYR\u0130 BEKLEN\u0130YOR<\/h2>\n\n\n\n<p class=\"wp-block-paragraph\">Mezar\u0131n a\u00e7\u0131lmas\u0131yla ger\u00e7ekle\u015ftirilecek adli incelemenin ard\u0131ndan haz\u0131rlanacak rapor, Denizolgun&#8217;un \u00f6l\u00fcm\u00fcne ili\u015fkin soru\u015fturman\u0131n \u00f6nemli a\u015famalar\u0131ndan biri olacak.<\/p>\n\n\n\n<p class=\"wp-block-paragraph\">Yetkililerin yapaca\u011f\u0131 incelemeler sonucunda \u00f6l\u00fcm nedenine ili\u015fkin yeni bulgular\u0131n ortaya \u00e7\u0131k\u0131p \u00e7\u0131kmayaca\u011f\u0131 ara\u015ft\u0131r\u0131lacak.<\/p>\n\n\n\n<p class=\"wp-block-paragraph\">Feth-i kabir karar\u0131, tek ba\u015f\u0131na Denizolgun&#8217;un \u00f6l\u00fcm\u00fcn\u00fcn \u015f\u00fcpheli oldu\u011fu veya d\u0131\u015f m\u00fcdahale bulundu\u011fu anlam\u0131na gelmez. Kesin de\u011ferlendirme, yap\u0131lacak adli incelemeler ve soru\u015fturma kapsam\u0131nda elde edilecek deliller sonucunda ortaya \u00e7\u0131kacak.<\/p>\n","protected":false},"excerpt":{"rendered":"<p>S\u00fcleymanc\u0131lar cemaatinin eski lideri ve eski Ula\u015ft\u0131rma Bakan\u0131 Arif Ahmet Denizolgun\u2019un \u00f6l\u00fcm\u00fcne ili\u015fkin y\u00fcr\u00fct\u00fclen soru\u015fturmada&#8230;<\/p>\n","protected":false},"author":1,"featured_media":4450,"comment_status":"open","ping_status":"open","sticky":false,"template":"","format":"standard","meta":{"footnotes":""},"categories":[56],"tags":[],"ppma_author":[57],"class_list":["post-4449","post","type-post","status-publish","format-standard","has-post-thumbnail","hentry","category-guncel"],"authors":[{"term_id":57,"user_id":1,"is_guest":0,"slug":"admin","display_name":"Alp Aslan","avatar_url":"https:\/\/secure.gravatar.com\/avatar\/07c18c5ad3350b025db8f3328450e071acb435c703e565899c880c63362f137a?s=96&d=mm&r=g","author_category":"1","first_name":"Alp Aslan","last_name":"ER\u0130N","user_url":"http:\/\/www.gundem59.com.tr","job_title":"","description":""}],"_links":{"self":[{"href":"https:\/\/gundem59.com.tr\/index.php?rest_route=\/wp\/v2\/posts\/4449","targetHints":{"allow":["GET"]}}],"collection":[{"href":"https:\/\/gundem59.com.tr\/index.php?rest_route=\/wp\/v2\/posts"}],"about":[{"href":"https:\/\/gundem59.com.tr\/index.php?rest_route=\/wp\/v2\/types\/post"}],"author":[{"embeddable":true,"href":"https:\/\/gundem59.com.tr\/index.php?rest_route=\/wp\/v2\/users\/1"}],"replies":[{"embeddable":true,"href":"https:\/\/gundem59.com.tr\/index.php?rest_route=%2Fwp%2Fv2%2Fcomments&post=4449"}],"version-history":[{"count":1,"href":"https:\/\/gundem59.com.tr\/index.php?rest_route=\/wp\/v2\/posts\/4449\/revisions"}],"predecessor-version":[{"id":4452,"href":"https:\/\/gundem59.com.tr\/index.php?rest_route=\/wp\/v2\/posts\/4449\/revisions\/4452"}],"wp:featuredmedia":[{"embeddable":true,"href":"https:\/\/gundem59.com.tr\/index.php?rest_route=\/wp\/v2\/media\/4450"}],"wp:attachment":[{"href":"https:\/\/gundem59.com.tr\/index.php?rest_route=%2Fwp%2Fv2%2Fmedia&parent=4449"}],"wp:term":[{"taxonomy":"category","embeddable":true,"href":"https:\/\/gundem59.com.tr\/index.php?rest_route=%2Fwp%2Fv2%2Fcategories&post=4449"},{"taxonomy":"post_tag","embeddable":true,"href":"https:\/\/gundem59.com.tr\/index.php?rest_route=%2Fwp%2Fv2%2Ftags&post=4449"},{"taxonomy":"author","embeddable":true,"href":"https:\/\/gundem59.com.tr\/index.php?rest_route=%2Fwp%2Fv2%2Fppma_author&post=4449"}],"curies":[{"name":"wp","href":"https:\/\/api.w.org\/{rel}","templated":true}]}}