{"id":4405,"date":"2026-08-18T21:16:13","date_gmt":"2026-08-18T21:16:13","guid":{"rendered":"https:\/\/gundem59.com.tr\/?p=4405"},"modified":"2026-08-18T21:16:13","modified_gmt":"2026-08-18T21:16:13","slug":"fenerbahce-lyon-maci-hangi-kanalda-saat-kacta-fenerbahce-maci-sifreli-mi-sifresiz-mi-fb-sampiyonlar-ligi-play-off-turu-mac-kadrosu","status":"publish","type":"post","link":"https:\/\/gundem59.com.tr\/?p=4405","title":{"rendered":"FENERBAH\u00c7E &#8211; LYON MA\u00c7I HANG\u0130 KANALDA, SAAT KA\u00c7TA? Fenerbah\u00e7e ma\u00e7\u0131 \u015fifreli mi, \u015fifresiz mi? FB \u015eampiyonlar Ligi play-off turu ma\u00e7 kadrosu"},"content":{"rendered":"<p>UEFA \u015eampiyonlar Ligi\u2019nde play-off heyecan\u0131 ba\u015fl\u0131yor. \u015eampiyonlar Ligi play-off turunun ilk kar\u015f\u0131la\u015fmas\u0131nda Fenerbah\u00e7e, sahas\u0131nda Frans\u0131z temsilcisi Lyon\u2019u a\u011f\u0131rlayacak. R\u00f6van\u015f \u00f6ncesinde skor avantaj\u0131n\u0131 eline ge\u00e7irmek isteyen sar\u0131-lacivertli ekip, taraftar\u0131 \u00f6n\u00fcnde galibiyet arayacak. Kritik m\u00fccadele \u00f6ncesinde ma\u00e7\u0131n yay\u0131n bilgileri, ba\u015flang\u0131\u00e7 saati ve iki tak\u0131m\u0131n sahaya \u00e7\u0131kmas\u0131 beklenen kadrolar\u0131 futbolseverler taraf\u0131ndan ara\u015ft\u0131r\u0131l\u0131yor. Peki, Fenerbah\u00e7e-Lyon ma\u00e7\u0131 ne zaman, saat ka\u00e7ta ve hangi kanalda yay\u0131nlanacak? \u0130\u015fte kar\u015f\u0131la\u015fmaya ili\u015fkin merak edilen detaylar ve muhtemel 11\u2019ler&#8230;<\/p>\n","protected":false},"excerpt":{"rendered":"<p>UEFA \u015eampiyonlar Ligi\u2019nde play-off heyecan\u0131 ba\u015fl\u0131yor. \u015eampiyonlar Ligi play-off turunun ilk kar\u015f\u0131la\u015fmas\u0131nda Fenerbah\u00e7e, sahas\u0131nda Frans\u0131z&#8230;<\/p>\n","protected":false},"author":0,"featured_media":4406,"comment_status":"open","ping_status":"open","sticky":false,"template":"","format":"standard","meta":{"footnotes":""},"categories":[1],"tags":[],"ppma_author":[],"class_list":["post-4405","post","type-post","status-publish","format-standard","has-post-thumbnail","hentry","category-tekirdag-gundemi"],"authors":[],"_links":{"self":[{"href":"https:\/\/gundem59.com.tr\/index.php?rest_route=\/wp\/v2\/posts\/4405","targetHints":{"allow":["GET"]}}],"collection":[{"href":"https:\/\/gundem59.com.tr\/index.php?rest_route=\/wp\/v2\/posts"}],"about":[{"href":"https:\/\/gundem59.com.tr\/index.php?rest_route=\/wp\/v2\/types\/post"}],"replies":[{"embeddable":true,"href":"https:\/\/gundem59.com.tr\/index.php?rest_route=%2Fwp%2Fv2%2Fcomments&post=4405"}],"version-history":[{"count":0,"href":"https:\/\/gundem59.com.tr\/index.php?rest_route=\/wp\/v2\/posts\/4405\/revisions"}],"wp:featuredmedia":[{"embeddable":true,"href":"https:\/\/gundem59.com.tr\/index.php?rest_route=\/wp\/v2\/media\/4406"}],"wp:attachment":[{"href":"https:\/\/gundem59.com.tr\/index.php?rest_route=%2Fwp%2Fv2%2Fmedia&parent=4405"}],"wp:term":[{"taxonomy":"category","embeddable":true,"href":"https:\/\/gundem59.com.tr\/index.php?rest_route=%2Fwp%2Fv2%2Fcategories&post=4405"},{"taxonomy":"post_tag","embeddable":true,"href":"https:\/\/gundem59.com.tr\/index.php?rest_route=%2Fwp%2Fv2%2Ftags&post=4405"},{"taxonomy":"author","embeddable":true,"href":"https:\/\/gundem59.com.tr\/index.php?rest_route=%2Fwp%2Fv2%2Fppma_author&post=4405"}],"curies":[{"name":"wp","href":"https:\/\/api.w.org\/{rel}","templated":true}]}}