{"id":4368,"date":"2026-08-18T12:57:10","date_gmt":"2026-08-18T12:57:10","guid":{"rendered":"https:\/\/gundem59.com.tr\/?p=4368"},"modified":"2026-08-18T12:57:10","modified_gmt":"2026-08-18T12:57:10","slug":"istanbula-14-istasyonlu-yeni-metro-hatti-geliyor","status":"publish","type":"post","link":"https:\/\/gundem59.com.tr\/?p=4368","title":{"rendered":"\u0130stanbul&#039;a 14 istasyonlu yeni metro hatt\u0131 geliyor!"},"content":{"rendered":"<p>\u0130stanbul\u2019daki \u00dcmraniye-Kavac\u0131k-Beykoz Rayl\u0131 Sistem Hatt\u0131&#8217;n\u0131n yap\u0131m\u0131, Ula\u015ft\u0131rma ve Altyap\u0131 Bakanl\u0131\u011f\u0131 taraf\u0131ndan \u00fcstlenildi. Konuya ili\u015fkin Cumhurba\u015fkan\u0131 Karar\u0131, 18 A\u011fustos 2026 tarihli Resmi Gazete&#8217;de yay\u0131mland\u0131. \u00d6te yandan Bakan Uralo\u011flu, \u0130stanbul Anadolu Yakas\u0131\u2019n\u0131n kuzey koridorunda planlanan hatt\u0131n 17,5 kilometre uzunlu\u011funda ve 14 istasyonlu olaca\u011f\u0131n\u0131 a\u00e7\u0131klad\u0131. Ya\u015fanan bu geli\u015fmelerin ard\u0131ndan \u00dcmraniye, Kavac\u0131k ve Beykoz metrosu a\u00e7\u0131l\u0131\u015f tarihi ve g\u00fczergah\u0131 merak konusu oldu. Peki, \u00dcmraniye, Kavac\u0131k ve Beykoz metrosu ne zaman a\u00e7\u0131lacak, nerelerden ge\u00e7iyor, g\u00fczergah\u0131 nas\u0131l? \u0130\u015fte \u00dcmraniye, Kavac\u0131k ve Beykoz metro duraklar\u0131 ve a\u00e7\u0131l\u0131\u015f tarihine ili\u015fkin merak edilen t\u00fcm detaylar\u2026<\/p>\n","protected":false},"excerpt":{"rendered":"<p>\u0130stanbul\u2019daki \u00dcmraniye-Kavac\u0131k-Beykoz Rayl\u0131 Sistem Hatt\u0131&#8217;n\u0131n yap\u0131m\u0131, Ula\u015ft\u0131rma ve Altyap\u0131 Bakanl\u0131\u011f\u0131 taraf\u0131ndan \u00fcstlenildi. Konuya ili\u015fkin Cumhurba\u015fkan\u0131&#8230;<\/p>\n","protected":false},"author":1,"featured_media":0,"comment_status":"open","ping_status":"open","sticky":false,"template":"","format":"standard","meta":{"footnotes":""},"categories":[1],"tags":[],"ppma_author":[],"class_list":["post-4368","post","type-post","status-publish","format-standard","hentry","category-tekirdag-gundemi"],"authors":[{"term_id":57,"user_id":1,"is_guest":0,"slug":"admin","display_name":"Alp Aslan","avatar_url":"https:\/\/secure.gravatar.com\/avatar\/07c18c5ad3350b025db8f3328450e071acb435c703e565899c880c63362f137a?s=96&d=mm&r=g","author_category":"1","first_name":"Alp Aslan","last_name":"ER\u0130N","user_url":"http:\/\/www.gundem59.com.tr","job_title":"","description":""}],"_links":{"self":[{"href":"https:\/\/gundem59.com.tr\/index.php?rest_route=\/wp\/v2\/posts\/4368","targetHints":{"allow":["GET"]}}],"collection":[{"href":"https:\/\/gundem59.com.tr\/index.php?rest_route=\/wp\/v2\/posts"}],"about":[{"href":"https:\/\/gundem59.com.tr\/index.php?rest_route=\/wp\/v2\/types\/post"}],"author":[{"embeddable":true,"href":"https:\/\/gundem59.com.tr\/index.php?rest_route=\/wp\/v2\/users\/1"}],"replies":[{"embeddable":true,"href":"https:\/\/gundem59.com.tr\/index.php?rest_route=%2Fwp%2Fv2%2Fcomments&post=4368"}],"version-history":[{"count":0,"href":"https:\/\/gundem59.com.tr\/index.php?rest_route=\/wp\/v2\/posts\/4368\/revisions"}],"wp:attachment":[{"href":"https:\/\/gundem59.com.tr\/index.php?rest_route=%2Fwp%2Fv2%2Fmedia&parent=4368"}],"wp:term":[{"taxonomy":"category","embeddable":true,"href":"https:\/\/gundem59.com.tr\/index.php?rest_route=%2Fwp%2Fv2%2Fcategories&post=4368"},{"taxonomy":"post_tag","embeddable":true,"href":"https:\/\/gundem59.com.tr\/index.php?rest_route=%2Fwp%2Fv2%2Ftags&post=4368"},{"taxonomy":"author","embeddable":true,"href":"https:\/\/gundem59.com.tr\/index.php?rest_route=%2Fwp%2Fv2%2Fppma_author&post=4368"}],"curies":[{"name":"wp","href":"https:\/\/api.w.org\/{rel}","templated":true}]}}