{"id":4361,"date":"2026-08-18T11:37:08","date_gmt":"2026-08-18T11:37:08","guid":{"rendered":"https:\/\/gundem59.com.tr\/?p=4361"},"modified":"2026-08-18T11:37:08","modified_gmt":"2026-08-18T11:37:08","slug":"son-dakika-sivas-kaza-haberleri-sivasta-yolcu-minibusu-sarampole-devrildi-kazada-olu-ve-yarali-var-mi","status":"publish","type":"post","link":"https:\/\/gundem59.com.tr\/?p=4361","title":{"rendered":"SON DAK\u0130KA S\u0130VAS KAZA HABERLER\u0130: Sivas&#039;ta yolcu minib\u00fcs\u00fc \u015farampole devrildi! Kazada \u00f6l\u00fc ve yaral\u0131 var m\u0131?"},"content":{"rendered":"<p><img  title=\"\"  alt=\"66f66770793ca70899d91e75 SON DAK\u0130KA S\u0130VAS KAZA HABERLER\u0130: Sivas&#039;ta yolcu minib\u00fcs\u00fc \u015farampole devrildi! Kazada \u00f6l\u00fc ve yaral\u0131 var m\u0131?\" decoding=\"async\" src=\"https:\/\/image.milimaj.com\/i\/milliyet\/75\/460x340\/66f66770793ca70899d91e75.jpg\" \/><\/p>\n<p>Kaza, saat 12.30 s\u0131ralar\u0131nda Su\u015fehri il\u00e7esi Elmaseki-\u00c7okrak k\u00f6y\u00fc mevkisinde D-865 kara yolunda meydana geldi.<\/p>\n<p>Sivas\u2019tan Su\u015fehri y\u00f6n\u00fcnde ilerleyen, i\u00e7inde 14 yolcunun bulundu\u011fu, s\u00fcr\u00fcc\u00fcs\u00fcn\u00fcn ismi hen\u00fcz \u00f6\u011frenilemeyen 58 SG 604 plakal\u0131 yolcu minib\u00fcs\u00fc, s\u00fcr\u00fcc\u00fcs\u00fcn\u00fcn direksiyon hakimiyetini kaybetmesi sonucu kontrolden \u00e7\u0131kt\u0131. Bariyerlere \u00e7arpan minib\u00fcs, savrularak u\u00e7uruma devrildi.<\/p>\n<section class=\"insert insert-controls mceNonEditable\" data-controls=\"%5B%7B%22Code%22%3A%22%22%2C%22ContentCount%22%3A0%2C%22ContentViewProperties%22%3A%5B%5D%2C%22AllowedControls%22%3A%5B%5D%2C%22IsViewContainer%22%3Afalse%2C%22Inline%22%3Atrue%2C%22IxName%22%3A%22RedesignInterestingContentCard%22%2C%22Name%22%3A%22%u0130lginizi%20%C7ekebilir%22%2C%22ControllerIxName%22%3A%22Widgets%22%2C%22Description%22%3A%22%u0130lginizi%20%C7ekebilir%22%2C%22ImageId%22%3A%22%22%2C%22Order%22%3A0%2C%22Properties%22%3A%5B%7B%22IxName%22%3A%22CardTitle%22%2C%22Name%22%3A%22%D6ny%FCz%20Ba%u015Fl%u0131%u011F%u0131%22%2C%22Type%22%3A1%2C%22IsRequired%22%3Afalse%2C%22Value%22%3A%22%22%2C%22SelectValues%22%3A%5B%5D%2C%22IsViewProperty%22%3Afalse%7D%5D%2C%22_Id%22%3A%226389e1e886b2454468ecad0b%22%2C%22id%22%3A%226389e1e886b2454468ecad0b%22%2C%22Application%22%3A%22com.milliyet%22%2C%22_Text%22%3A%22%u0130lginizi%20%C7ekebilir%22%2C%22Title%22%3A%22%u0130lginizi%20%C7ekebilir%22%2C%22Controls%22%3A%5B%5D%2C%22References%22%3A%5B%5D%2C%22DataSource%22%3Anull%2C%22Timing%22%3A%7B%22StartDate%22%3Anull%2C%22EndDate%22%3Anull%2C%22DailyTiming%22%3A%5B%5D%7D%7D%5D\" data-files=\"%5B%5D\" data-properties=\"%7B%22Type%22%3A%22%22%2C%22Theme%22%3A%22%22%2C%22BoxTitle%22%3A%22%22%2C%22ButtonText%22%3A%22%22%2C%22SelectTarget%22%3A%22%22%7D\" data-type=\"Control\">\u0130lginizi \u00c7ekebilir<\/section>\n<p>\u00c7evredekilerin ihbar\u0131yla kaza yerine \u00e7ok say\u0131da sa\u011fl\u0131k, emniyet, jandarma, itfaiye ve AFAD ekibi sevk edildi. K\u0131sa s\u00fcrede b\u00f6lgeye ula\u015fan ekipler, ara\u00e7ta s\u0131k\u0131\u015fan ki\u015fileri kurtarmak i\u00e7in \u00e7al\u0131\u015fma yapt\u0131.<\/p>\n<p><img  title=\"\"  alt=\"6a8433a85145f25f8bb2dd9f SON DAK\u0130KA S\u0130VAS KAZA HABERLER\u0130: Sivas&#039;ta yolcu minib\u00fcs\u00fc \u015farampole devrildi! Kazada \u00f6l\u00fc ve yaral\u0131 var m\u0131?\" decoding=\"async\" src=\"https:\/\/image.milimaj.com\/i\/milliyet\/75\/770x0\/6a8433a85145f25f8bb2dd9f.jpg\" width=\"100%\" \/><\/p>\n<p><strong>HAVA AMBULANSI SEVK ED\u0130LD\u0130<\/strong><\/p>\n<p>Kazada ilk belirlemelere, g\u00f6re ara\u00e7taki 4 ki\u015fi hayat\u0131n\u0131 kaybetti. 4&#8217;\u00fc a\u011f\u0131r olmak \u00fczere 10 ki\u015fi yaraland\u0131. Hayati tehlikesi bulunan a\u011f\u0131r yaral\u0131lar, hava ambulans\u0131 ve di\u011fer ambulanslarla il merkezindeki hastanelere, di\u011fer 6 hafif yaral\u0131 ise \u00e7evre hastanelere kald\u0131r\u0131ld\u0131. Jandarma ve emniyet ekipleri kaza yerinde geni\u015f g\u00fcvenlik \u00f6nlemleri al\u0131rken, kazaya ili\u015fkin geni\u015f \u00e7apl\u0131 inceleme ba\u015flat\u0131ld\u0131.<\/p>\n<p><img  title=\"\"  alt=\"6a8433b75145f25f8bb2dda1 SON DAK\u0130KA S\u0130VAS KAZA HABERLER\u0130: Sivas&#039;ta yolcu minib\u00fcs\u00fc \u015farampole devrildi! Kazada \u00f6l\u00fc ve yaral\u0131 var m\u0131?\" decoding=\"async\" src=\"https:\/\/image.milimaj.com\/i\/milliyet\/75\/770x0\/6a8433b75145f25f8bb2dda1.jpg\" width=\"100%\" \/><\/p>\n<section class=\"insert insert-contents mceNonEditable\" data-contents=\"%5B%7B%22_Id%22%3A%226a8426f5066eb42d29b0b28e%22%2C%22Title%22%3A%224%20ya%u015F%u0131ndaki%20%E7ocu%u011Fu%20taciz%20etti%20iddias%u0131%21%2075%20ya%u015F%u0131ndaki%20sap%u0131%u011Fa%20meydan%20daya%u011F%u0131%22%2C%22Description%22%3A%22Samsun%27da%2075%20ya%u015F%u0131ndaki%20%u015Fah%u0131s%2C%204%20ya%u015F%u0131ndaki%20%E7ocu%u011Fu%20taciz%20etti%u011Fi%20iddias%u0131yla%20%E7ocu%u011Fun%20yak%u0131nlar%u0131%20taraf%u0131ndan%20darp%20edildi.%20G%F6zalt%u0131na%20al%u0131nan%20%u015Fah%u0131s%2C%20%22%2C%22Url%22%3A%22\/gundem\/4-yasindaki-cocugu-taciz-etti-iddiasi-75-yasindaki-sapiga-meydan-dayagi-7643499%22%2C%22ContentType%22%3A%22Article%22%2C%22ModifiedDate%22%3A%222026-08-18T09%3A39%3A26.96Z%22%2C%22FileIds%22%3A%5B%226a8427ed066eb42d29b0b293%22%5D%7D%5D\" data-files=\"%5B%7B%22FileName%22%3A%22sapik.jpg%22%2C%22ContentType%22%3A%22image\/jpeg%22%2C%22ModifiedDate%22%3A%222026-08-18T09%3A37%3A49.448Z%22%2C%22CreatedBy%22%3A%22ctasci%22%2C%22Length%22%3A0%2C%22ChunkSize%22%3A0%2C%22Metadata%22%3A%7B%22Title%22%3A%22%22%2C%22Description%22%3A%22%22%2C%22EmbedCode%22%3A%22%22%2C%22Tags%22%3A%5B%5D%2C%22ContentTags%22%3A%5B%5D%2C%22Sources%22%3A%5B%5D%2C%22Credit%22%3A%22%22%2C%22FileShowRelatedNews%22%3Afalse%2C%22Grade%22%3A%22%22%2C%22SponsorLogo%22%3A%22%22%2C%22SponsorText%22%3A%22%22%2C%22BtnText%22%3A%22%22%2C%22BtnRedirectUrl%22%3A%22%22%7D%2C%22_Id%22%3A%226a8427ed066eb42d29b0b293%22%2C%22id%22%3A%226a8427ed066eb42d29b0b293%22%2C%22Application%22%3A%22com.milliyet%22%7D%5D\" data-properties=\"%7B%22Type%22%3A%22RecommendedNewsHorizontalCard%22%2C%22Theme%22%3A%22orange%22%2C%22BoxTitle%22%3A%224%20ya%u015F%u0131ndaki%20%E7ocu%u011Fu%20taciz%20etti%20iddias%u0131%21%2075%20ya%u015F%u0131ndaki%20sap%u0131%u011Fa%20meydan%20daya%u011F%u0131%22%2C%22ButtonText%22%3A%22Haberi%20G%F6r%FCnt%FCle%22%2C%22SelectTarget%22%3A%22%22%7D\" data-type=\"Content\">4 ya\u015f\u0131ndaki \u00e7ocu\u011fu taciz etti iddias\u0131! 75 ya\u015f\u0131ndaki sap\u0131\u011fa meydan daya\u011f\u0131<\/section>\n<p><strong>\u00d6LENLER\u0130N K\u0130ML\u0130KLER\u0130 BELL\u0130 OLDU<\/strong><\/p>\n<p>U\u00e7uruma devrilen yolcu minib\u00fcs\u00fcndeki Funda Durhan, Erva Durhan, Dilek \u00d6zcan ve Hikmet Cengiz&#8217;in hayat\u0131n\u0131 kaybetti\u011fi belirlendi. Kazada U.G. (47), A.S., \u0130.B., H.\u00c7., M.S. (55), H.A. (55), A.K. (33), \u0130.K. (48), N.K. ve N.B. ise yaraland\u0131.<\/p>\n<p><strong>S\u0130VAS VAL\u0130L\u0130\u011e\u0130 KAZA \u0130LE \u0130LG\u0130L\u0130 A\u00c7IKLAMA YAPTI<\/strong><\/p>\n<p>Sivas Valili\u011fi meydana gelen kazaya ili\u015fkin, \u201c18.08.2026 g\u00fcn\u00fc saat 12.30 s\u0131ralar\u0131nda, Su\u015fehri il\u00e7esi Elmaseki &#8211; \u00c7okrak k\u00f6y\u00fc mevkii D-865 karayolu \u00fczerinde, Sivas&#8217;tan Su\u015fehri istikametine do\u011fru seyir halinde bulunan yolcu minib\u00fcs\u00fcn\u00fcn, s\u00fcr\u00fcc\u00fcs\u00fcn\u00fcn direksiyon h\u00e2kimiyetini kaybetmesi sonucu bariyerlere \u00e7arparak \u015farampole devrilmesi neticesinde tek tarafl\u0131, \u00f6l\u00fcml\u00fc ve maddi hasarl\u0131 bir trafik kazas\u0131 meydana gelmi\u015ftir.<\/p>\n<p>Kaza ihbar\u0131n\u0131n al\u0131nmas\u0131n\u0131n hemen ard\u0131ndan b\u00f6lgeye; Sa\u011fl\u0131k, (Kara Ambulans\u0131, Hava Ambulans\u0131 ve UMKE) Emniyet, Jandarma, \u0130tfaiye ve AFAD ekipleri sevk edilerek gerekli m\u00fcdahale, kurtarma ve \u00e7evre g\u00fcvenli\u011fi \u00e7al\u0131\u015fmalar\u0131na s\u00fcratle ba\u015flan\u0131lm\u0131\u015ft\u0131r. ilk belirlemelere g\u00f6re; 14 yolcu bulunan ara\u00e7ta, 4 vatanda\u015f\u0131m\u0131z hayat\u0131n\u0131 kaybetmi\u015f, 4 vatanda\u015f\u0131m\u0131z a\u011f\u0131r yaralanm\u0131\u015f, 6 vatanda\u015f\u0131m\u0131z ise hayati tehlikesi olmayacak \u015fekilde hafif yaralanm\u0131\u015ft\u0131r. Yaral\u0131 vatanda\u015flar\u0131m\u0131z, sa\u011fl\u0131k ekipleri taraf\u0131ndan ivedilikle \u00e7evre hastanelere ve il merkezine sevk edilerek tedavi alt\u0131na al\u0131nm\u0131\u015ft\u0131r. Kazayla ilgili gerekli inceleme ve adli tahkikat i\u015flemleri de ba\u015flat\u0131lm\u0131\u015ft\u0131r.<\/p>\n<p>Bu \u00fcz\u00fcc\u00fc kazada hayat\u0131n\u0131 kaybeden vatanda\u015flar\u0131m\u0131za Allah&#8217;tan rahmet, yak\u0131nlar\u0131na ba\u015fsa\u011fl\u0131\u011f\u0131 diliyoruz. Yaralanan vatanda\u015flar\u0131m\u0131za ise acil \u015fifalar temenni ediyor, ge\u00e7mi\u015f olsun dileklerimizi iletiyoruz.\u201d<\/p>\n<section class=\"insert insert-contents mceNonEditable\" data-contents=\"%5B%7B%22_Id%22%3A%226a843a0e3e3a0f1383df3616%22%2C%22Title%22%3A%22Konya%27da%20feci%20kaza%20kamerada%21%20Bir%20par%E7adan%20ka%E7mak%20isterken%20kar%u015F%u0131%20%u015Feride%20ge%E7ti%3A%202%20ki%u015Fi%20hayat%u0131n%u0131%20kaybetti%22%2C%22Description%22%3A%22Konya%27da%20yolda%20savrulan%20bir%20ara%E7tan%20kopan%20par%E7adan%20ka%E7mak%20isteyen%20s%FCr%FCc%FCn%FCn%20yapt%u0131%u011F%u0131%20manevra%2C%20saniyeler%20i%E7inde%20faciaya%20d%F6n%FC%u015Ft%FC.%20Kar%u015F%u0131%20%u015Feride%20ge%E7en%20otomobil%202%20araca%20%E7arparken%2C%20a%u011F%u0131r%20yaralanan%203%20ki%u015Fiden%202%27si%20hastanede%20hayat%u0131n%u0131%20kaybetti.%20Feci%20kazan%u0131n%20hemen%20%F6ncesi%20ve%20%E7arp%u0131%u015Fma%20an%u0131%20g%FCvenlik%20kameras%u0131na%20yans%u0131d%u0131.%22%2C%22Url%22%3A%22\/gundem\/konyada-feci-kaza-kamerada-bir-parcadan-kacmak-isterken-karsi-seride-gecti-2-kisi-hayatini-kaybetti-7643571%22%2C%22ContentType%22%3A%22Article%22%2C%22ModifiedDate%22%3A%222026-08-18T11%3A12%3A30.81Z%22%2C%22FileIds%22%3A%5B%226a843b263e3a0f1383df3623%22%5D%7D%5D\" data-files=\"%5B%7B%22FileName%22%3A%22fghfggd.jpg%22%2C%22ContentType%22%3A%22image\/jpeg%22%2C%22ModifiedDate%22%3A%222026-08-18T10%3A59%3A50.199Z%22%2C%22CreatedBy%22%3A%22kcelepi%22%2C%22Length%22%3A0%2C%22ChunkSize%22%3A0%2C%22Metadata%22%3A%7B%22Title%22%3A%22%22%2C%22Description%22%3A%22%22%2C%22EmbedCode%22%3A%22%22%2C%22Tags%22%3A%5B%5D%2C%22ContentTags%22%3A%5B%5D%2C%22Sources%22%3A%5B%5D%2C%22Credit%22%3A%22%22%2C%22FileShowRelatedNews%22%3Afalse%2C%22Grade%22%3A%22%22%2C%22SponsorLogo%22%3A%22%22%2C%22SponsorText%22%3A%22%22%2C%22BtnText%22%3A%22%22%2C%22BtnRedirectUrl%22%3A%22%22%7D%2C%22_Id%22%3A%226a843b263e3a0f1383df3623%22%2C%22id%22%3A%226a843b263e3a0f1383df3623%22%2C%22Application%22%3A%22com.milliyet%22%7D%5D\" data-properties=\"%7B%22Type%22%3A%22RecommendedNewsHorizontalCard%22%2C%22Theme%22%3A%22orange%22%2C%22BoxTitle%22%3A%22Konya%27da%20feci%20kaza%20kamerada%21%20Bir%20par%E7adan%20ka%E7mak%20isterken%20kar%u015F%u0131%20%u015Feride%20ge%E7ti%3A%202%20ki%u015Fi%20hayat%u0131n%u0131%20kaybetti%22%2C%22ButtonText%22%3A%22Haberi%20G%F6r%FCnt%FCle%22%2C%22SelectTarget%22%3A%22%22%7D\" data-type=\"Content\">Konya&#8217;da feci kaza kamerada! Bir par\u00e7adan ka\u00e7mak isterken kar\u015f\u0131 \u015feride ge\u00e7ti: 2 ki\u015fi hayat\u0131n\u0131 kaybetti<\/section>\n","protected":false},"excerpt":{"rendered":"<p>Kaza, saat 12.30 s\u0131ralar\u0131nda Su\u015fehri il\u00e7esi Elmaseki-\u00c7okrak k\u00f6y\u00fc mevkisinde D-865 kara yolunda meydana geldi. Sivas\u2019tan&#8230;<\/p>\n","protected":false},"author":1,"featured_media":4362,"comment_status":"open","ping_status":"open","sticky":false,"template":"","format":"standard","meta":{"footnotes":""},"categories":[10],"tags":[],"ppma_author":[57],"class_list":["post-4361","post","type-post","status-publish","format-standard","has-post-thumbnail","hentry","category-ergene"],"authors":[{"term_id":57,"user_id":1,"is_guest":0,"slug":"admin","display_name":"Alp Aslan","avatar_url":"https:\/\/secure.gravatar.com\/avatar\/07c18c5ad3350b025db8f3328450e071acb435c703e565899c880c63362f137a?s=96&d=mm&r=g","author_category":"1","first_name":"Alp Aslan","last_name":"ER\u0130N","user_url":"http:\/\/www.gundem59.com.tr","job_title":"","description":""}],"_links":{"self":[{"href":"https:\/\/gundem59.com.tr\/index.php?rest_route=\/wp\/v2\/posts\/4361","targetHints":{"allow":["GET"]}}],"collection":[{"href":"https:\/\/gundem59.com.tr\/index.php?rest_route=\/wp\/v2\/posts"}],"about":[{"href":"https:\/\/gundem59.com.tr\/index.php?rest_route=\/wp\/v2\/types\/post"}],"author":[{"embeddable":true,"href":"https:\/\/gundem59.com.tr\/index.php?rest_route=\/wp\/v2\/users\/1"}],"replies":[{"embeddable":true,"href":"https:\/\/gundem59.com.tr\/index.php?rest_route=%2Fwp%2Fv2%2Fcomments&post=4361"}],"version-history":[{"count":0,"href":"https:\/\/gundem59.com.tr\/index.php?rest_route=\/wp\/v2\/posts\/4361\/revisions"}],"wp:featuredmedia":[{"embeddable":true,"href":"https:\/\/gundem59.com.tr\/index.php?rest_route=\/wp\/v2\/media\/4362"}],"wp:attachment":[{"href":"https:\/\/gundem59.com.tr\/index.php?rest_route=%2Fwp%2Fv2%2Fmedia&parent=4361"}],"wp:term":[{"taxonomy":"category","embeddable":true,"href":"https:\/\/gundem59.com.tr\/index.php?rest_route=%2Fwp%2Fv2%2Fcategories&post=4361"},{"taxonomy":"post_tag","embeddable":true,"href":"https:\/\/gundem59.com.tr\/index.php?rest_route=%2Fwp%2Fv2%2Ftags&post=4361"},{"taxonomy":"author","embeddable":true,"href":"https:\/\/gundem59.com.tr\/index.php?rest_route=%2Fwp%2Fv2%2Fppma_author&post=4361"}],"curies":[{"name":"wp","href":"https:\/\/api.w.org\/{rel}","templated":true}]}}