{"id":4340,"date":"2026-08-17T22:10:16","date_gmt":"2026-08-17T22:10:16","guid":{"rendered":"https:\/\/gundem59.com.tr\/?p=4340"},"modified":"2026-08-17T22:10:16","modified_gmt":"2026-08-17T22:10:16","slug":"resmi-gazetede-yayimlandi-osym-baskanligina-bayram-ali-ersoy-atandi","status":"publish","type":"post","link":"https:\/\/gundem59.com.tr\/?p=4340","title":{"rendered":"Resmi Gazete&#039;de yay\u0131mland\u0131! \u00d6SYM Ba\u015fkanl\u0131\u011f\u0131\u2019na Bayram Ali Ersoy atand\u0131"},"content":{"rendered":"<p><img  title=\"\"  alt=\"6a8385d0c94edb5656ee6105 Resmi Gazete&#039;de yay\u0131mland\u0131! \u00d6SYM Ba\u015fkanl\u0131\u011f\u0131\u2019na Bayram Ali Ersoy atand\u0131\" decoding=\"async\" src=\"https:\/\/image.milimaj.com\/i\/milliyet\/75\/460x340\/6a8385d0c94edb5656ee6105.jpg\" \/><\/p>\n<p>Resmi gazetede yay\u0131nlanan atama kararlar\u0131na g\u00f6re \u00d6SYM Ba\u015fkanl\u0131\u011f\u0131na Bayram Ali Ersoy atand\u0131.<\/p>\n<p><strong>BAYRAM AL\u0130 ERSOY K\u0130MD\u0130R?<\/strong><\/p>\n<section class=\"insert insert-controls mceNonEditable\" data-controls=\"%5B%7B%22Code%22%3A%22%22%2C%22ContentCount%22%3A0%2C%22ContentViewProperties%22%3A%5B%5D%2C%22AllowedControls%22%3A%5B%5D%2C%22IsViewContainer%22%3Afalse%2C%22Inline%22%3Atrue%2C%22IxName%22%3A%22RedesignInterestingContentCard%22%2C%22Name%22%3A%22%u0130lginizi%20%C7ekebilir%22%2C%22ControllerIxName%22%3A%22Widgets%22%2C%22Description%22%3A%22%u0130lginizi%20%C7ekebilir%22%2C%22ImageId%22%3A%22%22%2C%22Order%22%3A0%2C%22Properties%22%3A%5B%7B%22IxName%22%3A%22CardTitle%22%2C%22Name%22%3A%22%D6ny%FCz%20Ba%u015Fl%u0131%u011F%u0131%22%2C%22Type%22%3A1%2C%22IsRequired%22%3Afalse%2C%22Value%22%3A%22%22%2C%22SelectValues%22%3A%5B%5D%2C%22IsViewProperty%22%3Afalse%7D%5D%2C%22_Id%22%3A%226389e1e886b2454468ecad0b%22%2C%22id%22%3A%226389e1e886b2454468ecad0b%22%2C%22Application%22%3A%22com.milliyet%22%2C%22_Text%22%3A%22%u0130lginizi%20%C7ekebilir%22%2C%22Title%22%3A%22%u0130lginizi%20%C7ekebilir%22%2C%22Controls%22%3A%5B%5D%2C%22References%22%3A%5B%5D%2C%22DataSource%22%3Anull%2C%22Timing%22%3A%7B%22StartDate%22%3Anull%2C%22EndDate%22%3Anull%2C%22DailyTiming%22%3A%5B%5D%7D%7D%5D\" data-files=\"%5B%5D\" data-properties=\"%7B%22Type%22%3A%22%22%2C%22Theme%22%3A%22%22%2C%22BoxTitle%22%3A%22%22%2C%22ButtonText%22%3A%22%22%2C%22SelectTarget%22%3A%22%22%7D\" data-type=\"Control\">\u0130lginizi \u00c7ekebilir<\/section>\n<p>Prof. Dr. Bayram Ali Ersoy, 1974 y\u0131l\u0131nda \u0130stanbul&#8217;un Bayrampa\u015fa il\u00e7esinde do\u011fmu\u015ftur. Aslen Ispartal\u0131d\u0131r. Lisans e\u011fitimini Orta Do\u011fu Teknik \u00dcniversitesi E\u011fitim Fak\u00fcltesi Matematik \u00d6\u011fretmenli\u011fi Program\u0131&#8217;nda tamamlam\u0131\u015ft\u0131r. Y\u00fcksek lisans ve doktora e\u011fitimlerini Y\u0131ld\u0131z Teknik \u00dcniversitesi Fen Bilimleri Enstit\u00fcs\u00fc Matematik Anabilim Dal\u0131&#8217;nda tamamlam\u0131\u015ft\u0131r. 2008\u20132009 y\u0131llar\u0131 aras\u0131nda Amerika Birle\u015fik Devletleri&#8217;nde University of Cincinnati&#8217;de doktora sonras\u0131 (post-doktora) akademik \u00e7al\u0131\u015fmalarda bulunmu\u015ftur. Akademik kariyerini Y\u0131ld\u0131z Teknik \u00dcniversitesi Fen-Edebiyat Fak\u00fcltesi Matematik B\u00f6l\u00fcm\u00fc&#8217;nde s\u00fcrd\u00fcren Ersoy, 2012 y\u0131l\u0131nda do\u00e7ent, 2017 y\u0131l\u0131nda profes\u00f6r unvan\u0131n\u0131 alm\u0131\u015ft\u0131r.<\/p>\n<p>Akademik \u00e7al\u0131\u015fmalar\u0131n\u0131n yan\u0131 s\u0131ra \u00e7e\u015fitli idari g\u00f6revlerde de bulunan Prof. Dr. Ersoy; Y\u0131ld\u0131z Teknik \u00dcniversitesi Uluslararas\u0131 \u0130li\u015fkiler Koordinat\u00f6rl\u00fc\u011f\u00fc, Fen Bilimleri Enstit\u00fcs\u00fc M\u00fcd\u00fcr Yard\u0131mc\u0131l\u0131\u011f\u0131, Personel Daire Ba\u015fkanl\u0131\u011f\u0131, Genel Sekreterlik ve Rekt\u00f6r Dan\u0131\u015fmanl\u0131\u011f\u0131 g\u00f6revlerini y\u00fcr\u00fctm\u00fc\u015f, ayr\u0131ca Matematik B\u00f6l\u00fcm Ba\u015fkanl\u0131\u011f\u0131 g\u00f6revinde bulunmu\u015ftur. 2017 y\u0131l\u0131ndan bu yana Italian Journal of Pure and Applied Mathematics dergisinde de\u011ferlendirme kurulu \u00fcyesi olan Prof. Dr. Ersoy&#8217;un, ulusal ve uluslararas\u0131 hakemli dergilerde yay\u0131mlanm\u0131\u015f \u00e7ok say\u0131da bilimsel makalesi bulunmaktad\u0131r. Ara\u015ft\u0131rma alanlar\u0131; de\u011fi\u015fmeli halkalar ve cebirler, grup teorisi ve genellemeleri ile temel bilimler \u00fczerine yo\u011funla\u015fmaktad\u0131r. Cebir alan\u0131nda yay\u0131mlanm\u0131\u015f ulusal kitaplar\u0131 bulunan Prof. Dr. Ersoy, \u00e7ok say\u0131da y\u00fcksek lisans ve doktora tezine dan\u0131\u015fmanl\u0131k yapm\u0131\u015ft\u0131r. Prof. Dr. Bayram Ali Ersoy, 4 A\u011fustos 2022 tarihinde Cumhurba\u015fkan\u0131 Say\u0131n Recep Tayyip Erdo\u011fan&#8217;\u0131n tensipleriyle, \u00d6l\u00e7me, Se\u00e7me ve Yerle\u015ftirme Merkezi (\u00d6SYM) Ba\u015fkanl\u0131\u011f\u0131 g\u00f6revine atanm\u0131\u015ft\u0131r. \u0130yi derecede \u0130ngilizce bilmektedir. Evli ve iki \u00e7ocuk babas\u0131d\u0131r.<\/p>\n<section class=\"insert insert-contents mceNonEditable\" data-contents=\"%5B%7B%22_Id%22%3A%226a836e903e3a0f1383df327e%22%2C%22Title%22%3A%22Emniyet%20Genel%20M%FCd%FCrl%FC%u011F%FCnde%20terfi%20ve%20atamalar%20yap%u0131ld%u0131%22%2C%22Description%22%3A%22Emniyet%20Genel%20M%FCd%FCr%FC%20Ali%20Fidan%2C%202024%27ten%20bu%20yana%20kadro%20yetersizli%u011Fi%20nedeniyle%20ger%E7ekle%u015Ftirilemeyen%201.%20S%u0131n%u0131f%20Emniyet%20M%FCd%FCr%FC%20r%FCtbesine%20terfi%20ve%20atama%20i%u015Flemlerinin%20tamamland%u0131%u011F%u0131n%u0131%20bildirdi.%22%2C%22Url%22%3A%22\/gundem\/emniyet-genel-mudurlugunde-terfi-ve-atamalar-yapildi-7643147%22%2C%22ContentType%22%3A%22Article%22%2C%22ModifiedDate%22%3A%222026-08-17T20%3A30%3A35.038Z%22%2C%22FileIds%22%3A%5B%226a836f243e3a0f1383df3283%22%5D%7D%5D\" data-files=\"%5B%7B%22FileName%22%3A%22EMNY%u0130ET.jpg%22%2C%22ContentType%22%3A%22image\/jpeg%22%2C%22ModifiedDate%22%3A%222026-08-17T20%3A29%3A24.098Z%22%2C%22CreatedBy%22%3A%22cevatz%22%2C%22Length%22%3A0%2C%22ChunkSize%22%3A0%2C%22Metadata%22%3A%7B%22Title%22%3A%22%22%2C%22Description%22%3A%22%22%2C%22EmbedCode%22%3A%22%22%2C%22Tags%22%3A%5B%5D%2C%22ContentTags%22%3A%5B%5D%2C%22Sources%22%3A%5B%5D%2C%22Credit%22%3A%22%22%2C%22FileShowRelatedNews%22%3Afalse%2C%22Grade%22%3A%22%22%2C%22SponsorLogo%22%3A%22%22%2C%22SponsorText%22%3A%22%22%2C%22BtnText%22%3A%22%22%2C%22BtnRedirectUrl%22%3A%22%22%7D%2C%22_Id%22%3A%226a836f243e3a0f1383df3283%22%2C%22id%22%3A%226a836f243e3a0f1383df3283%22%2C%22Application%22%3A%22com.milliyet%22%7D%5D\" data-properties=\"%7B%22Type%22%3A%22RecommendedNewsHorizontalCard%22%2C%22Theme%22%3A%22orange%22%2C%22BoxTitle%22%3A%22%22%2C%22ButtonText%22%3A%22%22%2C%22SelectTarget%22%3A%22_blank%22%7D\" data-type=\"Content\">Emniyet Genel M\u00fcd\u00fcrl\u00fc\u011f\u00fcnde terfi ve atamalar yap\u0131ld\u0131<\/section>\n","protected":false},"excerpt":{"rendered":"<p>Resmi gazetede yay\u0131nlanan atama kararlar\u0131na g\u00f6re \u00d6SYM Ba\u015fkanl\u0131\u011f\u0131na Bayram Ali Ersoy atand\u0131. BAYRAM AL\u0130 ERSOY&#8230;<\/p>\n","protected":false},"author":1,"featured_media":4341,"comment_status":"open","ping_status":"open","sticky":false,"template":"","format":"standard","meta":{"footnotes":""},"categories":[11],"tags":[],"ppma_author":[57],"class_list":["post-4340","post","type-post","status-publish","format-standard","has-post-thumbnail","hentry","category-sarkoy"],"authors":[{"term_id":57,"user_id":1,"is_guest":0,"slug":"admin","display_name":"Alp Aslan","avatar_url":"https:\/\/secure.gravatar.com\/avatar\/07c18c5ad3350b025db8f3328450e071acb435c703e565899c880c63362f137a?s=96&d=mm&r=g","author_category":"1","first_name":"Alp Aslan","last_name":"ER\u0130N","user_url":"http:\/\/www.gundem59.com.tr","job_title":"","description":""}],"_links":{"self":[{"href":"https:\/\/gundem59.com.tr\/index.php?rest_route=\/wp\/v2\/posts\/4340","targetHints":{"allow":["GET"]}}],"collection":[{"href":"https:\/\/gundem59.com.tr\/index.php?rest_route=\/wp\/v2\/posts"}],"about":[{"href":"https:\/\/gundem59.com.tr\/index.php?rest_route=\/wp\/v2\/types\/post"}],"author":[{"embeddable":true,"href":"https:\/\/gundem59.com.tr\/index.php?rest_route=\/wp\/v2\/users\/1"}],"replies":[{"embeddable":true,"href":"https:\/\/gundem59.com.tr\/index.php?rest_route=%2Fwp%2Fv2%2Fcomments&post=4340"}],"version-history":[{"count":0,"href":"https:\/\/gundem59.com.tr\/index.php?rest_route=\/wp\/v2\/posts\/4340\/revisions"}],"wp:featuredmedia":[{"embeddable":true,"href":"https:\/\/gundem59.com.tr\/index.php?rest_route=\/wp\/v2\/media\/4341"}],"wp:attachment":[{"href":"https:\/\/gundem59.com.tr\/index.php?rest_route=%2Fwp%2Fv2%2Fmedia&parent=4340"}],"wp:term":[{"taxonomy":"category","embeddable":true,"href":"https:\/\/gundem59.com.tr\/index.php?rest_route=%2Fwp%2Fv2%2Fcategories&post=4340"},{"taxonomy":"post_tag","embeddable":true,"href":"https:\/\/gundem59.com.tr\/index.php?rest_route=%2Fwp%2Fv2%2Ftags&post=4340"},{"taxonomy":"author","embeddable":true,"href":"https:\/\/gundem59.com.tr\/index.php?rest_route=%2Fwp%2Fv2%2Fppma_author&post=4340"}],"curies":[{"name":"wp","href":"https:\/\/api.w.org\/{rel}","templated":true}]}}