{"id":4339,"date":"2026-08-17T21:51:00","date_gmt":"2026-08-17T21:51:00","guid":{"rendered":"https:\/\/gundem59.com.tr\/?p=4339"},"modified":"2026-08-17T23:00:26","modified_gmt":"2026-08-17T23:00:26","slug":"9-ulkeye-yeni-buyukelci-atandi","status":"publish","type":"post","link":"https:\/\/gundem59.com.tr\/?p=4339","title":{"rendered":"9 \u00fclkeye yeni b\u00fcy\u00fckel\u00e7i atand\u0131"},"content":{"rendered":"\n<p class=\"wp-block-paragraph\">Cumhurba\u015fkan\u0131 Recep Tayyip Erdo\u011fan&#8217;\u0131n imzas\u0131yla yap\u0131lan b\u00fcy\u00fckel\u00e7i atamalar\u0131na ili\u015fkin kararlar, Resmi Gazete&#8217;de yay\u0131mland\u0131.<\/p>\n\n\n\n<p class=\"wp-block-paragraph\">Resmi Gazete&#8217;de yay\u0131mlanan Cumhurba\u015fkan\u0131 Karar\u0131 ile b\u00fcy\u00fckel\u00e7ilik atamalar\u0131 ger\u00e7ekle\u015ftirildi.<\/p>\n\n\n\n<p class=\"wp-block-paragraph\">Buna g\u00f6re;&nbsp;<a href=\"https:\/\/www.trthaber.com\/etiket\/katar\/\" target=\"_blank\" rel=\"noreferrer noopener\">Katar<\/a>&nbsp;Devleti Nezdinde T\u00fcrkiye Cumhuriyeti B\u00fcy\u00fckel\u00e7ili\u011fine Yakup Caymazo\u011flu,&nbsp;<a href=\"https:\/\/www.trthaber.com\/etiket\/urdun\/\" target=\"_blank\" rel=\"noreferrer noopener\">\u00dcrd\u00fcn<\/a>&nbsp;Ha\u015fimi Krall\u0131\u011f\u0131 Nezdinde&nbsp;T\u00fcrkiye Cumhuriyeti B\u00fcy\u00fckel\u00e7ili\u011fine Hakan Kara\u00e7ay,&nbsp;<a href=\"https:\/\/www.trthaber.com\/etiket\/kuveyt\/\" target=\"_blank\" rel=\"noreferrer noopener\">Kuveyt<\/a>&nbsp;Devleti Nezdinde&nbsp;T\u00fcrkiye Cumhuriyeti B\u00fcy\u00fckel\u00e7ili\u011fine Can O\u011fuz,&nbsp;<a href=\"https:\/\/www.trthaber.com\/etiket\/moldova\/\" target=\"_blank\" rel=\"noreferrer noopener\">Moldova<\/a>&nbsp;Cumhuriyeti Nezdinde&nbsp;T\u00fcrkiye Cumhuriyeti B\u00fcy\u00fckel\u00e7ili\u011fine Nazmiye Ba\u015faran, Cibuti Cumhuriyeti Nezdinde&nbsp;T\u00fcrkiye Cumhuriyeti B\u00fcy\u00fckel\u00e7ili\u011fine H\u00fcseyin \u00d6zdemir,&nbsp;<a href=\"https:\/\/www.trthaber.com\/etiket\/estonya\/\" target=\"_blank\" rel=\"noreferrer noopener\">Estonya<\/a>&nbsp;Cumhuriyeti Nezdinde&nbsp;T\u00fcrkiye Cumhuriyeti B\u00fcy\u00fckel\u00e7ili\u011fine Havva Yonca G\u00fcnd\u00fcz \u00d6z\u00e7eri, Kongo Demokratik Cumhuriyeti Nezdinde&nbsp;T\u00fcrkiye Cumhuriyeti B\u00fcy\u00fckel\u00e7ili\u011fine Senem G\u00fczel,&nbsp;<a href=\"https:\/\/www.trthaber.com\/etiket\/iran\/\" target=\"_blank\" rel=\"noreferrer noopener\">\u0130ran<\/a>&nbsp;\u0130slam Cumhuriyeti Nezdinde&nbsp;T\u00fcrkiye Cumhuriyeti B\u00fcy\u00fckel\u00e7ili\u011fine Ahmet&nbsp;<a href=\"https:\/\/www.trthaber.com\/etiket\/aydin\/\" target=\"_blank\" rel=\"noreferrer noopener\">Ayd\u0131n<\/a>&nbsp;Do\u011fan, Botsvana Cumhuriyeti Nezdinde&nbsp;T\u00fcrkiye Cumhuriyeti B\u00fcy\u00fckel\u00e7ili\u011fine Ela Be\u015fkarde\u015f&nbsp;<a href=\"https:\/\/www.trthaber.com\/etiket\/karagol\/\" target=\"_blank\" rel=\"noreferrer noopener\">Karag\u00f6l<\/a>&nbsp;atand\u0131.<\/p>\n\n\n\n<p class=\"wp-block-paragraph\">Ayr\u0131ca Cibuti Cumhuriyeti Nezdinde&nbsp;T\u00fcrkiye Cumhuriyeti B\u00fcy\u00fckel\u00e7isi Erdal Sabri Ergen ve Uruguay Do\u011fu Cumhuriyeti Nezdinde&nbsp;T\u00fcrkiye Cumhuriyeti B\u00fcy\u00fckel\u00e7isi Tunca \u00d6z\u00e7uhadar merkeze al\u0131nd\u0131.<\/p>\n","protected":false},"excerpt":{"rendered":"<p>Cumhurba\u015fkan\u0131 Recep Tayyip Erdo\u011fan&#8217;\u0131n imzas\u0131yla yap\u0131lan b\u00fcy\u00fckel\u00e7i atamalar\u0131na ili\u015fkin kararlar, Resmi Gazete&#8217;de yay\u0131mland\u0131. Resmi Gazete&#8217;de&#8230;<\/p>\n","protected":false},"author":1,"featured_media":4350,"comment_status":"open","ping_status":"open","sticky":false,"template":"","format":"standard","meta":{"footnotes":""},"categories":[30],"tags":[],"ppma_author":[57],"class_list":["post-4339","post","type-post","status-publish","format-standard","has-post-thumbnail","hentry","category-ulusal-gundem"],"authors":[{"term_id":57,"user_id":1,"is_guest":0,"slug":"admin","display_name":"Alp Aslan","avatar_url":"https:\/\/secure.gravatar.com\/avatar\/07c18c5ad3350b025db8f3328450e071acb435c703e565899c880c63362f137a?s=96&d=mm&r=g","author_category":"1","first_name":"Alp Aslan","last_name":"ER\u0130N","user_url":"http:\/\/www.gundem59.com.tr","job_title":"","description":""}],"_links":{"self":[{"href":"https:\/\/gundem59.com.tr\/index.php?rest_route=\/wp\/v2\/posts\/4339","targetHints":{"allow":["GET"]}}],"collection":[{"href":"https:\/\/gundem59.com.tr\/index.php?rest_route=\/wp\/v2\/posts"}],"about":[{"href":"https:\/\/gundem59.com.tr\/index.php?rest_route=\/wp\/v2\/types\/post"}],"author":[{"embeddable":true,"href":"https:\/\/gundem59.com.tr\/index.php?rest_route=\/wp\/v2\/users\/1"}],"replies":[{"embeddable":true,"href":"https:\/\/gundem59.com.tr\/index.php?rest_route=%2Fwp%2Fv2%2Fcomments&post=4339"}],"version-history":[{"count":1,"href":"https:\/\/gundem59.com.tr\/index.php?rest_route=\/wp\/v2\/posts\/4339\/revisions"}],"predecessor-version":[{"id":4351,"href":"https:\/\/gundem59.com.tr\/index.php?rest_route=\/wp\/v2\/posts\/4339\/revisions\/4351"}],"wp:featuredmedia":[{"embeddable":true,"href":"https:\/\/gundem59.com.tr\/index.php?rest_route=\/wp\/v2\/media\/4350"}],"wp:attachment":[{"href":"https:\/\/gundem59.com.tr\/index.php?rest_route=%2Fwp%2Fv2%2Fmedia&parent=4339"}],"wp:term":[{"taxonomy":"category","embeddable":true,"href":"https:\/\/gundem59.com.tr\/index.php?rest_route=%2Fwp%2Fv2%2Fcategories&post=4339"},{"taxonomy":"post_tag","embeddable":true,"href":"https:\/\/gundem59.com.tr\/index.php?rest_route=%2Fwp%2Fv2%2Ftags&post=4339"},{"taxonomy":"author","embeddable":true,"href":"https:\/\/gundem59.com.tr\/index.php?rest_route=%2Fwp%2Fv2%2Fppma_author&post=4339"}],"curies":[{"name":"wp","href":"https:\/\/api.w.org\/{rel}","templated":true}]}}