{"id":4265,"date":"2026-08-13T13:00:32","date_gmt":"2026-08-13T13:00:32","guid":{"rendered":"https:\/\/gundem59.com.tr\/?p=4265"},"modified":"2026-08-13T13:00:33","modified_gmt":"2026-08-13T13:00:33","slug":"iste-bakan-ciftcinin-alihan-kuris-almanyadan-yonetecekti-dedigi-dev-merkez","status":"publish","type":"post","link":"https:\/\/gundem59.com.tr\/?p=4265","title":{"rendered":"\u0130\u015fte Bakan \u00c7ift\u00e7i\u2019nin \u201cAlihan Kuri\u015f Almanya\u2019dan y\u00f6netecekti\u201d dedi\u011fi dev merkez"},"content":{"rendered":"\n<p class=\"wp-block-paragraph\">\u201cS\u00fcleymanc\u0131lar\u201d grubunun lideri Alihan Kuri\u015f\u2019in de aralar\u0131nda bulundu\u011fu 30 ki\u015finin g\u00f6zalt\u0131na al\u0131nd\u0131\u011f\u0131 17 ildeki operasyonun ard\u0131ndan, grubun Almanya\u2019n\u0131n K\u00f6ln kentinde in\u015fa etti\u011fi yakla\u015f\u0131k 70 milyon euroluk dev merkez g\u00fcndeme geldi.<\/p>\n\n\n\n<p class=\"wp-block-paragraph\">Yakla\u015f\u0131k 4 milyar 125 milyon TL de\u011ferindeki merkezin, grubun Avrupa\u2019daki faaliyetlerinin merkezi olarak planland\u0131\u011f\u0131 ve \u00e7al\u0131\u015fmalar\u0131n tamamlanmas\u0131n\u0131n ard\u0131ndan faaliyetlerin buraya ta\u015f\u0131nmas\u0131n\u0131n de\u011ferlendirildi\u011fi belirtildi.<\/p>\n\n\n\n<figure class=\"wp-block-image size-full\"><img  title=\"\" loading=\"lazy\" decoding=\"async\" width=\"640\" height=\"353\" src=\"https:\/\/gundem59.com.tr\/wp-content\/uploads\/2026\/08\/iste-bakan-ciftcinin-alihan-ku-20141193-7117_1_m.webp\"  alt=\"iste-bakan-ciftcinin-alihan-ku-20141193-7117_1_m \u0130\u015fte Bakan \u00c7ift\u00e7i\u2019nin \u201cAlihan Kuri\u015f Almanya\u2019dan y\u00f6netecekti\u201d dedi\u011fi dev merkez\"  class=\"wp-image-4267\" srcset=\"https:\/\/gundem59.com.tr\/wp-content\/uploads\/2026\/08\/iste-bakan-ciftcinin-alihan-ku-20141193-7117_1_m.webp 640w, https:\/\/gundem59.com.tr\/wp-content\/uploads\/2026\/08\/iste-bakan-ciftcinin-alihan-ku-20141193-7117_1_m-300x165.webp 300w\" sizes=\"auto, (max-width: 640px) 100vw, 640px\" \/><\/figure>\n\n\n\n<h2 class=\"wp-block-heading\">K\u00d6LN\u2019DE 70 M\u0130LYON EUROLUK DEV MERKEZ<\/h2>\n\n\n\n<p class=\"wp-block-paragraph\">Grubun Almanya\u2019n\u0131n K\u00f6ln kentinde in\u015fa etti\u011fi merkezin yakla\u015f\u0131k 17 bin metrekarelik arazi \u00fczerinde y\u00fckseldi\u011fi belirtildi.<\/p>\n\n\n\n<p class=\"wp-block-paragraph\">Yakla\u015f\u0131k 70 milyon euro maliyetle in\u015fa edildi\u011fi ifade edilen merkezde idare, mescit ve yurt olmak \u00fczere \u00fc\u00e7 ana b\u00f6l\u00fcm bulunuyor.<\/p>\n\n\n\n<p class=\"wp-block-paragraph\">Merkezin \u00f6zellikleri \u015f\u00f6yle:<\/p>\n\n\n\n<figure class=\"wp-block-image size-full\"><img  title=\"\" loading=\"lazy\" decoding=\"async\" width=\"640\" height=\"638\" src=\"https:\/\/gundem59.com.tr\/wp-content\/uploads\/2026\/08\/iste-bakan-ciftcinin-alihan-ku-20141193-4993_1_m.webp\"  alt=\"iste-bakan-ciftcinin-alihan-ku-20141193-4993_1_m \u0130\u015fte Bakan \u00c7ift\u00e7i\u2019nin \u201cAlihan Kuri\u015f Almanya\u2019dan y\u00f6netecekti\u201d dedi\u011fi dev merkez\"  class=\"wp-image-4268\" srcset=\"https:\/\/gundem59.com.tr\/wp-content\/uploads\/2026\/08\/iste-bakan-ciftcinin-alihan-ku-20141193-4993_1_m.webp 640w, https:\/\/gundem59.com.tr\/wp-content\/uploads\/2026\/08\/iste-bakan-ciftcinin-alihan-ku-20141193-4993_1_m-300x300.webp 300w, https:\/\/gundem59.com.tr\/wp-content\/uploads\/2026\/08\/iste-bakan-ciftcinin-alihan-ku-20141193-4993_1_m-150x150.webp 150w\" sizes=\"auto, (max-width: 640px) 100vw, 640px\" \/><\/figure>\n\n\n\n<ul class=\"wp-block-list\">\n<li>231 ki\u015filik yurt kapasitesi<\/li>\n\n\n\n<li>881 ki\u015finin ayn\u0131 anda ibadet edebilece\u011fi alan<\/li>\n\n\n\n<li>400 ki\u015filik nikah salonu<\/li>\n\n\n\n<li>Ticari alanlar<\/li>\n\n\n\n<li>172 ara\u00e7l\u0131k otopark<\/li>\n\n\n\n<li>\u0130dari b\u00f6l\u00fcmler<\/li>\n<\/ul>\n\n\n\n<h2 class=\"wp-block-heading\">MERKEZ\u0130N MAL\u0130 KAYNA\u011eI ARA\u015eTIRILIYOR<\/h2>\n\n\n\n<p class=\"wp-block-paragraph\">Milyonlarca euroluk merkezin hangi kaynaklarla finanse edildi\u011fi de soru\u015fturman\u0131n dikkat \u00e7eken ba\u015fl\u0131klar\u0131 aras\u0131nda yer ald\u0131.<\/p>\n\n\n\n<p class=\"wp-block-paragraph\">Merkezin yap\u0131m\u0131nda K\u00f6ln Belediyesi ve Alman devletinin do\u011frudan destek sa\u011flad\u0131\u011f\u0131 y\u00f6n\u00fcndeki iddialar\u0131n da ara\u015ft\u0131r\u0131ld\u0131\u011f\u0131 belirtildi.<\/p>\n\n\n\n<figure class=\"wp-block-image size-full\"><img  title=\"\" loading=\"lazy\" decoding=\"async\" width=\"640\" height=\"360\" src=\"https:\/\/gundem59.com.tr\/wp-content\/uploads\/2026\/08\/iste-bakan-ciftcinin-alihan-ku-20141193-4514_2_m.webp\"  alt=\"iste-bakan-ciftcinin-alihan-ku-20141193-4514_2_m \u0130\u015fte Bakan \u00c7ift\u00e7i\u2019nin \u201cAlihan Kuri\u015f Almanya\u2019dan y\u00f6netecekti\u201d dedi\u011fi dev merkez\"  class=\"wp-image-4269\" srcset=\"https:\/\/gundem59.com.tr\/wp-content\/uploads\/2026\/08\/iste-bakan-ciftcinin-alihan-ku-20141193-4514_2_m.webp 640w, https:\/\/gundem59.com.tr\/wp-content\/uploads\/2026\/08\/iste-bakan-ciftcinin-alihan-ku-20141193-4514_2_m-300x169.webp 300w\" sizes=\"auto, (max-width: 640px) 100vw, 640px\" \/><\/figure>\n\n\n\n<h2 class=\"wp-block-heading\">BAKAN \u00c7\u0130FT\u00c7\u0130: FAAL\u0130YETLER\u0130N TAMAMINI ORAYA KAYDIRACAKLARDI<\/h2>\n\n\n\n<p class=\"wp-block-paragraph\">\u0130\u00e7i\u015fleri Bakan\u0131 Mustafa \u00c7ift\u00e7i, operasyonun ard\u0131ndan yapt\u0131\u011f\u0131 de\u011ferlendirmede K\u00f6ln\u2019deki merkezin grubun faaliyetleri a\u00e7\u0131s\u0131ndan \u00f6nemine dikkat \u00e7ekti.<\/p>\n\n\n\n<p class=\"wp-block-paragraph\">\u00c7ift\u00e7i, Alihan Kuri\u015f\u2019in 2016 y\u0131l\u0131nda grubun ba\u015f\u0131na ge\u00e7mesinin ard\u0131ndan faaliyetlerin daha gizli y\u00fcr\u00fct\u00fclmeye ba\u015fland\u0131\u011f\u0131n\u0131 belirterek, Almanya\u2019n\u0131n K\u00f6ln kentinde b\u00fcy\u00fck bir merkez in\u015fa edildi\u011fini s\u00f6yledi.<\/p>\n\n\n\n<p class=\"wp-block-paragraph\">Bakan \u00c7ift\u00e7i, merkezin tamamlanmas\u0131n\u0131n ard\u0131ndan grubun faaliyetlerinin tamam\u0131n\u0131 buraya ta\u015f\u0131may\u0131 planlad\u0131\u011f\u0131n\u0131n de\u011ferlendirildi\u011fini ifade etti.<\/p>\n\n\n\n<figure class=\"wp-block-image size-full\"><img  title=\"\" loading=\"lazy\" decoding=\"async\" width=\"640\" height=\"482\" src=\"https:\/\/gundem59.com.tr\/wp-content\/uploads\/2026\/08\/iste-bakan-ciftcinin-alihan-ku-20141193-2492_1_m.webp\"  alt=\"iste-bakan-ciftcinin-alihan-ku-20141193-2492_1_m \u0130\u015fte Bakan \u00c7ift\u00e7i\u2019nin \u201cAlihan Kuri\u015f Almanya\u2019dan y\u00f6netecekti\u201d dedi\u011fi dev merkez\"  class=\"wp-image-4270\" srcset=\"https:\/\/gundem59.com.tr\/wp-content\/uploads\/2026\/08\/iste-bakan-ciftcinin-alihan-ku-20141193-2492_1_m.webp 640w, https:\/\/gundem59.com.tr\/wp-content\/uploads\/2026\/08\/iste-bakan-ciftcinin-alihan-ku-20141193-2492_1_m-300x226.webp 300w\" sizes=\"auto, (max-width: 640px) 100vw, 640px\" \/><\/figure>\n\n\n\n<h2 class=\"wp-block-heading\">OPERASYONUN ODA\u011eINDA F\u0130NANSAL YAPI VAR<\/h2>\n\n\n\n<p class=\"wp-block-paragraph\">17 ilde ger\u00e7ekle\u015ftirilen e\u015f zamanl\u0131 operasyonlarda Alihan Kuri\u015f\u2019in de aralar\u0131nda bulundu\u011fu 30 \u015f\u00fcpheli g\u00f6zalt\u0131na al\u0131nd\u0131.<\/p>\n\n\n\n<p class=\"wp-block-paragraph\">Soru\u015fturman\u0131n \u00f6zellikle grubun finansal yap\u0131lanmas\u0131 ve para hareketleri \u00fczerine yo\u011funla\u015ft\u0131\u011f\u0131 belirtildi.<\/p>\n\n\n\n<p class=\"wp-block-paragraph\">Yetkililerin, T\u00fcrkiye&#8217;deki yap\u0131lanma ile Almanya&#8217;daki merkez aras\u0131ndaki ba\u011flant\u0131lar\u0131 ve merkezin finansman kaynaklar\u0131n\u0131 da soru\u015fturma kapsam\u0131nda inceledi\u011fi bildirildi.<\/p>\n","protected":false},"excerpt":{"rendered":"<p>\u201cS\u00fcleymanc\u0131lar\u201d grubunun lideri Alihan Kuri\u015f\u2019in de aralar\u0131nda bulundu\u011fu 30 ki\u015finin g\u00f6zalt\u0131na al\u0131nd\u0131\u011f\u0131 17 ildeki operasyonun&#8230;<\/p>\n","protected":false},"author":1,"featured_media":4266,"comment_status":"open","ping_status":"open","sticky":false,"template":"","format":"standard","meta":{"footnotes":""},"categories":[59],"tags":[],"ppma_author":[57],"class_list":["post-4265","post","type-post","status-publish","format-standard","has-post-thumbnail","hentry","category-son-dakika"],"authors":[{"term_id":57,"user_id":1,"is_guest":0,"slug":"admin","display_name":"Alp Aslan","avatar_url":"https:\/\/secure.gravatar.com\/avatar\/07c18c5ad3350b025db8f3328450e071acb435c703e565899c880c63362f137a?s=96&d=mm&r=g","author_category":"1","first_name":"Alp Aslan","last_name":"ER\u0130N","user_url":"http:\/\/www.gundem59.com.tr","job_title":"","description":""}],"_links":{"self":[{"href":"https:\/\/gundem59.com.tr\/index.php?rest_route=\/wp\/v2\/posts\/4265","targetHints":{"allow":["GET"]}}],"collection":[{"href":"https:\/\/gundem59.com.tr\/index.php?rest_route=\/wp\/v2\/posts"}],"about":[{"href":"https:\/\/gundem59.com.tr\/index.php?rest_route=\/wp\/v2\/types\/post"}],"author":[{"embeddable":true,"href":"https:\/\/gundem59.com.tr\/index.php?rest_route=\/wp\/v2\/users\/1"}],"replies":[{"embeddable":true,"href":"https:\/\/gundem59.com.tr\/index.php?rest_route=%2Fwp%2Fv2%2Fcomments&post=4265"}],"version-history":[{"count":1,"href":"https:\/\/gundem59.com.tr\/index.php?rest_route=\/wp\/v2\/posts\/4265\/revisions"}],"predecessor-version":[{"id":4271,"href":"https:\/\/gundem59.com.tr\/index.php?rest_route=\/wp\/v2\/posts\/4265\/revisions\/4271"}],"wp:featuredmedia":[{"embeddable":true,"href":"https:\/\/gundem59.com.tr\/index.php?rest_route=\/wp\/v2\/media\/4266"}],"wp:attachment":[{"href":"https:\/\/gundem59.com.tr\/index.php?rest_route=%2Fwp%2Fv2%2Fmedia&parent=4265"}],"wp:term":[{"taxonomy":"category","embeddable":true,"href":"https:\/\/gundem59.com.tr\/index.php?rest_route=%2Fwp%2Fv2%2Fcategories&post=4265"},{"taxonomy":"post_tag","embeddable":true,"href":"https:\/\/gundem59.com.tr\/index.php?rest_route=%2Fwp%2Fv2%2Ftags&post=4265"},{"taxonomy":"author","embeddable":true,"href":"https:\/\/gundem59.com.tr\/index.php?rest_route=%2Fwp%2Fv2%2Fppma_author&post=4265"}],"curies":[{"name":"wp","href":"https:\/\/api.w.org\/{rel}","templated":true}]}}