{"id":4222,"date":"2026-08-11T01:45:15","date_gmt":"2026-08-11T01:45:15","guid":{"rendered":"https:\/\/gundem59.com.tr\/?p=4222"},"modified":"2026-08-11T01:45:15","modified_gmt":"2026-08-11T01:45:15","slug":"corluda-feci-kaza-1-olu-2-yarali","status":"publish","type":"post","link":"https:\/\/gundem59.com.tr\/?p=4222","title":{"rendered":"\u00c7orlu\u2019da Feci Kaza: 1 \u00d6l\u00fc, 2 Yaral\u0131"},"content":{"rendered":"\n<p class=\"wp-block-paragraph\">Tekirda\u011f\u2019\u0131n \u00c7orlu il\u00e7esinde iki otomobilin kafa kafaya \u00e7arp\u0131\u015ft\u0131\u011f\u0131 kazada 71 ya\u015f\u0131ndaki s\u00fcr\u00fcc\u00fc \u0130smail Erdo\u011fdu hayat\u0131n\u0131 kaybetti. Kazada biri \u00e7ocuk 2 ki\u015fi de yaraland\u0131.<\/p>\n\n\n\n<figure class=\"wp-block-image size-full\"><img  title=\"\" loading=\"lazy\" decoding=\"async\" width=\"543\" height=\"342\" src=\"https:\/\/gundem59.com.tr\/wp-content\/uploads\/2026\/08\/iki-otomobilin-carpistigi-kazada-araclardan-4-20133687_amp.jpg\"  alt=\"iki-otomobilin-carpistigi-kazada-araclardan-4-20133687_amp \u00c7orlu\u2019da Feci Kaza: 1 \u00d6l\u00fc, 2 Yaral\u0131\"  class=\"wp-image-4224\" srcset=\"https:\/\/gundem59.com.tr\/wp-content\/uploads\/2026\/08\/iki-otomobilin-carpistigi-kazada-araclardan-4-20133687_amp.jpg 543w, https:\/\/gundem59.com.tr\/wp-content\/uploads\/2026\/08\/iki-otomobilin-carpistigi-kazada-araclardan-4-20133687_amp-300x189.jpg 300w, https:\/\/gundem59.com.tr\/wp-content\/uploads\/2026\/08\/iki-otomobilin-carpistigi-kazada-araclardan-4-20133687_amp-150x95.jpg 150w\" sizes=\"auto, (max-width: 543px) 100vw, 543px\" \/><\/figure>\n\n\n\n<p class=\"wp-block-paragraph\">Kaza, \u00c7orlu\u2019nun Karatepe mevkisi \u00e7evre yolunda meydana geldi. Yap\u0131m \u00e7al\u0131\u015fmalar\u0131 nedeniyle b\u00f6l\u00fcnm\u00fc\u015f yolda seyir halinde olan \u0130smail Erdo\u011fdu (71) y\u00f6netimindeki 59 AKF 050 plakal\u0131 otomobil, kar\u015f\u0131 y\u00f6nden gelen U.K. idaresindeki 34 ZOS 79 plakal\u0131 otomobille kafa kafaya \u00e7arp\u0131\u015ft\u0131.<\/p>\n\n\n\n<p class=\"wp-block-paragraph\">\u00c7arp\u0131\u015fman\u0131n \u015fiddetiyle Erdo\u011fdu\u2019nun kulland\u0131\u011f\u0131 otomobil alev ald\u0131. Kazay\u0131 g\u00f6renlerin ihbar\u0131 \u00fczerine b\u00f6lgeye itfaiye, jandarma ve sa\u011fl\u0131k ekipleri sevk edildi.<\/p>\n\n\n\n<p class=\"wp-block-paragraph\">\u0130tfaiye ekiplerinin m\u00fcdahalesiyle yanan ara\u00e7 s\u00f6nd\u00fcr\u00fcl\u00fcrken, otomobil i\u00e7erisinde s\u0131k\u0131\u015fan s\u00fcr\u00fcc\u00fc \u0130smail Erdo\u011fdu\u2019nun hayat\u0131n\u0131 kaybetti\u011fi belirlendi.<\/p>\n\n\n\n<p class=\"wp-block-paragraph\">Di\u011fer otomobilin s\u00fcr\u00fcc\u00fcs\u00fc U.K. ile ara\u00e7ta bulunan 4 ya\u015f\u0131ndaki D.T.K. kazada yaraland\u0131. Yaral\u0131lar, sa\u011fl\u0131k ekiplerinin olay yerindeki ilk m\u00fcdahalesinin ard\u0131ndan ambulanslarla \u00c7orlu Devlet Hastanesi\u2019ne kald\u0131r\u0131larak tedavi alt\u0131na al\u0131nd\u0131.<\/p>\n\n\n\n<p class=\"wp-block-paragraph\">Hayat\u0131n\u0131 kaybeden \u0130smail Erdo\u011fdu\u2019nun cenazesi, Cumhuriyet savc\u0131s\u0131n\u0131n olay yerindeki incelemesinin ard\u0131ndan \u00c7orlu Devlet Hastanesi morguna kald\u0131r\u0131ld\u0131.<\/p>\n\n\n\n<p class=\"wp-block-paragraph\">Kazayla ilgili soru\u015fturma ba\u015flat\u0131ld\u0131.<\/p>\n\n\n\n<p class=\"wp-block-paragraph\">#\u00c7orlu #Tekirda\u011f #\u00c7orluHaberleri #TrafikKazas\u0131 #Kaza #Tekirda\u011fHaberleri #SonDakika #G\u00fcndem #Trafik #Asayi\u015f<\/p>\n","protected":false},"excerpt":{"rendered":"<p>Tekirda\u011f\u2019\u0131n \u00c7orlu il\u00e7esinde iki otomobilin kafa kafaya \u00e7arp\u0131\u015ft\u0131\u011f\u0131 kazada 71 ya\u015f\u0131ndaki s\u00fcr\u00fcc\u00fc \u0130smail Erdo\u011fdu hayat\u0131n\u0131&#8230;<\/p>\n","protected":false},"author":1,"featured_media":4223,"comment_status":"open","ping_status":"open","sticky":false,"template":"","format":"standard","meta":{"footnotes":""},"categories":[5],"tags":[],"ppma_author":[57],"class_list":["post-4222","post","type-post","status-publish","format-standard","has-post-thumbnail","hentry","category-corlu"],"authors":[{"term_id":57,"user_id":1,"is_guest":0,"slug":"admin","display_name":"Alp Aslan","avatar_url":"https:\/\/secure.gravatar.com\/avatar\/07c18c5ad3350b025db8f3328450e071acb435c703e565899c880c63362f137a?s=96&d=mm&r=g","author_category":"1","first_name":"Alp Aslan","last_name":"ER\u0130N","user_url":"http:\/\/www.gundem59.com.tr","job_title":"","description":""}],"_links":{"self":[{"href":"https:\/\/gundem59.com.tr\/index.php?rest_route=\/wp\/v2\/posts\/4222","targetHints":{"allow":["GET"]}}],"collection":[{"href":"https:\/\/gundem59.com.tr\/index.php?rest_route=\/wp\/v2\/posts"}],"about":[{"href":"https:\/\/gundem59.com.tr\/index.php?rest_route=\/wp\/v2\/types\/post"}],"author":[{"embeddable":true,"href":"https:\/\/gundem59.com.tr\/index.php?rest_route=\/wp\/v2\/users\/1"}],"replies":[{"embeddable":true,"href":"https:\/\/gundem59.com.tr\/index.php?rest_route=%2Fwp%2Fv2%2Fcomments&post=4222"}],"version-history":[{"count":1,"href":"https:\/\/gundem59.com.tr\/index.php?rest_route=\/wp\/v2\/posts\/4222\/revisions"}],"predecessor-version":[{"id":4225,"href":"https:\/\/gundem59.com.tr\/index.php?rest_route=\/wp\/v2\/posts\/4222\/revisions\/4225"}],"wp:featuredmedia":[{"embeddable":true,"href":"https:\/\/gundem59.com.tr\/index.php?rest_route=\/wp\/v2\/media\/4223"}],"wp:attachment":[{"href":"https:\/\/gundem59.com.tr\/index.php?rest_route=%2Fwp%2Fv2%2Fmedia&parent=4222"}],"wp:term":[{"taxonomy":"category","embeddable":true,"href":"https:\/\/gundem59.com.tr\/index.php?rest_route=%2Fwp%2Fv2%2Fcategories&post=4222"},{"taxonomy":"post_tag","embeddable":true,"href":"https:\/\/gundem59.com.tr\/index.php?rest_route=%2Fwp%2Fv2%2Ftags&post=4222"},{"taxonomy":"author","embeddable":true,"href":"https:\/\/gundem59.com.tr\/index.php?rest_route=%2Fwp%2Fv2%2Fppma_author&post=4222"}],"curies":[{"name":"wp","href":"https:\/\/api.w.org\/{rel}","templated":true}]}}