{"id":4201,"date":"2026-08-10T10:25:56","date_gmt":"2026-08-10T10:25:56","guid":{"rendered":"https:\/\/gundem59.com.tr\/?p=4201"},"modified":"2026-08-10T10:25:57","modified_gmt":"2026-08-10T10:25:57","slug":"kapaklida-trafik-kazasi-3-yarali","status":"publish","type":"post","link":"https:\/\/gundem59.com.tr\/?p=4201","title":{"rendered":"Kapakl\u0131\u2019da Trafik Kazas\u0131: 3 Yaral\u0131"},"content":{"rendered":"\n<p class=\"wp-block-paragraph\"><strong>TEK\u0130RDA\u011e \u2013<\/strong> Kapakl\u0131\u2019da iki hafif ticari arac\u0131n kav\u015fakta \u00e7arp\u0131\u015fmas\u0131 sonucu meydana gelen kazada, biri yaya olmak \u00fczere <strong>3 ki\u015fi yaraland\u0131.<\/strong><\/p>\n\n\n\n<p class=\"wp-block-paragraph\">Kaza, <strong>Karaa\u011fa\u00e7 Mahallesi And\u0131m\u0131z Caddesi\u2019nde<\/strong> meydana geldi. B.M. y\u00f6netimindeki <strong>34 HYG 496 plakal\u0131 hafif ticari ara\u00e7<\/strong> ile K.E. idaresindeki <strong>34 DYA 938 plakal\u0131 hafif ticari ara\u00e7<\/strong> kav\u015fakta \u00e7arp\u0131\u015ft\u0131.<\/p>\n\n\n\n<h3 class=\"wp-block-heading\">YAN YATAN ARA\u00c7 YAYAYA \u00c7ARPTI<\/h3>\n\n\n\n<p class=\"wp-block-paragraph\">\u00c7arp\u0131\u015fman\u0131n etkisiyle savrularak yan yatan 34 HYG 496 plakal\u0131 ara\u00e7, bu s\u0131rada kald\u0131r\u0131mda y\u00fcr\u00fcyen <strong>B.\u00d6.\u2019ye<\/strong> \u00e7arpt\u0131.<\/p>\n\n\n\n<p class=\"wp-block-paragraph\">Kazada ara\u00e7 s\u00fcr\u00fcc\u00fcleri <strong>B.M. ve K.E. ile yaya B.\u00d6.<\/strong> yaraland\u0131.<\/p>\n\n\n\n<h3 class=\"wp-block-heading\">YARALILAR HASTANEYE KALDIRILDI<\/h3>\n\n\n\n<p class=\"wp-block-paragraph\">\u0130hbar \u00fczerine olay yerine <strong>jandarma ve sa\u011fl\u0131k ekipleri<\/strong> sevk edildi.<\/p>\n\n\n\n<p class=\"wp-block-paragraph\">Sa\u011fl\u0131k ekiplerinin olay yerindeki ilk m\u00fcdahalesinin ard\u0131ndan yaral\u0131lar ambulanslarla <strong>\u00c7erkezk\u00f6y Devlet Hastanesi ve Kapakl\u0131 Devlet Hastanesi\u2019ne<\/strong> kald\u0131r\u0131ld\u0131.<\/p>\n\n\n\n<p class=\"wp-block-paragraph\">Jandarma ekipleri kazayla ilgili inceleme ba\u015flatt\u0131.<\/p>\n","protected":false},"excerpt":{"rendered":"<p>TEK\u0130RDA\u011e \u2013 Kapakl\u0131\u2019da iki hafif ticari arac\u0131n kav\u015fakta \u00e7arp\u0131\u015fmas\u0131 sonucu meydana gelen kazada, biri yaya&#8230;<\/p>\n","protected":false},"author":1,"featured_media":4202,"comment_status":"open","ping_status":"open","sticky":false,"template":"","format":"standard","meta":{"footnotes":""},"categories":[7],"tags":[],"ppma_author":[57],"class_list":["post-4201","post","type-post","status-publish","format-standard","has-post-thumbnail","hentry","category-kapakli"],"authors":[{"term_id":57,"user_id":1,"is_guest":0,"slug":"admin","display_name":"Alp Aslan","avatar_url":"https:\/\/secure.gravatar.com\/avatar\/07c18c5ad3350b025db8f3328450e071acb435c703e565899c880c63362f137a?s=96&d=mm&r=g","author_category":"1","first_name":"Alp Aslan","last_name":"ER\u0130N","user_url":"http:\/\/www.gundem59.com.tr","job_title":"","description":""}],"_links":{"self":[{"href":"https:\/\/gundem59.com.tr\/index.php?rest_route=\/wp\/v2\/posts\/4201","targetHints":{"allow":["GET"]}}],"collection":[{"href":"https:\/\/gundem59.com.tr\/index.php?rest_route=\/wp\/v2\/posts"}],"about":[{"href":"https:\/\/gundem59.com.tr\/index.php?rest_route=\/wp\/v2\/types\/post"}],"author":[{"embeddable":true,"href":"https:\/\/gundem59.com.tr\/index.php?rest_route=\/wp\/v2\/users\/1"}],"replies":[{"embeddable":true,"href":"https:\/\/gundem59.com.tr\/index.php?rest_route=%2Fwp%2Fv2%2Fcomments&post=4201"}],"version-history":[{"count":1,"href":"https:\/\/gundem59.com.tr\/index.php?rest_route=\/wp\/v2\/posts\/4201\/revisions"}],"predecessor-version":[{"id":4203,"href":"https:\/\/gundem59.com.tr\/index.php?rest_route=\/wp\/v2\/posts\/4201\/revisions\/4203"}],"wp:featuredmedia":[{"embeddable":true,"href":"https:\/\/gundem59.com.tr\/index.php?rest_route=\/wp\/v2\/media\/4202"}],"wp:attachment":[{"href":"https:\/\/gundem59.com.tr\/index.php?rest_route=%2Fwp%2Fv2%2Fmedia&parent=4201"}],"wp:term":[{"taxonomy":"category","embeddable":true,"href":"https:\/\/gundem59.com.tr\/index.php?rest_route=%2Fwp%2Fv2%2Fcategories&post=4201"},{"taxonomy":"post_tag","embeddable":true,"href":"https:\/\/gundem59.com.tr\/index.php?rest_route=%2Fwp%2Fv2%2Ftags&post=4201"},{"taxonomy":"author","embeddable":true,"href":"https:\/\/gundem59.com.tr\/index.php?rest_route=%2Fwp%2Fv2%2Fppma_author&post=4201"}],"curies":[{"name":"wp","href":"https:\/\/api.w.org\/{rel}","templated":true}]}}