{"id":4095,"date":"2026-08-05T13:25:14","date_gmt":"2026-08-05T13:25:14","guid":{"rendered":"https:\/\/gundem59.com.tr\/?p=4095"},"modified":"2026-08-05T13:25:15","modified_gmt":"2026-08-05T13:25:15","slug":"yasak-ask-iddiasi-sonrasi-skandal-ormana-goturup-zorla-kadin-kiyafeti-giydirdiler","status":"publish","type":"post","link":"https:\/\/gundem59.com.tr\/?p=4095","title":{"rendered":"Yasak A\u015fk \u0130ddias\u0131 Sonras\u0131 Skandal! Ormana G\u00f6t\u00fcr\u00fcp Zorla Kad\u0131n K\u0131yafeti Giydirdiler"},"content":{"rendered":"\n<p class=\"wp-block-paragraph\">Tekirda\u011f&#8217;\u0131n Kapakl\u0131 il\u00e7esinde ya\u015fanan olay, kamuoyunda b\u00fcy\u00fck tepki \u00e7ekti. Arkada\u015f\u0131n\u0131n e\u015fiyle ili\u015fki ya\u015fad\u0131\u011f\u0131 iddia edilen bir ki\u015fi, bir grup taraf\u0131ndan ormanl\u0131k alana g\u00f6t\u00fcr\u00fclerek zorla kad\u0131n k\u0131yafetleri giydirildi. Cep telefonuyla kaydedilen g\u00f6r\u00fcnt\u00fclerin sosyal medyada payla\u015f\u0131lmas\u0131 \u00fczerine jandarma ekipleri harekete ge\u00e7ti.<\/p>\n\n\n\n<figure class=\"wp-block-video\"><video height=\"1920\" style=\"aspect-ratio: 1080 \/ 1920;\" width=\"1080\" controls src=\"https:\/\/gundem59.com.tr\/wp-content\/uploads\/2026\/08\/Sari-Pastel-Sakin-Agustos-Sahili-Instagram-Mobil-Video-3.mp4\"><\/video><\/figure>\n\n\n\n<p class=\"wp-block-paragraph\">Olay, Kapakl\u0131 il\u00e7esine ba\u011fl\u0131 <strong>P\u0131nar\u00e7a Mahallesi \u0130kizg\u00f6l mevkisindeki<\/strong> ormanl\u0131k alanda meydana geldi. \u0130ddiaya g\u00f6re, arkada\u015f\u0131n\u0131n e\u015fiyle ili\u015fkisi oldu\u011fu \u00f6ne s\u00fcr\u00fclen <strong>\u00d6.A.<\/strong>, baz\u0131 ki\u015filer taraf\u0131ndan tehdit edilerek ormanl\u0131k alana g\u00f6t\u00fcr\u00fcld\u00fc.<\/p>\n\n\n\n<p class=\"wp-block-paragraph\">Burada zorla kad\u0131n k\u0131yafetleri giydirilen \u00d6.A.&#8217;ya \u00f6z\u00fcr dilettirildi. O anlar cep telefonu kameras\u0131yla kayda al\u0131n\u0131rken, g\u00f6r\u00fcnt\u00fclerin daha sonra sosyal medyada payla\u015f\u0131lmas\u0131 \u00fczerine olay geni\u015f yank\u0131 uyand\u0131rd\u0131.<\/p>\n\n\n\n<p class=\"wp-block-paragraph\">G\u00f6r\u00fcnt\u00fclerin yay\u0131lmas\u0131n\u0131n ard\u0131ndan <strong>Kapakl\u0131 \u0130l\u00e7e Jandarma Komutanl\u0131\u011f\u0131<\/strong> ekipleri kapsaml\u0131 \u00e7al\u0131\u015fma ba\u015flatt\u0131. Yap\u0131lan teknik ve fiziki takip sonucunda olaya kar\u0131\u015ft\u0131klar\u0131 belirlenen <strong>\u00d6.C., B.E., \u0130.K., E.\u00d6., D.Y. ve E.S.<\/strong> d\u00fczenlenen operasyonla g\u00f6zalt\u0131na al\u0131nd\u0131.<\/p>\n\n\n\n<p class=\"wp-block-paragraph\">Jandarmadaki i\u015flemleri tamamlanan 6 \u015f\u00fcpheli, geni\u015f g\u00fcvenlik \u00f6nlemleri alt\u0131nda <strong>\u00c7erkezk\u00f6y Adliyesi&#8217;ne<\/strong> sevk edildi.<\/p>\n\n\n\n<p class=\"wp-block-paragraph\">Olayla ilgili adli soru\u015fturma s\u00fcr\u00fcyor.<\/p>\n","protected":false},"excerpt":{"rendered":"<p>Tekirda\u011f&#8217;\u0131n Kapakl\u0131 il\u00e7esinde ya\u015fanan olay, kamuoyunda b\u00fcy\u00fck tepki \u00e7ekti. Arkada\u015f\u0131n\u0131n e\u015fiyle ili\u015fki ya\u015fad\u0131\u011f\u0131 iddia edilen&#8230;<\/p>\n","protected":false},"author":1,"featured_media":4096,"comment_status":"open","ping_status":"open","sticky":false,"template":"","format":"standard","meta":{"footnotes":""},"categories":[7],"tags":[],"ppma_author":[57],"class_list":["post-4095","post","type-post","status-publish","format-standard","has-post-thumbnail","hentry","category-kapakli"],"authors":[{"term_id":57,"user_id":1,"is_guest":0,"slug":"admin","display_name":"Alp Aslan","avatar_url":"https:\/\/secure.gravatar.com\/avatar\/07c18c5ad3350b025db8f3328450e071acb435c703e565899c880c63362f137a?s=96&d=mm&r=g","author_category":"1","first_name":"Alp Aslan","last_name":"ER\u0130N","user_url":"http:\/\/www.gundem59.com.tr","job_title":"","description":""}],"_links":{"self":[{"href":"https:\/\/gundem59.com.tr\/index.php?rest_route=\/wp\/v2\/posts\/4095","targetHints":{"allow":["GET"]}}],"collection":[{"href":"https:\/\/gundem59.com.tr\/index.php?rest_route=\/wp\/v2\/posts"}],"about":[{"href":"https:\/\/gundem59.com.tr\/index.php?rest_route=\/wp\/v2\/types\/post"}],"author":[{"embeddable":true,"href":"https:\/\/gundem59.com.tr\/index.php?rest_route=\/wp\/v2\/users\/1"}],"replies":[{"embeddable":true,"href":"https:\/\/gundem59.com.tr\/index.php?rest_route=%2Fwp%2Fv2%2Fcomments&post=4095"}],"version-history":[{"count":1,"href":"https:\/\/gundem59.com.tr\/index.php?rest_route=\/wp\/v2\/posts\/4095\/revisions"}],"predecessor-version":[{"id":4098,"href":"https:\/\/gundem59.com.tr\/index.php?rest_route=\/wp\/v2\/posts\/4095\/revisions\/4098"}],"wp:featuredmedia":[{"embeddable":true,"href":"https:\/\/gundem59.com.tr\/index.php?rest_route=\/wp\/v2\/media\/4096"}],"wp:attachment":[{"href":"https:\/\/gundem59.com.tr\/index.php?rest_route=%2Fwp%2Fv2%2Fmedia&parent=4095"}],"wp:term":[{"taxonomy":"category","embeddable":true,"href":"https:\/\/gundem59.com.tr\/index.php?rest_route=%2Fwp%2Fv2%2Fcategories&post=4095"},{"taxonomy":"post_tag","embeddable":true,"href":"https:\/\/gundem59.com.tr\/index.php?rest_route=%2Fwp%2Fv2%2Ftags&post=4095"},{"taxonomy":"author","embeddable":true,"href":"https:\/\/gundem59.com.tr\/index.php?rest_route=%2Fwp%2Fv2%2Fppma_author&post=4095"}],"curies":[{"name":"wp","href":"https:\/\/api.w.org\/{rel}","templated":true}]}}