{"id":4036,"date":"2026-08-03T15:03:56","date_gmt":"2026-08-03T15:03:56","guid":{"rendered":"https:\/\/gundem59.com.tr\/?p=4036"},"modified":"2026-08-03T15:03:57","modified_gmt":"2026-08-03T15:03:57","slug":"kibris-gazisi-izzettin-agin-askeri-torenle-son-yolculuguna-ugurlandi","status":"publish","type":"post","link":"https:\/\/gundem59.com.tr\/?p=4036","title":{"rendered":"K\u0131br\u0131s Gazisi \u0130zzettin A\u011f\u0131n Askeri T\u00f6renle Son Yolculu\u011funa U\u011furland\u0131"},"content":{"rendered":"\n<p class=\"wp-block-paragraph\"><strong>Tekirda\u011f&#8217;da hayat\u0131n\u0131 kaybeden K\u0131br\u0131s Gazisi Piyade Er \u0130zzettin A\u011f\u0131n, d\u00fczenlenen askeri t\u00f6ren ve dualarla ebediyete u\u011furland\u0131. T\u00f6rene protokol \u00fcyeleri, gaziler, ailesi ve \u00e7ok say\u0131da vatanda\u015f kat\u0131larak son g\u00f6revini yerine getirdi.<\/strong><\/p>\n\n\n\n<p class=\"wp-block-paragraph\">Tekirda\u011f&#8217;\u0131n S\u00fcleymanpa\u015fa il\u00e7esinde ya\u015fayan <strong>K\u0131br\u0131s Gazisi Piyade Er \u0130zzettin A\u011f\u0131n<\/strong>, d\u00fczenlenen askeri cenaze t\u00f6reninin ard\u0131ndan son yolculu\u011funa u\u011furland\u0131.<\/p>\n\n\n\n<p class=\"wp-block-paragraph\">Alt\u0131nova Yeni Cami&#8217;de ger\u00e7ekle\u015ftirilen cenaze t\u00f6reninde merhum gazi i\u00e7in dualar edildi. Tekirda\u011f Valisi <strong>Recep Soyt\u00fcrk<\/strong>, t\u00f6ren s\u0131ras\u0131nda gazinin ailesine ve yak\u0131nlar\u0131na taziyelerini ileterek ba\u015fsa\u011fl\u0131\u011f\u0131 ve sab\u0131r dileklerinde bulundu.<\/p>\n\n\n\n<p class=\"wp-block-paragraph\">K\u0131l\u0131nan cenaze namaz\u0131n\u0131n ard\u0131ndan T\u00fcrk bayra\u011f\u0131na sar\u0131l\u0131 naa\u015f, askeri t\u00f6ren e\u015fli\u011finde omuzlarda ta\u015f\u0131narak dualarla topra\u011fa verildi. Duygusal anlar\u0131n ya\u015fand\u0131\u011f\u0131 t\u00f6rende, gaziye devletin ve milletin minneti bir kez daha ifade edildi.<\/p>\n\n\n\n<p class=\"wp-block-paragraph\">Cenaze t\u00f6renine Tekirda\u011f Valisi Recep Soyt\u00fcrk&#8217;\u00fcn yan\u0131 s\u0131ra <strong>Malkara Kaymakam\u0131 Haluk Ko\u00e7, \u0130l Jandarma Komutan\u0131 Jandarma Albay Ali G\u00fcng\u00f6r, Garnizon Komutan Vekili Kurmay Yarbay M\u00fcrsel Top\u00e7\u0131nar, T\u00fcrkiye Muharip Gaziler Derne\u011fi Tekirda\u011f \u015eube Ba\u015fkan\u0131 Ali R\u0131za A\u00e7\u0131kg\u00f6z<\/strong>, gazinin ailesi, yak\u0131nlar\u0131, silah arkada\u015flar\u0131 ve \u00e7ok say\u0131da vatanda\u015f kat\u0131ld\u0131.<\/p>\n\n\n\n<p class=\"wp-block-paragraph\">K\u0131br\u0131s Bar\u0131\u015f Harek\u00e2t\u0131&#8217;nda vatan\u0131 i\u00e7in g\u00f6rev yapan \u0130zzettin A\u011f\u0131n, d\u00fczenlenen askeri t\u00f6renle ebediyete u\u011furlan\u0131rken, t\u00f6rene kat\u0131lanlar merhum gaziye son g\u00f6revlerini yerine getirerek ailesinin ac\u0131s\u0131n\u0131 payla\u015ft\u0131. Allah&#8217;tan rahmet, ailesi ve yak\u0131nlar\u0131na ba\u015fsa\u011fl\u0131\u011f\u0131 diliyoruz.<\/p>\n","protected":false},"excerpt":{"rendered":"<p>Tekirda\u011f&#8217;da hayat\u0131n\u0131 kaybeden K\u0131br\u0131s Gazisi Piyade Er \u0130zzettin A\u011f\u0131n, d\u00fczenlenen askeri t\u00f6ren ve dualarla ebediyete&#8230;<\/p>\n","protected":false},"author":1,"featured_media":4037,"comment_status":"open","ping_status":"open","sticky":false,"template":"","format":"standard","meta":{"footnotes":""},"categories":[56],"tags":[],"ppma_author":[57],"class_list":["post-4036","post","type-post","status-publish","format-standard","has-post-thumbnail","hentry","category-guncel"],"authors":[{"term_id":57,"user_id":1,"is_guest":0,"slug":"admin","display_name":"Alp Aslan","avatar_url":"https:\/\/secure.gravatar.com\/avatar\/07c18c5ad3350b025db8f3328450e071acb435c703e565899c880c63362f137a?s=96&d=mm&r=g","author_category":"1","first_name":"Alp Aslan","last_name":"ER\u0130N","user_url":"http:\/\/www.gundem59.com.tr","job_title":"","description":""}],"_links":{"self":[{"href":"https:\/\/gundem59.com.tr\/index.php?rest_route=\/wp\/v2\/posts\/4036","targetHints":{"allow":["GET"]}}],"collection":[{"href":"https:\/\/gundem59.com.tr\/index.php?rest_route=\/wp\/v2\/posts"}],"about":[{"href":"https:\/\/gundem59.com.tr\/index.php?rest_route=\/wp\/v2\/types\/post"}],"author":[{"embeddable":true,"href":"https:\/\/gundem59.com.tr\/index.php?rest_route=\/wp\/v2\/users\/1"}],"replies":[{"embeddable":true,"href":"https:\/\/gundem59.com.tr\/index.php?rest_route=%2Fwp%2Fv2%2Fcomments&post=4036"}],"version-history":[{"count":1,"href":"https:\/\/gundem59.com.tr\/index.php?rest_route=\/wp\/v2\/posts\/4036\/revisions"}],"predecessor-version":[{"id":4038,"href":"https:\/\/gundem59.com.tr\/index.php?rest_route=\/wp\/v2\/posts\/4036\/revisions\/4038"}],"wp:featuredmedia":[{"embeddable":true,"href":"https:\/\/gundem59.com.tr\/index.php?rest_route=\/wp\/v2\/media\/4037"}],"wp:attachment":[{"href":"https:\/\/gundem59.com.tr\/index.php?rest_route=%2Fwp%2Fv2%2Fmedia&parent=4036"}],"wp:term":[{"taxonomy":"category","embeddable":true,"href":"https:\/\/gundem59.com.tr\/index.php?rest_route=%2Fwp%2Fv2%2Fcategories&post=4036"},{"taxonomy":"post_tag","embeddable":true,"href":"https:\/\/gundem59.com.tr\/index.php?rest_route=%2Fwp%2Fv2%2Ftags&post=4036"},{"taxonomy":"author","embeddable":true,"href":"https:\/\/gundem59.com.tr\/index.php?rest_route=%2Fwp%2Fv2%2Fppma_author&post=4036"}],"curies":[{"name":"wp","href":"https:\/\/api.w.org\/{rel}","templated":true}]}}