{"id":4033,"date":"2026-08-03T15:01:00","date_gmt":"2026-08-03T15:01:00","guid":{"rendered":"https:\/\/gundem59.com.tr\/?p=4033"},"modified":"2026-08-03T15:01:01","modified_gmt":"2026-08-03T15:01:01","slug":"tekirdagda-gida-guvenligi-icin-denetimler-araliksiz-suruyor","status":"publish","type":"post","link":"https:\/\/gundem59.com.tr\/?p=4033","title":{"rendered":"Tekirda\u011f&#8217;da G\u0131da G\u00fcvenli\u011fi \u0130\u00e7in Denetimler Aral\u0131ks\u0131z S\u00fcr\u00fcyor"},"content":{"rendered":"\n<p class=\"wp-block-paragraph\"><strong>Tekirda\u011f \u0130l Tar\u0131m ve Orman M\u00fcd\u00fcrl\u00fc\u011f\u00fc, vatanda\u015flar\u0131n sa\u011fl\u0131kl\u0131 ve g\u00fcvenilir g\u0131daya ula\u015fmas\u0131n\u0131 sa\u011flamak amac\u0131yla il genelindeki g\u0131da \u00fcretim, sat\u0131\u015f ve toplu t\u00fcketim i\u015fletmelerine y\u00f6nelik denetimlerini aral\u0131ks\u0131z s\u00fcrd\u00fcr\u00fcyor. Yetkililer, halk sa\u011fl\u0131\u011f\u0131n\u0131 tehdit eden uygulamalara kar\u015f\u0131 gerekli idari yapt\u0131r\u0131mlar\u0131n kararl\u0131l\u0131kla uygulanaca\u011f\u0131n\u0131 vurgulad\u0131.<\/strong><\/p>\n\n\n\n<p class=\"wp-block-paragraph\">Tekirda\u011f \u0130l Tar\u0131m ve Orman M\u00fcd\u00fcrl\u00fc\u011f\u00fc ekipleri taraf\u0131ndan ger\u00e7ekle\u015ftirilen denetimlerde, i\u015fletmeler hijyen ko\u015fullar\u0131, \u00fcr\u00fcnlerin izlenebilirli\u011fi, son t\u00fcketim tarihleri, muhafaza \u015fartlar\u0131 ve g\u0131da mevzuat\u0131na uygunluk a\u00e7\u0131s\u0131ndan detayl\u0131 \u015fekilde inceleniyor.<\/p>\n\n\n\n<p class=\"wp-block-paragraph\">Denetimlerin yaln\u0131zca cezai i\u015flem amac\u0131 ta\u015f\u0131mad\u0131\u011f\u0131n\u0131 belirten Tekirda\u011f \u0130l Tar\u0131m ve Orman M\u00fcd\u00fcr\u00fc <strong>Mehmet Aksoy<\/strong>, \u00f6ncelikli hedeflerinin i\u015fletmelere rehberlik ederek eksikliklerin giderilmesini sa\u011flamak oldu\u011funu ifade etti.<\/p>\n\n\n\n<p class=\"wp-block-paragraph\">Aksoy, &#8220;Amac\u0131m\u0131z ceza yazmak de\u011fil, g\u00fcvenilir g\u0131da \u00fcretimi ve sat\u0131\u015f\u0131n\u0131n s\u00fcrd\u00fcr\u00fclebilirli\u011fini sa\u011flamakt\u0131r. Ancak halk sa\u011fl\u0131\u011f\u0131n\u0131 riske atan veya mevzuata ayk\u0131r\u0131 uygulamalarda gerekli idari yapt\u0131r\u0131mlar\u0131 kararl\u0131l\u0131kla uyguluyoruz. Vatanda\u015flar\u0131m\u0131z\u0131n g\u00fcvenilir g\u0131daya ula\u015fmas\u0131 en \u00f6nemli \u00f6nceli\u011fimizdir.&#8221; dedi.<\/p>\n\n\n\n<p class=\"wp-block-paragraph\">\u0130l genelindeki \u00fcretim, sat\u0131\u015f ve toplu t\u00fcketim i\u015fletmelerine y\u00f6nelik denetimlerin <strong>7 g\u00fcn 24 saat esas\u0131na g\u00f6re<\/strong> s\u00fcrd\u00fcr\u00fcld\u00fc\u011f\u00fcn\u00fc belirten Aksoy, vatanda\u015flar\u0131n da g\u0131da g\u00fcvenli\u011finin sa\u011flanmas\u0131na katk\u0131 sunabilece\u011fini ifade etti.<\/p>\n\n\n\n<p class=\"wp-block-paragraph\">Yetkililer, g\u0131da ile ilgili kar\u015f\u0131la\u015f\u0131lan her t\u00fcrl\u00fc olumsuzluk, ihbar ve \u015fik\u00e2yetin <strong>ALO 174 G\u0131da Hatt\u0131<\/strong> \u00fczerinden bildirilebilece\u011fini hat\u0131rlatarak, g\u00fcvenilir g\u0131da zincirinin korunmas\u0131nda vatanda\u015flar\u0131n deste\u011finin b\u00fcy\u00fck \u00f6nem ta\u015f\u0131d\u0131\u011f\u0131n\u0131 belirtti. Tekirda\u011f \u0130l Tar\u0131m ve Orman M\u00fcd\u00fcrl\u00fc\u011f\u00fc, halk sa\u011fl\u0131\u011f\u0131n\u0131 korumaya y\u00f6nelik denetim ve bilgilendirme \u00e7al\u0131\u015fmalar\u0131n\u0131n kesintisiz devam edece\u011fini a\u00e7\u0131klad\u0131.<\/p>\n","protected":false},"excerpt":{"rendered":"<p>Tekirda\u011f \u0130l Tar\u0131m ve Orman M\u00fcd\u00fcrl\u00fc\u011f\u00fc, vatanda\u015flar\u0131n sa\u011fl\u0131kl\u0131 ve g\u00fcvenilir g\u0131daya ula\u015fmas\u0131n\u0131 sa\u011flamak amac\u0131yla il&#8230;<\/p>\n","protected":false},"author":1,"featured_media":4034,"comment_status":"open","ping_status":"open","sticky":false,"template":"","format":"standard","meta":{"footnotes":""},"categories":[56],"tags":[],"ppma_author":[57],"class_list":["post-4033","post","type-post","status-publish","format-standard","has-post-thumbnail","hentry","category-guncel"],"authors":[{"term_id":57,"user_id":1,"is_guest":0,"slug":"admin","display_name":"Alp Aslan","avatar_url":"https:\/\/secure.gravatar.com\/avatar\/07c18c5ad3350b025db8f3328450e071acb435c703e565899c880c63362f137a?s=96&d=mm&r=g","author_category":"1","first_name":"Alp Aslan","last_name":"ER\u0130N","user_url":"http:\/\/www.gundem59.com.tr","job_title":"","description":""}],"_links":{"self":[{"href":"https:\/\/gundem59.com.tr\/index.php?rest_route=\/wp\/v2\/posts\/4033","targetHints":{"allow":["GET"]}}],"collection":[{"href":"https:\/\/gundem59.com.tr\/index.php?rest_route=\/wp\/v2\/posts"}],"about":[{"href":"https:\/\/gundem59.com.tr\/index.php?rest_route=\/wp\/v2\/types\/post"}],"author":[{"embeddable":true,"href":"https:\/\/gundem59.com.tr\/index.php?rest_route=\/wp\/v2\/users\/1"}],"replies":[{"embeddable":true,"href":"https:\/\/gundem59.com.tr\/index.php?rest_route=%2Fwp%2Fv2%2Fcomments&post=4033"}],"version-history":[{"count":1,"href":"https:\/\/gundem59.com.tr\/index.php?rest_route=\/wp\/v2\/posts\/4033\/revisions"}],"predecessor-version":[{"id":4035,"href":"https:\/\/gundem59.com.tr\/index.php?rest_route=\/wp\/v2\/posts\/4033\/revisions\/4035"}],"wp:featuredmedia":[{"embeddable":true,"href":"https:\/\/gundem59.com.tr\/index.php?rest_route=\/wp\/v2\/media\/4034"}],"wp:attachment":[{"href":"https:\/\/gundem59.com.tr\/index.php?rest_route=%2Fwp%2Fv2%2Fmedia&parent=4033"}],"wp:term":[{"taxonomy":"category","embeddable":true,"href":"https:\/\/gundem59.com.tr\/index.php?rest_route=%2Fwp%2Fv2%2Fcategories&post=4033"},{"taxonomy":"post_tag","embeddable":true,"href":"https:\/\/gundem59.com.tr\/index.php?rest_route=%2Fwp%2Fv2%2Ftags&post=4033"},{"taxonomy":"author","embeddable":true,"href":"https:\/\/gundem59.com.tr\/index.php?rest_route=%2Fwp%2Fv2%2Fppma_author&post=4033"}],"curies":[{"name":"wp","href":"https:\/\/api.w.org\/{rel}","templated":true}]}}