{"id":4030,"date":"2026-08-03T14:58:40","date_gmt":"2026-08-03T14:58:40","guid":{"rendered":"https:\/\/gundem59.com.tr\/?p=4030"},"modified":"2026-08-03T14:58:41","modified_gmt":"2026-08-03T14:58:41","slug":"tekirdagda-cevreyi-kirleten-4-isletmeye-48-milyon-lira-ceza","status":"publish","type":"post","link":"https:\/\/gundem59.com.tr\/?p=4030","title":{"rendered":"Tekirda\u011f&#8217;da \u00c7evreyi Kirleten 4 \u0130\u015fletmeye 4,8 Milyon Lira Ceza"},"content":{"rendered":"\n<p class=\"wp-block-paragraph\"><strong>Tekirda\u011f&#8217;da su kaynaklar\u0131n\u0131n korunmas\u0131na y\u00f6nelik ger\u00e7ekle\u015ftirilen \u00e7evre denetimlerinde, \u00e7evre mevzuat\u0131n\u0131 ihlal etti\u011fi belirlenen 4 i\u015fletmeye toplam 4 milyon 824 bin 987 lira idari para cezas\u0131 uyguland\u0131. Yetkililer, \u00e7evreyi kirleten i\u015fletmelere y\u00f6nelik denetimlerin kararl\u0131l\u0131kla s\u00fcrd\u00fcr\u00fclece\u011fini a\u00e7\u0131klad\u0131.<\/strong><\/p>\n\n\n\n<p class=\"wp-block-paragraph\">Tekirda\u011f \u00c7evre, \u015eehircilik ve \u0130klim De\u011fi\u015fikli\u011fi \u0130l M\u00fcd\u00fcrl\u00fc\u011f\u00fc ekipleri, il genelinde su kirlili\u011finin \u00f6nlenmesi ve do\u011fal kaynaklar\u0131n korunmas\u0131 amac\u0131yla \u00e7evre denetimlerini aral\u0131ks\u0131z s\u00fcrd\u00fcr\u00fcyor.<\/p>\n\n\n\n<p class=\"wp-block-paragraph\">Ger\u00e7ekle\u015ftirilen denetimlerde \u00e7evre mevzuat\u0131na ayk\u0131r\u0131 faaliyet y\u00fcr\u00fctt\u00fc\u011f\u00fc tespit edilen <strong>4 i\u015fletme<\/strong> hakk\u0131nda idari i\u015flem uygulan\u0131rken, i\u015fletmelere toplam <strong>4 milyon 824 bin 987 TL<\/strong> idari para cezas\u0131 kesildi.<\/p>\n\n\n\n<p class=\"wp-block-paragraph\">Denetimler s\u0131ras\u0131nda i\u015fletme yetkililerine \u00e7evre mevzuat\u0131na uyulmas\u0131, at\u0131k y\u00f6netimi ve su kaynaklar\u0131n\u0131n korunmas\u0131na y\u00f6nelik bilgilendirme ve uyar\u0131lar da yap\u0131ld\u0131.<\/p>\n\n\n\n<p class=\"wp-block-paragraph\">Tekirda\u011f \u00c7evre, \u015eehircilik ve \u0130klim De\u011fi\u015fikli\u011fi \u0130l M\u00fcd\u00fcrl\u00fc\u011f\u00fc yetkilileri, \u00e7evre ve insan sa\u011fl\u0131\u011f\u0131n\u0131 tehdit eden uygulamalara kar\u015f\u0131 denetimlerin kesintisiz devam edece\u011fini belirterek, \u00e7evreyi kirleten ki\u015fi ve i\u015fletmeler hakk\u0131nda gerekli idari yapt\u0131r\u0131mlar\u0131n tavizsiz \u015fekilde uygulanaca\u011f\u0131n\u0131 ifade etti.<\/p>\n\n\n\n<p class=\"wp-block-paragraph\">Yetkililer, \u00f6zellikle su kaynaklar\u0131n\u0131n korunmas\u0131n\u0131n b\u00fcy\u00fck \u00f6nem ta\u015f\u0131d\u0131\u011f\u0131na dikkat \u00e7ekerek, \u00e7evrenin s\u00fcrd\u00fcr\u00fclebilirli\u011fi i\u00e7in hem denetimlerin hem de fark\u0131ndal\u0131k \u00e7al\u0131\u015fmalar\u0131n\u0131n aral\u0131ks\u0131z s\u00fcrd\u00fcr\u00fclece\u011fini vurgulad\u0131.<\/p>\n","protected":false},"excerpt":{"rendered":"<p>Tekirda\u011f&#8217;da su kaynaklar\u0131n\u0131n korunmas\u0131na y\u00f6nelik ger\u00e7ekle\u015ftirilen \u00e7evre denetimlerinde, \u00e7evre mevzuat\u0131n\u0131 ihlal etti\u011fi belirlenen 4 i\u015fletmeye&#8230;<\/p>\n","protected":false},"author":1,"featured_media":4031,"comment_status":"open","ping_status":"open","sticky":false,"template":"","format":"standard","meta":{"footnotes":""},"categories":[56],"tags":[],"ppma_author":[57],"class_list":["post-4030","post","type-post","status-publish","format-standard","has-post-thumbnail","hentry","category-guncel"],"authors":[{"term_id":57,"user_id":1,"is_guest":0,"slug":"admin","display_name":"Alp Aslan","avatar_url":"https:\/\/secure.gravatar.com\/avatar\/07c18c5ad3350b025db8f3328450e071acb435c703e565899c880c63362f137a?s=96&d=mm&r=g","author_category":"1","first_name":"Alp Aslan","last_name":"ER\u0130N","user_url":"http:\/\/www.gundem59.com.tr","job_title":"","description":""}],"_links":{"self":[{"href":"https:\/\/gundem59.com.tr\/index.php?rest_route=\/wp\/v2\/posts\/4030","targetHints":{"allow":["GET"]}}],"collection":[{"href":"https:\/\/gundem59.com.tr\/index.php?rest_route=\/wp\/v2\/posts"}],"about":[{"href":"https:\/\/gundem59.com.tr\/index.php?rest_route=\/wp\/v2\/types\/post"}],"author":[{"embeddable":true,"href":"https:\/\/gundem59.com.tr\/index.php?rest_route=\/wp\/v2\/users\/1"}],"replies":[{"embeddable":true,"href":"https:\/\/gundem59.com.tr\/index.php?rest_route=%2Fwp%2Fv2%2Fcomments&post=4030"}],"version-history":[{"count":1,"href":"https:\/\/gundem59.com.tr\/index.php?rest_route=\/wp\/v2\/posts\/4030\/revisions"}],"predecessor-version":[{"id":4032,"href":"https:\/\/gundem59.com.tr\/index.php?rest_route=\/wp\/v2\/posts\/4030\/revisions\/4032"}],"wp:featuredmedia":[{"embeddable":true,"href":"https:\/\/gundem59.com.tr\/index.php?rest_route=\/wp\/v2\/media\/4031"}],"wp:attachment":[{"href":"https:\/\/gundem59.com.tr\/index.php?rest_route=%2Fwp%2Fv2%2Fmedia&parent=4030"}],"wp:term":[{"taxonomy":"category","embeddable":true,"href":"https:\/\/gundem59.com.tr\/index.php?rest_route=%2Fwp%2Fv2%2Fcategories&post=4030"},{"taxonomy":"post_tag","embeddable":true,"href":"https:\/\/gundem59.com.tr\/index.php?rest_route=%2Fwp%2Fv2%2Ftags&post=4030"},{"taxonomy":"author","embeddable":true,"href":"https:\/\/gundem59.com.tr\/index.php?rest_route=%2Fwp%2Fv2%2Fppma_author&post=4030"}],"curies":[{"name":"wp","href":"https:\/\/api.w.org\/{rel}","templated":true}]}}