{"id":4027,"date":"2026-08-03T14:56:33","date_gmt":"2026-08-03T14:56:33","guid":{"rendered":"https:\/\/gundem59.com.tr\/?p=4027"},"modified":"2026-08-03T14:56:33","modified_gmt":"2026-08-03T14:56:33","slug":"trakyada-bugday-hasadi-yuzleri-guldurdu-verim-ve-kalite-rekor-seviyede","status":"publish","type":"post","link":"https:\/\/gundem59.com.tr\/?p=4027","title":{"rendered":"Trakya&#8217;da Bu\u011fday Hasad\u0131 Y\u00fczleri G\u00fcld\u00fcrd\u00fc: Verim ve Kalite Rekor Seviyede"},"content":{"rendered":"\n<p class=\"wp-block-paragraph\"><strong>T\u00fcrkiye&#8217;nin \u00f6nemli tar\u0131m merkezlerinden Trakya&#8217;da bu\u011fday hasad\u0131 tamamland\u0131. Edirne, K\u0131rklareli ve Tekirda\u011f&#8217;da mevsim boyunca etkili olan ya\u011f\u0131\u015flar sayesinde hem verim hem de kalite \u00fcreticilerin beklentisini kar\u015f\u0131lad\u0131.<\/strong><\/p>\n\n\n\n<p class=\"wp-block-paragraph\">Trakya genelinde sona eren bu\u011fday hasad\u0131, \u00fcreticilere bereketli bir sezon ya\u015fatt\u0131. K\u0131\u015f ve ilkbahar aylar\u0131nda zaman\u0131nda ger\u00e7ekle\u015fen ya\u011f\u0131\u015flar sayesinde bu\u011fday tarlalar\u0131nda y\u00fcksek verim elde edilirken, b\u00f6lgedeki \u00e7ift\u00e7iler sezonu memnuniyetle tamamlad\u0131.<\/p>\n\n\n\n<h2 class=\"wp-block-heading\">Edirne&#8217;de Verim Ya\u011f\u0131\u015flarla Artt\u0131<\/h2>\n\n\n\n<p class=\"wp-block-paragraph\">Edirne Ziraat Odas\u0131 Ba\u015fkan\u0131 <strong>H\u00fcseyin Arabac\u0131<\/strong>, kentte yakla\u015f\u0131k <strong>1 milyon 300 bin dekar<\/strong> alanda bu\u011fday ekimi yap\u0131ld\u0131\u011f\u0131n\u0131 belirterek, dekara ortalama <strong>500 ila 550 kilogram<\/strong> verim beklendi\u011fini s\u00f6yledi.<\/p>\n\n\n\n<p class=\"wp-block-paragraph\">Arabac\u0131, k\u0131\u015f aylar\u0131nda uzun y\u0131llar\u0131n en iyi ya\u011f\u0131\u015flar\u0131n\u0131n g\u00f6r\u00fcld\u00fc\u011f\u00fcn\u00fc, topra\u011f\u0131n yeterince suya doydu\u011funu ve ilkbaharda devam eden ya\u011f\u0131\u015flar\u0131n verimi \u00f6nemli \u00f6l\u00e7\u00fcde art\u0131rd\u0131\u011f\u0131n\u0131 ifade etti.<\/p>\n\n\n\n<p class=\"wp-block-paragraph\">Baz\u0131 tarlalarda yabanc\u0131 ot ve hastal\u0131k nedeniyle verimin <strong>350-400 kilogram<\/strong> seviyelerinde kald\u0131\u011f\u0131n\u0131, buna kar\u015f\u0131l\u0131k uygun bak\u0131m yap\u0131lan alanlarda <strong>600-700 kilogram<\/strong> verime ula\u015f\u0131ld\u0131\u011f\u0131n\u0131 belirten Arabac\u0131, ay\u00e7i\u00e7e\u011finde ise verim durumunun hasatla birlikte netle\u015fece\u011fini kaydetti.<\/p>\n\n\n\n<h2 class=\"wp-block-heading\">K\u0131rklareli Son Y\u0131llar\u0131n En Y\u00fcksek \u00dcretimine Ula\u015ft\u0131<\/h2>\n\n\n\n<p class=\"wp-block-paragraph\">K\u0131rklareli&#8217;nde yakla\u015f\u0131k <strong>1 milyon dekar<\/strong> alanda ger\u00e7ekle\u015ftirilen bu\u011fday \u00fcretiminde ge\u00e7en y\u0131l dekarda ortalama <strong>400 kilogram<\/strong> olan verim, bu sezon <strong>550 kilogram<\/strong> seviyesine y\u00fckseldi.<\/p>\n\n\n\n<p class=\"wp-block-paragraph\">K\u0131rklareli Ziraat Odas\u0131 Ba\u015fkan\u0131 <strong>Ekrem \u015eaylan<\/strong>, kentte bu y\u0131l bu\u011fday \u00fcretiminin rekor seviyeye ula\u015ft\u0131\u011f\u0131n\u0131 belirterek, daha \u00f6nce en y\u00fcksek \u00fcretimin <strong>263 bin ton<\/strong> olarak kaydedildi\u011fini, bu y\u0131l ise \u00fcretimin <strong>400 bin tonun \u00fczerine \u00e7\u0131kt\u0131\u011f\u0131n\u0131<\/strong> s\u00f6yledi.<\/p>\n\n\n\n<p class=\"wp-block-paragraph\">\u015eaylan, &#8220;Uzun y\u0131llard\u0131r K\u0131rklareli olarak b\u00f6yle bir verim almam\u0131\u015ft\u0131k. \u00c7ift\u00e7ilerimiz hem verimden hem de \u00fcr\u00fcn kalitesinden olduk\u00e7a memnun.&#8221; ifadelerini kulland\u0131.<\/p>\n\n\n\n<h2 class=\"wp-block-heading\">Tekirda\u011f&#8217;da Dekara 650 Kilograma Kadar Verim<\/h2>\n\n\n\n<p class=\"wp-block-paragraph\">Tekirda\u011f \u0130l Tar\u0131m ve Orman M\u00fcd\u00fcr\u00fc <strong>Mehmet Aksoy<\/strong> ise kent genelinde yakla\u015f\u0131k <strong>1 milyon 800 bin dekar<\/strong> alanda bu\u011fday hasad\u0131n\u0131n tamamland\u0131\u011f\u0131n\u0131 a\u00e7\u0131klad\u0131.<\/p>\n\n\n\n<p class=\"wp-block-paragraph\">Aksoy, mevsiminde ger\u00e7ekle\u015fen d\u00fczenli ya\u011f\u0131\u015flar\u0131n \u00fcretime \u00f6nemli katk\u0131 sa\u011flad\u0131\u011f\u0131n\u0131 belirterek, il genelinde dekara <strong>600 ila 650 kilogram<\/strong> aras\u0131nda verim beklendi\u011fini ifade etti.<\/p>\n\n\n\n<p class=\"wp-block-paragraph\">\u00dcreticilerin sezonu memnuniyetle tamamlad\u0131\u011f\u0131n\u0131 belirten Aksoy, ya\u011f\u0131\u015flar\u0131n do\u011fru zamanda ger\u00e7ekle\u015fmesinin hem verimi hem de \u00fcr\u00fcn kalitesini olumlu y\u00f6nde etkiledi\u011fini s\u00f6yledi.<\/p>\n\n\n\n<h2 class=\"wp-block-heading\">\u00dcreticiler Memnun<\/h2>\n\n\n\n<p class=\"wp-block-paragraph\">Trakya&#8217;n\u0131n \u00fc\u00e7 ilinde de tamamlanan hasat, b\u00f6lgenin T\u00fcrkiye&#8217;nin bu\u011fday \u00fcretimindeki g\u00fc\u00e7l\u00fc konumunu bir kez daha ortaya koydu. Elde edilen y\u00fcksek verim ve kaliteli \u00fcr\u00fcn, \u00e7ift\u00e7ilerin gelirine olumlu katk\u0131 sa\u011flarken, bereketli ge\u00e7en sezonun ard\u0131ndan g\u00f6zler \u015fimdi ay\u00e7i\u00e7e\u011fi hasad\u0131na \u00e7evrildi.<\/p>\n","protected":false},"excerpt":{"rendered":"<p>T\u00fcrkiye&#8217;nin \u00f6nemli tar\u0131m merkezlerinden Trakya&#8217;da bu\u011fday hasad\u0131 tamamland\u0131. Edirne, K\u0131rklareli ve Tekirda\u011f&#8217;da mevsim boyunca etkili&#8230;<\/p>\n","protected":false},"author":1,"featured_media":4028,"comment_status":"open","ping_status":"open","sticky":false,"template":"","format":"standard","meta":{"footnotes":""},"categories":[56],"tags":[],"ppma_author":[57],"class_list":["post-4027","post","type-post","status-publish","format-standard","has-post-thumbnail","hentry","category-guncel"],"authors":[{"term_id":57,"user_id":1,"is_guest":0,"slug":"admin","display_name":"Alp Aslan","avatar_url":"https:\/\/secure.gravatar.com\/avatar\/07c18c5ad3350b025db8f3328450e071acb435c703e565899c880c63362f137a?s=96&d=mm&r=g","author_category":"1","first_name":"Alp Aslan","last_name":"ER\u0130N","user_url":"http:\/\/www.gundem59.com.tr","job_title":"","description":""}],"_links":{"self":[{"href":"https:\/\/gundem59.com.tr\/index.php?rest_route=\/wp\/v2\/posts\/4027","targetHints":{"allow":["GET"]}}],"collection":[{"href":"https:\/\/gundem59.com.tr\/index.php?rest_route=\/wp\/v2\/posts"}],"about":[{"href":"https:\/\/gundem59.com.tr\/index.php?rest_route=\/wp\/v2\/types\/post"}],"author":[{"embeddable":true,"href":"https:\/\/gundem59.com.tr\/index.php?rest_route=\/wp\/v2\/users\/1"}],"replies":[{"embeddable":true,"href":"https:\/\/gundem59.com.tr\/index.php?rest_route=%2Fwp%2Fv2%2Fcomments&post=4027"}],"version-history":[{"count":1,"href":"https:\/\/gundem59.com.tr\/index.php?rest_route=\/wp\/v2\/posts\/4027\/revisions"}],"predecessor-version":[{"id":4029,"href":"https:\/\/gundem59.com.tr\/index.php?rest_route=\/wp\/v2\/posts\/4027\/revisions\/4029"}],"wp:featuredmedia":[{"embeddable":true,"href":"https:\/\/gundem59.com.tr\/index.php?rest_route=\/wp\/v2\/media\/4028"}],"wp:attachment":[{"href":"https:\/\/gundem59.com.tr\/index.php?rest_route=%2Fwp%2Fv2%2Fmedia&parent=4027"}],"wp:term":[{"taxonomy":"category","embeddable":true,"href":"https:\/\/gundem59.com.tr\/index.php?rest_route=%2Fwp%2Fv2%2Fcategories&post=4027"},{"taxonomy":"post_tag","embeddable":true,"href":"https:\/\/gundem59.com.tr\/index.php?rest_route=%2Fwp%2Fv2%2Ftags&post=4027"},{"taxonomy":"author","embeddable":true,"href":"https:\/\/gundem59.com.tr\/index.php?rest_route=%2Fwp%2Fv2%2Fppma_author&post=4027"}],"curies":[{"name":"wp","href":"https:\/\/api.w.org\/{rel}","templated":true}]}}