{"id":4013,"date":"2026-08-03T14:40:53","date_gmt":"2026-08-03T14:40:53","guid":{"rendered":"https:\/\/gundem59.com.tr\/?p=4013"},"modified":"2026-08-03T14:40:54","modified_gmt":"2026-08-03T14:40:54","slug":"tekirdag-siyaset-karnesi-anketi-tamamlandi-17-bin-391-kisi-oy-kullandi","status":"publish","type":"post","link":"https:\/\/gundem59.com.tr\/?p=4013","title":{"rendered":"Tekirda\u011f Siyaset Karnesi Anketi Tamamland\u0131: 17 Bin 391 Ki\u015fi Oy Kulland\u0131"},"content":{"rendered":"\n<p class=\"wp-block-paragraph\"><strong>G\u00dcNDEM 59 Gazetesi ve \u0130nternet Haber Sitesi<\/strong> taraf\u0131ndan d\u00fczenlenen <strong>&#8220;Tekirda\u011f Siyaset Karnesi&#8221;<\/strong> kamuoyu anketi sonu\u00e7land\u0131. Toplam <strong>17 bin 391 ki\u015finin<\/strong> kat\u0131l\u0131m\u0131yla ger\u00e7ekle\u015ftirilen ankette, vatanda\u015flar\u0131n Tekirda\u011f siyasetine ili\u015fkin de\u011ferlendirmeleri ve g\u00fcncel siyasi e\u011filimleri ortaya konuldu.<\/p>\n\n\n\n<p class=\"wp-block-paragraph\">Anket, herhangi bir resmi se\u00e7im niteli\u011fi ta\u015f\u0131mamakla birlikte, kamuoyunun siyaset\u00e7iler hakk\u0131ndaki g\u00f6r\u00fc\u015flerini ve g\u00fcncel siyasi tercihlerini \u00f6l\u00e7meyi ama\u00e7lad\u0131. Kat\u0131l\u0131mc\u0131lar; milletvekilleri, belediye ba\u015fkanlar\u0131 ve siyasi partilere y\u00f6nelik de\u011ferlendirmelerini internet \u00fczerinden yap\u0131lan oylamayla payla\u015ft\u0131.<\/p>\n\n\n\n<figure class=\"wp-block-image size-large\"><img  title=\"\" loading=\"lazy\" decoding=\"async\" width=\"723\" height=\"1024\" src=\"https:\/\/gundem59.com.tr\/wp-content\/uploads\/2026\/08\/ChatGPT-Image-2-Agu-2026-18_35_31-723x1024.png\"  alt=\"ChatGPT-Image-2-Agu-2026-18_35_31-723x1024 Tekirda\u011f Siyaset Karnesi Anketi Tamamland\u0131: 17 Bin 391 Ki\u015fi Oy Kulland\u0131\"  class=\"wp-image-4006\" srcset=\"https:\/\/gundem59.com.tr\/wp-content\/uploads\/2026\/08\/ChatGPT-Image-2-Agu-2026-18_35_31-723x1024.png 723w, https:\/\/gundem59.com.tr\/wp-content\/uploads\/2026\/08\/ChatGPT-Image-2-Agu-2026-18_35_31-212x300.png 212w, https:\/\/gundem59.com.tr\/wp-content\/uploads\/2026\/08\/ChatGPT-Image-2-Agu-2026-18_35_31-768x1087.png 768w, https:\/\/gundem59.com.tr\/wp-content\/uploads\/2026\/08\/ChatGPT-Image-2-Agu-2026-18_35_31.png 1054w\" sizes=\"auto, (max-width: 723px) 100vw, 723px\" \/><\/figure>\n\n\n\n<h2 class=\"wp-block-heading\">Halk\u0131n Ba\u015far\u0131l\u0131 Buldu\u011fu \u0130simler<\/h2>\n\n\n\n<p class=\"wp-block-paragraph\">Anket sonu\u00e7lar\u0131na g\u00f6re vatanda\u015flar\u0131n ba\u015far\u0131l\u0131 buldu\u011fu isimler aras\u0131nda Tekirda\u011f milletvekillerinden <strong>Faik \u00d6ztrak (CHP), \u0130lhami \u00d6zcan Aygun (CHP), G\u00f6khan Dikta\u015f (AK Parti), \u00c7i\u011fdem Koncag\u00fcl (AK Parti)<\/strong> ve <strong>Selcan Ta\u015f\u00e7\u0131 (\u0130Y\u0130 Parti)<\/strong> yer ald\u0131.<\/p>\n\n\n\n<p class=\"wp-block-paragraph\">Tekirda\u011f B\u00fcy\u00fck\u015fehir Belediye Ba\u015fkan\u0131 kategorisinde ise <strong>Dr. Candan Y\u00fcceer<\/strong>, kat\u0131l\u0131mc\u0131lar taraf\u0131ndan ba\u015far\u0131l\u0131 bulunan isim olarak \u00f6ne \u00e7\u0131kt\u0131.<\/p>\n\n\n\n<p class=\"wp-block-paragraph\">\u0130l\u00e7e belediye ba\u015fkanlar\u0131 de\u011ferlendirmesinde ise ba\u015far\u0131l\u0131 bulunan isimler \u015f\u00f6yle s\u0131raland\u0131:<\/p>\n\n\n\n<ul class=\"wp-block-list\">\n<li>Ahmet Sar\u0131kurt (\u00c7orlu)<\/li>\n\n\n\n<li>Vahap Akay (\u00c7erkezk\u00f6y)<\/li>\n\n\n\n<li>Mustafa \u00c7etin (Kapakl\u0131)<\/li>\n\n\n\n<li>M\u00fcge Y\u0131ld\u0131z Topak (Ergene)<\/li>\n\n\n\n<li>Tuncer Sar\u0131 (Hayrabolu)<\/li>\n\n\n\n<li>Nergiz Karaa\u011fa\u00e7l\u0131 \u00d6zt\u00fcrk (Malkara)<\/li>\n\n\n\n<li>Varol T\u00fcrel (Muratl\u0131)<\/li>\n<\/ul>\n\n\n\n<h2 class=\"wp-block-heading\">Ba\u015far\u0131s\u0131z Bulunan \u0130simler de Belirlendi<\/h2>\n\n\n\n<p class=\"wp-block-paragraph\">Kat\u0131l\u0131mc\u0131lar, ba\u015far\u0131l\u0131 bulmad\u0131klar\u0131 siyaset\u00e7ilere ili\u015fkin g\u00f6r\u00fc\u015flerini de ankete yans\u0131tt\u0131.<\/p>\n\n\n\n<p class=\"wp-block-paragraph\">Milletvekilleri kategorisinde <strong>Nurten Yontar (CHP), Cem Av\u015far (CHP)<\/strong> ve <strong>Mestan \u00d6zcan (AK Parti)<\/strong> ba\u015far\u0131s\u0131z bulunan isimler aras\u0131nda yer ald\u0131.<\/p>\n\n\n\n<p class=\"wp-block-paragraph\">\u0130l\u00e7e belediye ba\u015fkanlar\u0131 kategorisinde ise;<\/p>\n\n\n\n<ul class=\"wp-block-list\">\n<li>Volkan Nallar (S\u00fcleymanpa\u015fa)<\/li>\n\n\n\n<li>Abd\u00fcl Ta\u015fyasan (Saray)<\/li>\n\n\n\n<li>Mustafa Onur Bozkurter (Marmaraere\u011flisi)<\/li>\n\n\n\n<li>Alpay Var (\u015eark\u00f6y)<\/li>\n<\/ul>\n\n\n\n<p class=\"wp-block-paragraph\">kat\u0131l\u0131mc\u0131lar taraf\u0131ndan ba\u015far\u0131s\u0131z bulunan belediye ba\u015fkanlar\u0131 olarak ankette yer ald\u0131.<\/p>\n\n\n\n<h2 class=\"wp-block-heading\">&#8220;Bu Pazar Milletvekili Se\u00e7imi Olsa&#8230;&#8221;<\/h2>\n\n\n\n<p class=\"wp-block-paragraph\">Ankette se\u00e7menlere ayr\u0131ca <strong>&#8220;Bu pazar milletvekili se\u00e7imi olsa hangi partiye oy verirsiniz?&#8221;<\/strong> sorusu da y\u00f6neltildi.<\/p>\n\n\n\n<p class=\"wp-block-paragraph\">Kat\u0131l\u0131mc\u0131lar\u0131n verdi\u011fi yan\u0131tlara g\u00f6re partilerin oy oranlar\u0131 \u015fu \u015fekilde olu\u015ftu:<\/p>\n\n\n\n<ul class=\"wp-block-list\">\n<li>CHP: <strong>%21,25<\/strong><\/li>\n\n\n\n<li>AK Parti: <strong>%20,73<\/strong><\/li>\n\n\n\n<li>Yeni Parti: <strong>%18,56<\/strong><\/li>\n\n\n\n<li>MHP: <strong>%6,45<\/strong><\/li>\n\n\n\n<li>\u0130Y\u0130 Parti: <strong>%6,11<\/strong><\/li>\n\n\n\n<li>Anahtar Parti: <strong>%4,80<\/strong><\/li>\n\n\n\n<li>DEM Parti: <strong>%4,20<\/strong><\/li>\n\n\n\n<li>Zafer Partisi: <strong>%2,28<\/strong><\/li>\n\n\n\n<li>Yeniden Refah Partisi: <strong>%1,78<\/strong><\/li>\n\n\n\n<li>Karars\u0131zlar: <strong>%12,25<\/strong><\/li>\n\n\n\n<li>Di\u011fer Partiler: <strong>%2,31<\/strong><\/li>\n<\/ul>\n\n\n\n<h2 class=\"wp-block-heading\">Anketin Amac\u0131<\/h2>\n\n\n\n<p class=\"wp-block-paragraph\">G\u00dcNDEM 59 taraf\u0131ndan d\u00fczenlenen \u00e7al\u0131\u015fma, Tekirda\u011f&#8217;da vatanda\u015flar\u0131n yerel ve genel siyasete ili\u015fkin g\u00f6r\u00fc\u015flerini ortaya koymak, kamuoyunun siyaset kurumuna bak\u0131\u015f\u0131n\u0131 \u00f6l\u00e7mek ve siyasi g\u00fcndeme ili\u015fkin g\u00fcncel e\u011filimleri de\u011ferlendirmek amac\u0131yla ger\u00e7ekle\u015ftirildi.<\/p>\n\n\n\n<p class=\"wp-block-paragraph\">Anket sonu\u00e7lar\u0131, <strong>17 bin 391 kat\u0131l\u0131mc\u0131n\u0131n g\u00f6r\u00fc\u015flerini yans\u0131tan bir kamuoyu ara\u015ft\u0131rmas\u0131<\/strong> niteli\u011fi ta\u015f\u0131rken, resmi se\u00e7im sonucu veya bilimsel \u00f6rnekleme esasl\u0131 bir se\u00e7im anketi olmay\u0131p, kat\u0131l\u0131mc\u0131lar\u0131n g\u00f6n\u00fcll\u00fc olarak oy kulland\u0131\u011f\u0131 bir de\u011ferlendirme \u00e7al\u0131\u015fmas\u0131 olarak kamuoyuyla payla\u015f\u0131ld\u0131.<\/p>\n","protected":false},"excerpt":{"rendered":"<p>G\u00dcNDEM 59 Gazetesi ve \u0130nternet Haber Sitesi taraf\u0131ndan d\u00fczenlenen &#8220;Tekirda\u011f Siyaset Karnesi&#8221; kamuoyu anketi sonu\u00e7land\u0131&#8230;.<\/p>\n","protected":false},"author":1,"featured_media":4005,"comment_status":"open","ping_status":"open","sticky":false,"template":"","format":"standard","meta":{"footnotes":""},"categories":[52],"tags":[],"ppma_author":[57],"class_list":["post-4013","post","type-post","status-publish","format-standard","has-post-thumbnail","hentry","category-politika"],"authors":[{"term_id":57,"user_id":1,"is_guest":0,"slug":"admin","display_name":"Alp Aslan","avatar_url":"https:\/\/secure.gravatar.com\/avatar\/07c18c5ad3350b025db8f3328450e071acb435c703e565899c880c63362f137a?s=96&d=mm&r=g","author_category":"1","first_name":"Alp Aslan","last_name":"ER\u0130N","user_url":"http:\/\/www.gundem59.com.tr","job_title":"","description":""}],"_links":{"self":[{"href":"https:\/\/gundem59.com.tr\/index.php?rest_route=\/wp\/v2\/posts\/4013","targetHints":{"allow":["GET"]}}],"collection":[{"href":"https:\/\/gundem59.com.tr\/index.php?rest_route=\/wp\/v2\/posts"}],"about":[{"href":"https:\/\/gundem59.com.tr\/index.php?rest_route=\/wp\/v2\/types\/post"}],"author":[{"embeddable":true,"href":"https:\/\/gundem59.com.tr\/index.php?rest_route=\/wp\/v2\/users\/1"}],"replies":[{"embeddable":true,"href":"https:\/\/gundem59.com.tr\/index.php?rest_route=%2Fwp%2Fv2%2Fcomments&post=4013"}],"version-history":[{"count":1,"href":"https:\/\/gundem59.com.tr\/index.php?rest_route=\/wp\/v2\/posts\/4013\/revisions"}],"predecessor-version":[{"id":4014,"href":"https:\/\/gundem59.com.tr\/index.php?rest_route=\/wp\/v2\/posts\/4013\/revisions\/4014"}],"wp:featuredmedia":[{"embeddable":true,"href":"https:\/\/gundem59.com.tr\/index.php?rest_route=\/wp\/v2\/media\/4005"}],"wp:attachment":[{"href":"https:\/\/gundem59.com.tr\/index.php?rest_route=%2Fwp%2Fv2%2Fmedia&parent=4013"}],"wp:term":[{"taxonomy":"category","embeddable":true,"href":"https:\/\/gundem59.com.tr\/index.php?rest_route=%2Fwp%2Fv2%2Fcategories&post=4013"},{"taxonomy":"post_tag","embeddable":true,"href":"https:\/\/gundem59.com.tr\/index.php?rest_route=%2Fwp%2Fv2%2Ftags&post=4013"},{"taxonomy":"author","embeddable":true,"href":"https:\/\/gundem59.com.tr\/index.php?rest_route=%2Fwp%2Fv2%2Fppma_author&post=4013"}],"curies":[{"name":"wp","href":"https:\/\/api.w.org\/{rel}","templated":true}]}}