{"id":4010,"date":"2026-08-03T14:36:56","date_gmt":"2026-08-03T14:36:56","guid":{"rendered":"https:\/\/gundem59.com.tr\/?p=4010"},"modified":"2026-08-03T14:36:58","modified_gmt":"2026-08-03T14:36:58","slug":"belediye-baskani-abdul-tasyasan-chp-rozeti-ile-secildigi-halde-ak-pari-ile-anilir-oldu","status":"publish","type":"post","link":"https:\/\/gundem59.com.tr\/?p=4010","title":{"rendered":"Belediye Ba\u015fkan\u0131 Abd\u00fcl TA\u015eYASAN CHP Rozeti ile se\u00e7ildi\u011fi halde AK PAR\u0130 ile an\u0131l\u0131r oldu ?"},"content":{"rendered":"\n<p class=\"wp-block-paragraph\">Her ne kadar bunu inkar etse de ;<br>AK PART\u0130 &#8216;nin Saray \u0130l\u00e7e Te\u015fkilat\u0131n\u0131n kurucular\u0131 aras\u0131nda yer ald\u0131\u011f\u0131n\u0131!<br>AK PART\u0130 \u0130l\u00e7e Ba\u015fkan\u0131n\u0131 bir s\u00f6z\u00fcn\u00fc ikiletmedi\u011fini t\u00fcm kamuoyu biliyor.<br>\u00d6yle ki AK PART\u0130 \u0130l\u00e7e B\u015fkanl\u0131\u011f\u0131 &#8221; KANUNA AYKIRI&#8221; yeni il\u00e7e merkezine ta\u015f\u0131nmadan \u00f6nce eski binan\u0131n kar\u015f\u0131 soka\u011f\u0131na AK PART\u0130 \u0130l\u00e7e Ba\u015fkan\u0131n\u0131n ricas\u0131 ile koydu\u011fu ve civar kom\u015fular\u0131n da yararland\u0131\u011f\u0131 k\u00fc\u00e7\u00fck \u00e7\u00f6p kovas\u0131n\u0131 AK PART\u0130 \u0130l\u00e7e Merkezi ta\u015f\u0131nmas\u0131 ile kendi mal\u0131 gibi al\u0131p yeni il\u00e7e binas\u0131n\u0131n kap\u0131s\u0131na koydu\u011funu kapat\u0131lan sosyal medya hesab\u0131m\u0131zdan duyurmu\u015f ve AK PART\u0130 Yeni \u0130l\u00e7e binas\u0131n\u0131n \u00f6n\u00fcne yeni \u00e7\u00f6p kovas\u0131 konularak eskisi k\u0131r\u0131k kapakl\u0131 bir \u015fekilde eski yerine konulmu\u015ftu.<br>Sorun \u00e7\u00f6z\u00fclm\u00fc\u015f gibi g\u00f6r\u00fcnse de &#8221; Bir Belediyenin As\u0131l Amac\u0131 Halka Hizmettir &#8221; anlay\u0131\u015f\u0131 yerine konuldu\u011fu yerden kald\u0131r\u0131larak al\u0131nmas\u0131 &#8221; Saray Belediyesinin As\u0131l Amac\u0131 AK PART\u0130 \u0130l\u00e7e Ba\u015fkan\u0131na Hizmettir&#8221; e d\u00f6n\u00fc\u015fm\u00fc\u015ft\u00fcr.<br>AK PART\u0130 \u0130l\u00e7e Ba\u015fkan\u0131l\u0131\u011f\u0131&#8217;n\u0131n &#8221; Ramazan \u0130ftar Yeme\u011fi ve Kadir Gecesi &#8221; Etkinli\u011finde de bir AK PART\u0130 &#8216;li gibi ilgilenmi\u015f CHP &#8216;li Tekirda\u011f B\u00fcy\u00fck\u015fehir Belediye Ba\u015fkan\u0131 Candan Y\u00dcCEER&#8217;in Saray&#8217;da verdi\u011fi \u0130ftar Yeme\u011fine Ba\u015fka bir mahallede \u0130ftar Yeme\u011fi d\u00fczenleyerek kat\u0131lmam\u0131\u015f oldu\u011fu halde AK PART\u0130 yeme\u011fine gelen AK Parti &#8216;li siyaset\u00e7ilerle de yak\u0131ndan ilgilenerek Belediye Binas\u0131nda Misafir etmi\u015ftir. Bu olay iadeyi ziyaret mi yoksa AK Parti&#8217;li olma hevesinden mi olsa gerek kendi d\u00fczenledi\u011fi iftar yemeklerinin \u00e7o\u011funda da AK Parti \u0130l\u00e7e Ba\u015fkan\u0131 onur konu\u011fu olmu\u015ftur.<br>Hatta il\u00e7e s\u0131n\u0131rlar\u0131n\u0131 a\u015fan gezilerde dahi birlikte payla\u015f\u0131mlarda bulunmu\u015flard\u0131r. \u00d6rne\u011fin Eski DYP li Bakan Cavit \u00c7a\u011flar ile g\u00f6r\u00fc\u015fmeye dahi birlikte gitmi\u015flerdir.<br>Se\u00e7ime girdi\u011fi d\u00f6nemde \u0130Y\u0130 Parti \u00fcyesi oldu\u011fu halde \u0130l\u00e7e Ba\u015fkan\u0131 olmadan bir y\u0131l \u00f6ncesine kadar \u0130Y\u0130 Parti&#8217;de kay\u0131tl\u0131 olan AK Parti \u0130l\u00e7e Ba\u015fkan\u0131n Belediye de Muhalefet Meclis \u00dcyesi odu\u011funu biliyoruz.<br>Soru \u015fu. Say\u0131n Abd\u00fcl Ta\u015fyasan CHP &#8216;li B\u00fcy\u00fck\u015fehir Belediyesi ile k\u00fcsl\u00fc\u011f\u00fcn\u00fcz halk\u0131n hizmet almas\u0131na zarar verirken , AK Parti&#8217;liler ile bu yak\u0131nl\u0131\u011f\u0131n\u0131z da CHP&#8217;ye zarar vermiyor mu?<br><strong>Ne kadar CHP &#8216;lisiniz? Ne kadar AK Partili ?<\/strong><\/p>\n","protected":false},"excerpt":{"rendered":"<p>Her ne kadar bunu inkar etse de ;AK PART\u0130 &#8216;nin Saray \u0130l\u00e7e Te\u015fkilat\u0131n\u0131n kurucular\u0131 aras\u0131nda&#8230;<\/p>\n","protected":false},"author":1,"featured_media":4011,"comment_status":"open","ping_status":"open","sticky":false,"template":"","format":"standard","meta":{"footnotes":""},"categories":[56],"tags":[],"ppma_author":[57],"class_list":["post-4010","post","type-post","status-publish","format-standard","has-post-thumbnail","hentry","category-guncel"],"authors":[{"term_id":57,"user_id":1,"is_guest":0,"slug":"admin","display_name":"Alp Aslan","avatar_url":"https:\/\/secure.gravatar.com\/avatar\/07c18c5ad3350b025db8f3328450e071acb435c703e565899c880c63362f137a?s=96&d=mm&r=g","author_category":"1","first_name":"Alp Aslan","last_name":"ER\u0130N","user_url":"http:\/\/www.gundem59.com.tr","job_title":"","description":""}],"_links":{"self":[{"href":"https:\/\/gundem59.com.tr\/index.php?rest_route=\/wp\/v2\/posts\/4010","targetHints":{"allow":["GET"]}}],"collection":[{"href":"https:\/\/gundem59.com.tr\/index.php?rest_route=\/wp\/v2\/posts"}],"about":[{"href":"https:\/\/gundem59.com.tr\/index.php?rest_route=\/wp\/v2\/types\/post"}],"author":[{"embeddable":true,"href":"https:\/\/gundem59.com.tr\/index.php?rest_route=\/wp\/v2\/users\/1"}],"replies":[{"embeddable":true,"href":"https:\/\/gundem59.com.tr\/index.php?rest_route=%2Fwp%2Fv2%2Fcomments&post=4010"}],"version-history":[{"count":1,"href":"https:\/\/gundem59.com.tr\/index.php?rest_route=\/wp\/v2\/posts\/4010\/revisions"}],"predecessor-version":[{"id":4012,"href":"https:\/\/gundem59.com.tr\/index.php?rest_route=\/wp\/v2\/posts\/4010\/revisions\/4012"}],"wp:featuredmedia":[{"embeddable":true,"href":"https:\/\/gundem59.com.tr\/index.php?rest_route=\/wp\/v2\/media\/4011"}],"wp:attachment":[{"href":"https:\/\/gundem59.com.tr\/index.php?rest_route=%2Fwp%2Fv2%2Fmedia&parent=4010"}],"wp:term":[{"taxonomy":"category","embeddable":true,"href":"https:\/\/gundem59.com.tr\/index.php?rest_route=%2Fwp%2Fv2%2Fcategories&post=4010"},{"taxonomy":"post_tag","embeddable":true,"href":"https:\/\/gundem59.com.tr\/index.php?rest_route=%2Fwp%2Fv2%2Ftags&post=4010"},{"taxonomy":"author","embeddable":true,"href":"https:\/\/gundem59.com.tr\/index.php?rest_route=%2Fwp%2Fv2%2Fppma_author&post=4010"}],"curies":[{"name":"wp","href":"https:\/\/api.w.org\/{rel}","templated":true}]}}