{"id":3943,"date":"2026-07-31T08:18:00","date_gmt":"2026-07-31T08:18:00","guid":{"rendered":"https:\/\/gundem59.com.tr\/?p=3943"},"modified":"2026-07-31T08:18:01","modified_gmt":"2026-07-31T08:18:01","slug":"turkiyenin-yeni-nesil-arac-muayene-sistemi-icin-imtiyaz-sozlesmesi-imzalandi","status":"publish","type":"post","link":"https:\/\/gundem59.com.tr\/?p=3943","title":{"rendered":"T\u00fcrkiye&#8217;nin yeni nesil ara\u00e7 muayene sistemi i\u00e7in imtiyaz s\u00f6zle\u015fmesi imzaland\u0131"},"content":{"rendered":"\n<p class=\"wp-block-paragraph\">T\u00fcrkiye&#8217;de 81 ilde ara\u00e7 muayene istasyonlar\u0131n\u0131n yap\u0131m\u0131, bak\u0131m\u0131, i\u015fletilmesi ve ara\u00e7 muayene hizmetlerinin y\u00fcr\u00fct\u00fclmesine ili\u015fkin 2027-2047 d\u00f6nemi \u0130mtiyaz Hakk\u0131 S\u00f6zle\u015fmesi imzaland\u0131.<\/p>\n\n\n\n<p class=\"wp-block-paragraph\">Ula\u015ft\u0131rma ve Altyap\u0131 Bakanl\u0131\u011f\u0131, \u00d6zelle\u015ftirme \u0130daresi Ba\u015fkanl\u0131\u011f\u0131 ve TURKA&#8217;n\u0131n imza att\u0131\u011f\u0131 s\u00f6zle\u015fmeyle birlikte yeni nesil ara\u00e7 muayene sistemi i\u00e7in geri say\u0131m resmen ba\u015flad\u0131. Yakla\u015f\u0131k 3 milyar dolarl\u0131k yat\u0131r\u0131m program\u0131 kapsam\u0131nda kurulacak altyap\u0131, 15 A\u011fustos 2027 itibar\u0131yla hizmete girecek.<\/p>\n\n\n\n<p class=\"wp-block-paragraph\"><a href=\"https:\/\/www.sondakika.com\/turkiye\/\">T\u00fcrkiye<\/a>&#8216;nin ara\u00e7 muayene altyap\u0131s\u0131n\u0131 \u00f6n\u00fcm\u00fczdeki 20 y\u0131l boyunca \u015fekillendirecek yeni d\u00f6nem resmen ba\u015fl\u0131yor. Ula\u015ft\u0131rma ve Altyap\u0131 Bakanl\u0131\u011f\u0131, \u00d6zelle\u015ftirme \u0130daresi Ba\u015fkanl\u0131\u011f\u0131 ve MOI Ortak Giri\u015fim Grubu taraf\u0131ndan kurulan TURKA aras\u0131nda, 2027\u20132047 d\u00f6nemini kapsayan Ara\u00e7 Muayene Hizmetleri \u0130mtiyaz Hakk\u0131 S\u00f6zle\u015fmesi Ankara&#8217;da imzaland\u0131.<\/p>\n\n\n\n<p class=\"wp-block-paragraph\">24 \u015eubat 2025 tarihinde ger\u00e7ekle\u015ftirilen ihalenin ard\u0131ndan hukuki, idari ve mali s\u00fcre\u00e7lerin tamamlanmas\u0131yla birlikte TURKA, 15 A\u011fustos 2027 tarihinden itibaren T\u00fcrkiye genelinde ara\u00e7 muayene hizmetlerini 20 y\u0131l s\u00fcreyle y\u00fcr\u00fctecek. Yakla\u015f\u0131k 3 milyar dolarl\u0131k yat\u0131r\u0131m program\u0131 kapsam\u0131nda kurulacak yeni nesil ara\u00e7 muayene altyap\u0131s\u0131 i\u00e7in i\u015fletme hakk\u0131 bedeli olarak 1,72 milyar dolar Hazine&#8217;ye pe\u015fin \u00f6deme ger\u00e7ekle\u015ftirildi. S\u00f6zle\u015fme s\u00fcresi boyunca elde edilecek gelirlerin yakla\u015f\u0131k y\u00fczde 65&#8217;i de kamuya aktar\u0131lacak.<\/p>\n\n\n\n<p class=\"wp-block-paragraph\">Hazine ve Maliye Bakanl\u0131\u011f\u0131 \u00d6zelle\u015ftirme \u0130daresi Ba\u015fkanl\u0131\u011f\u0131\u2019nda d\u00fczenlenen imza t\u00f6renine, Ula\u015ft\u0131rma ve Altyap\u0131 Bakan Abdulkadir Uralo\u011flu, Ula\u015ft\u0131rma ve Altyap\u0131 Bakan Yard\u0131mc\u0131lar\u0131 Osman Boyraz ve Ahmet Hamdi Atalay, \u00d6zelle\u015ftirme \u0130daresi Ba\u015fkan\u0131 Bekir Emre Hayk\u0131r, TURKA Y\u00f6netim Kurulu Ba\u015fkan\u0131 Halis Ezer ve \u0130spanya Ankara B\u00fcy\u00fckel\u00e7isi Cristina Latorre Sancho kat\u0131ld\u0131.<\/p>\n\n\n\n<h3 class=\"wp-block-heading\">\u201c20 y\u0131ll\u0131k yeni d\u00f6nemin temellerini at\u0131yoruz\u201d<\/h3>\n\n\n\n<p class=\"wp-block-paragraph\"><strong>Ula\u015ft\u0131rma ve Altyap\u0131 Bakan\u0131 Abdulkadir Uralo\u011flu, t\u00f6rende \u015f\u00f6yle konu\u015ftu:<\/strong><\/p>\n\n\n\n<p class=\"wp-block-paragraph\">\u201cBug\u00fcn imzalar\u0131n\u0131 att\u0131\u011f\u0131m\u0131z ihale s\u00fcrecini tamamlad\u0131k. Arazideki ara\u00e7 muayene istasyonlar\u0131n\u0131n kurulumlar\u0131 ba\u015flad\u0131. Toplamda 352 tane ara\u00e7 muayene istasyonuyla vatanda\u015f\u0131m\u0131za hizmet edece\u011fiz. M\u00fcmk\u00fcn oldu\u011fu kadar insan fakt\u00f6r\u00fcn\u00fc minimize edece\u011fiz. Ara\u00e7 ilk istasyona girerken plaka tan\u0131ma sistemiyle ba\u015flay\u0131p sonras\u0131nda da oradaki s\u00fcr\u00fcc\u00fcn\u00fcn ve teknisyenin m\u00fcmk\u00fcn oldu\u011fu kadar s\u00fcrecin i\u00e7erisinde olmad\u0131\u011f\u0131, ara\u00e7 sahibinin olmad\u0131\u011f\u0131, tamamen otomasyon sistemiyle ve belli ekranlarda da a\u015famalar\u0131 izlenebilen bir sistemi kuraca\u011f\u0131z. Kredi kartlar\u0131ndan al\u0131nan komisyonlar do\u011frudan buradaki ara\u00e7 sahibi veya \u015firket sahiplerine y\u00fckleniyordu. Biz ihaleye \u015fart koyarak bunun y\u00fcklenici taraf\u0131ndan \u00fcstlenilmesini sa\u011flad\u0131k. 2027&#8217;nin A\u011fustos ay\u0131nda i\u015fletmeye girdi\u011fimizde art\u0131k kredi kart\u0131 problemi ya da kredi kart\u0131 komisyon problemi de ortadan kalkacak. En \u00fcst seviyede d\u00fcnyada ne varsa T\u00fcrkiye&#8217;de de o olacak.\u201d<\/p>\n\n\n\n<p class=\"wp-block-paragraph\">\u00d6zelle\u015ftirme \u0130daresi Ba\u015fkan\u0131 Bekir Emre Hayk\u0131r da b\u00fcy\u00fckl\u00fc\u011f\u00fc, finansman yap\u0131s\u0131 ve uluslararas\u0131 yat\u0131r\u0131mc\u0131 ilgisiyle bu i\u015flemin, son y\u0131llarda yaln\u0131zca T\u00fcrkiye&#8217;nin de\u011fil, Avrupa&#8217;n\u0131n da en dikkat \u00e7ekici, en b\u00fcy\u00fck altyap\u0131 yat\u0131r\u0131m\u0131 ve imtiyaz projelerinden biri olarak \u00f6ne \u00e7\u0131kt\u0131\u011f\u0131na dikkat \u00e7ekti. Hayk\u0131r, \u201cBu sonu\u00e7, \u00fclkemize duyulan uluslararas\u0131 yat\u0131r\u0131mc\u0131 g\u00fcveninin, ekonomimizin sa\u011flam temellerinin ve \u015feffaf, \u00f6ng\u00f6r\u00fclebilir yat\u0131r\u0131m ortam\u0131n\u0131n en somut g\u00f6stergelerinden biridir\u201d dedi.<\/p>\n\n\n\n<figure class=\"wp-block-image size-full\"><img  title=\"\" loading=\"lazy\" decoding=\"async\" width=\"640\" height=\"426\" src=\"https:\/\/gundem59.com.tr\/wp-content\/uploads\/2026\/07\/turkiyenin-yeni-nesil-arac-mua-77159993-6686_1_m.webp\"  alt=\"turkiyenin-yeni-nesil-arac-mua-77159993-6686_1_m T\u00fcrkiye&#039;nin yeni nesil ara\u00e7 muayene sistemi i\u00e7in imtiyaz s\u00f6zle\u015fmesi imzaland\u0131\"  class=\"wp-image-3944\" srcset=\"https:\/\/gundem59.com.tr\/wp-content\/uploads\/2026\/07\/turkiyenin-yeni-nesil-arac-mua-77159993-6686_1_m.webp 640w, https:\/\/gundem59.com.tr\/wp-content\/uploads\/2026\/07\/turkiyenin-yeni-nesil-arac-mua-77159993-6686_1_m-300x200.webp 300w\" sizes=\"auto, (max-width: 640px) 100vw, 640px\" \/><\/figure>\n\n\n\n<h3 class=\"wp-block-heading\">Finansman ayn\u0131 g\u00fcn kapand\u0131<\/h3>\n\n\n\n<p class=\"wp-block-paragraph\">S\u00f6zle\u015fmeye TURKA ad\u0131na imza atan TURKA Y\u00f6netim Kurulu Ba\u015fkan\u0131 Halis Ezer ise T\u00fcrkiye&#8217;de ara\u00e7 muayene hizmetlerinde yeni d\u00f6nemin ba\u015flang\u0131c\u0131n\u0131 temsil eden bu anla\u015fmayla \u00fcstlendikleri sorumlulu\u011fa dikkat \u00e7ekerek \u015funlar\u0131 s\u00f6yledi:<\/p>\n\n\n\n<p class=\"wp-block-paragraph\">\u201cT\u00fcrkiye Y\u00fczy\u0131l\u0131na ve Cumhurba\u015fkan\u0131m\u0131z\u0131n i\u015faret etti\u011fi vizyona yak\u0131\u015f\u0131r yeni nesil muayene merkezlerini \u00fclkemize kazand\u0131raca\u011f\u0131z. T\u00fcrkiye\u2019nin b\u00fcy\u00fcyen ara\u00e7 park\u0131na uygun, teknolojik altyap\u0131s\u0131 g\u00fc\u00e7l\u00fc ve hizmet kapasitesi y\u00fcksek, uluslararas\u0131 standartlarda, s\u00fcrd\u00fcr\u00fclebilir ve gelece\u011fin mobilite ihtiya\u00e7lar\u0131na cevap veren bir sistem kurmay\u0131 planl\u0131yoruz. Vatanda\u015flar\u0131m\u0131z\u0131n memnuniyetini merkeze alan, h\u0131zl\u0131, g\u00fcvenilir ve \u015feffaf bir hizmet anlay\u0131\u015f\u0131yla \u00e7al\u0131\u015faca\u011f\u0131z. Hedefimiz, 15 A\u011fustos 2027 itibar\u0131yla yeni sistemi planlanan takvim do\u011frultusunda hizmete almak.\u201d<\/p>\n\n\n\n<p class=\"wp-block-paragraph\">S\u00fcrecin ba\u015ftan sona planland\u0131\u011f\u0131 gibi ilerledi\u011fini belirten Ezer, \u201c\u00d6n\u00fcm\u00fczde 90 g\u00fcnl\u00fck yasal bir \u00f6deme s\u00fcresi vard\u0131. Bu s\u00fcreyi beklemeden y\u00fck\u00fcml\u00fcl\u00fc\u011f\u00fcm\u00fcz\u00fc hemen yerine getirdik ve s\u00f6zle\u015fmeyi imzalad\u0131\u011f\u0131m\u0131z g\u00fcn finansman\u0131m\u0131z\u0131 da kapatt\u0131k. Taahh\u00fct etti\u011fimiz t\u00fcm istasyonlar\u0131 zaman\u0131nda tamamlayarak hizmete sunaca\u011f\u0131z\u201d diye konu\u015ftu.<\/p>\n\n\n\n<p class=\"wp-block-paragraph\">Ezer ayr\u0131ca, projenin t\u00fcm a\u015famalar\u0131n\u0131n Ula\u015ft\u0131rma ve Altyap\u0131 Bakanl\u0131\u011f\u0131 Ula\u015ft\u0131rma Hizmetleri D\u00fczenleme Genel M\u00fcd\u00fcrl\u00fc\u011f\u00fc&#8217;n\u00fcn sevk ve idaresinde, Bakanl\u0131\u011f\u0131n denetim ve kontrol\u00fc alt\u0131nda y\u00fcr\u00fct\u00fclece\u011fini vurgulad\u0131.<\/p>\n\n\n\n<p class=\"wp-block-paragraph\">S\u00f6zle\u015fmeye kadar ge\u00e7en d\u00f6nemde saha haz\u0131rl\u0131klar\u0131n\u0131n kesintisiz s\u00fcrd\u00fc\u011f\u00fcn\u00fc ifade eden Halis Ezer, T\u00fcrkiye genelindeki i\u015f ortaklar\u0131n\u0131n y\u00fczde 90&#8217;\u0131yla anla\u015fmalar\u0131n tamamland\u0131\u011f\u0131n\u0131, 20&#8217;yi a\u015fk\u0131n in\u015faat firmas\u0131yla e\u015f zamanl\u0131 y\u00fcr\u00fct\u00fclecek yat\u0131r\u0131m program\u0131 kapsam\u0131nda istasyonlar\u0131n planlanan takvim do\u011frultusunda sisteme kat\u0131laca\u011f\u0131n\u0131 kaydetti. Ezer, yeni nesil ara\u00e7 muayene istasyonu konseptinin k\u0131sa s\u00fcre i\u00e7inde hizmete al\u0131nacak \u00f6rnek istasyonda ilk kez kamuoyuna tan\u0131t\u0131laca\u011f\u0131n\u0131 bildirdi.<\/p>\n\n\n\n<h3 class=\"wp-block-heading\">Talebi kar\u015f\u0131layacak yeni kapasite<\/h3>\n\n\n\n<p class=\"wp-block-paragraph\">T\u00fcrkiye&#8217;de trafi\u011fe kay\u0131tl\u0131 ara\u00e7 say\u0131s\u0131 34,5 milyona ula\u015f\u0131rken, y\u0131ll\u0131k ara\u00e7 muayene say\u0131s\u0131 tekrarlanan i\u015flemlerle birlikte 16 milyona yakla\u015f\u0131yor. Her y\u0131l 1 milyondan fazla yeni arac\u0131n trafi\u011fe kat\u0131ld\u0131\u011f\u0131 pazarda yeni altyap\u0131, artan talebi kar\u015f\u0131layacak kapasiteyle planland\u0131.<\/p>\n\n\n\n<p class=\"wp-block-paragraph\">Tamam\u0131 \u00f6zel sekt\u00f6r taraf\u0131ndan finanse edilecek yat\u0131r\u0131m program\u0131 kapsam\u0131nda 81 ilde 249 sabit, 103 mobil ara\u00e7 muayene istasyonu ve 900 muayene hatt\u0131 kurulacak. \u015eartnamede 75 olarak \u00f6ng\u00f6r\u00fclen mobil istasyon say\u0131s\u0131, hizmete eri\u015fimi art\u0131rmak amac\u0131yla ilk a\u015famada 103&#8217;e \u00e7\u0131kar\u0131ld\u0131. Mobil istasyon say\u0131s\u0131, Ula\u015ft\u0131rma ve Altyap\u0131 Bakanl\u0131\u011f\u0131&#8217;n\u0131n de\u011ferlendirmeleri ve sahadaki ihtiya\u00e7lar do\u011frultusunda ilerleyen d\u00f6nemde art\u0131r\u0131labilecek.<\/p>\n\n\n\n<p class=\"wp-block-paragraph\">Yeni d\u00f6nemde ara\u00e7 muayene s\u00fcre\u00e7leri yapay zek\u00e2 destekli g\u00f6r\u00fcnt\u00fc i\u015fleme, \u00e7ok noktal\u0131 kamera altyap\u0131s\u0131 ve lazer tarama teknolojileriyle desteklenecek. Randevu, bilgilendirme ve sonu\u00e7 g\u00f6r\u00fcnt\u00fcleme s\u00fcre\u00e7leri dijital kanallar \u00fczerinden y\u00fcr\u00fct\u00fcl\u00fcrken, manuel i\u015flemler en aza indirilecek. B\u00f6ylece daha h\u0131zl\u0131, daha g\u00fcvenilir ve daha verimli bir hizmet altyap\u0131s\u0131 olu\u015fturulmas\u0131 hedefleniyor.<\/p>\n","protected":false},"excerpt":{"rendered":"<p>T\u00fcrkiye&#8217;de 81 ilde ara\u00e7 muayene istasyonlar\u0131n\u0131n yap\u0131m\u0131, bak\u0131m\u0131, i\u015fletilmesi ve ara\u00e7 muayene hizmetlerinin y\u00fcr\u00fct\u00fclmesine ili\u015fkin&#8230;<\/p>\n","protected":false},"author":1,"featured_media":3945,"comment_status":"open","ping_status":"open","sticky":false,"template":"","format":"standard","meta":{"footnotes":""},"categories":[56],"tags":[],"ppma_author":[57],"class_list":["post-3943","post","type-post","status-publish","format-standard","has-post-thumbnail","hentry","category-guncel"],"authors":[{"term_id":57,"user_id":1,"is_guest":0,"slug":"admin","display_name":"Alp Aslan","avatar_url":"https:\/\/secure.gravatar.com\/avatar\/07c18c5ad3350b025db8f3328450e071acb435c703e565899c880c63362f137a?s=96&d=mm&r=g","author_category":"1","first_name":"Alp Aslan","last_name":"ER\u0130N","user_url":"http:\/\/www.gundem59.com.tr","job_title":"","description":""}],"_links":{"self":[{"href":"https:\/\/gundem59.com.tr\/index.php?rest_route=\/wp\/v2\/posts\/3943","targetHints":{"allow":["GET"]}}],"collection":[{"href":"https:\/\/gundem59.com.tr\/index.php?rest_route=\/wp\/v2\/posts"}],"about":[{"href":"https:\/\/gundem59.com.tr\/index.php?rest_route=\/wp\/v2\/types\/post"}],"author":[{"embeddable":true,"href":"https:\/\/gundem59.com.tr\/index.php?rest_route=\/wp\/v2\/users\/1"}],"replies":[{"embeddable":true,"href":"https:\/\/gundem59.com.tr\/index.php?rest_route=%2Fwp%2Fv2%2Fcomments&post=3943"}],"version-history":[{"count":1,"href":"https:\/\/gundem59.com.tr\/index.php?rest_route=\/wp\/v2\/posts\/3943\/revisions"}],"predecessor-version":[{"id":3946,"href":"https:\/\/gundem59.com.tr\/index.php?rest_route=\/wp\/v2\/posts\/3943\/revisions\/3946"}],"wp:featuredmedia":[{"embeddable":true,"href":"https:\/\/gundem59.com.tr\/index.php?rest_route=\/wp\/v2\/media\/3945"}],"wp:attachment":[{"href":"https:\/\/gundem59.com.tr\/index.php?rest_route=%2Fwp%2Fv2%2Fmedia&parent=3943"}],"wp:term":[{"taxonomy":"category","embeddable":true,"href":"https:\/\/gundem59.com.tr\/index.php?rest_route=%2Fwp%2Fv2%2Fcategories&post=3943"},{"taxonomy":"post_tag","embeddable":true,"href":"https:\/\/gundem59.com.tr\/index.php?rest_route=%2Fwp%2Fv2%2Ftags&post=3943"},{"taxonomy":"author","embeddable":true,"href":"https:\/\/gundem59.com.tr\/index.php?rest_route=%2Fwp%2Fv2%2Fppma_author&post=3943"}],"curies":[{"name":"wp","href":"https:\/\/api.w.org\/{rel}","templated":true}]}}