{"id":3922,"date":"2026-07-29T18:56:42","date_gmt":"2026-07-29T18:56:42","guid":{"rendered":"https:\/\/gundem59.com.tr\/?p=3922"},"modified":"2026-07-29T18:56:43","modified_gmt":"2026-07-29T18:56:43","slug":"chp-tekirdag-il-yonetiminde-gorev-dagilimi-aciklandi","status":"publish","type":"post","link":"https:\/\/gundem59.com.tr\/?p=3922","title":{"rendered":"CHP Tekirda\u011f \u0130l Y\u00f6netimi&#8217;nde G\u00f6rev Da\u011f\u0131l\u0131m\u0131 A\u00e7\u0131kland\u0131"},"content":{"rendered":"\n<p class=\"wp-block-paragraph\"><strong>Cumhuriyet Halk Partisi (CHP) Tekirda\u011f \u0130l Ba\u015fkanl\u0131\u011f\u0131<\/strong>, \u0130l Ba\u015fkan\u0131 <strong>Erdo\u011fan Kaplan<\/strong> ba\u015fkanl\u0131\u011f\u0131ndaki yeni il y\u00f6netim kurulunun g\u00f6rev da\u011f\u0131l\u0131m\u0131n\u0131 kamuoyuyla payla\u015ft\u0131.<\/p>\n\n\n\n<figure class=\"wp-block-image size-large\"><img  title=\"\" loading=\"lazy\" decoding=\"async\" width=\"1024\" height=\"1024\" src=\"https:\/\/gundem59.com.tr\/wp-content\/uploads\/2026\/07\/WhatsApp-Image-2026-07-29-at-21.26.11-1024x1024.jpeg\"  alt=\"WhatsApp-Image-2026-07-29-at-21.26.11-1024x1024 CHP Tekirda\u011f \u0130l Y\u00f6netimi&#039;nde G\u00f6rev Da\u011f\u0131l\u0131m\u0131 A\u00e7\u0131kland\u0131\"  class=\"wp-image-3924\" srcset=\"https:\/\/gundem59.com.tr\/wp-content\/uploads\/2026\/07\/WhatsApp-Image-2026-07-29-at-21.26.11-1024x1024.jpeg 1024w, https:\/\/gundem59.com.tr\/wp-content\/uploads\/2026\/07\/WhatsApp-Image-2026-07-29-at-21.26.11-300x300.jpeg 300w, https:\/\/gundem59.com.tr\/wp-content\/uploads\/2026\/07\/WhatsApp-Image-2026-07-29-at-21.26.11-150x150.jpeg 150w, https:\/\/gundem59.com.tr\/wp-content\/uploads\/2026\/07\/WhatsApp-Image-2026-07-29-at-21.26.11-768x768.jpeg 768w, https:\/\/gundem59.com.tr\/wp-content\/uploads\/2026\/07\/WhatsApp-Image-2026-07-29-at-21.26.11.jpeg 1254w\" sizes=\"auto, (max-width: 1024px) 100vw, 1024px\" \/><\/figure>\n\n\n\n<p class=\"wp-block-paragraph\">A\u00e7\u0131klanan listeye g\u00f6re il y\u00f6netiminde \u00f6rg\u00fctlenmeden yerel y\u00f6netimlere, hukuk ve se\u00e7im i\u015flerinden ekonomi, sa\u011fl\u0131k, k\u00fclt\u00fcr, sosyal politikalar ve sanayiye kadar bir\u00e7ok alanda sorumlu il ba\u015fkan yard\u0131mc\u0131lar\u0131 belirlendi.<\/p>\n\n\n\n<p class=\"wp-block-paragraph\">G\u00f6rev da\u011f\u0131l\u0131m\u0131yla birlikte parti \u00e7al\u0131\u015fmalar\u0131n\u0131n daha planl\u0131 ve koordineli \u015fekilde y\u00fcr\u00fct\u00fclmesi hedeflenirken, il y\u00f6netim kurulu \u00fcyeleri de \u00e7e\u015fitli \u00e7al\u0131\u015fma alanlar\u0131nda g\u00f6revlendirildi.<\/p>\n\n\n\n<p class=\"wp-block-paragraph\">\u0130l Ba\u015fkan\u0131 Erdo\u011fan Kaplan&#8217;\u0131n koordinasyonunda g\u00f6rev yapacak yeni y\u00f6netimin \u00f6n\u00fcm\u00fczdeki d\u00f6nemde Tekirda\u011f genelinde parti faaliyetlerini s\u00fcrd\u00fcrece\u011fi belirtildi.<\/p>\n\n\n\n<hr class=\"wp-block-separator has-alpha-channel-opacity\"\/>\n\n\n\n<h1 class=\"wp-block-heading\">CHP Tekirda\u011f \u0130l Y\u00f6netim Kurulu G\u00f6rev Da\u011f\u0131l\u0131m\u0131<\/h1>\n\n\n\n<figure class=\"wp-block-table\"><table class=\"has-fixed-layout\"><thead><tr><th>No<\/th><th>G\u00f6rev<\/th><th>Sorumlu<\/th><\/tr><\/thead><tbody><tr><td>1<\/td><td>\u0130l Ba\u015fkan Vekili<\/td><td>M\u00fcmin Uslu<\/td><\/tr><tr><td>2<\/td><td>\u0130l Sekreteri<\/td><td>Berrin Ba\u015fol Menek\u015fe<\/td><\/tr><tr><td>3<\/td><td>\u0130l Sayman\u0131<\/td><td>\u00d6zge Yurdanur<\/td><\/tr><tr><td>4<\/td><td>Bilgi ve \u0130leti\u015fim Teknolojilerinden Sorumlu Ba\u015fkan Yard\u0131mc\u0131s\u0131<\/td><td>Yal\u00e7\u0131n Ta\u015f<\/td><\/tr><tr><td>5<\/td><td>\u0130l E\u011fitim Sekreteri<\/td><td>Y\u0131ld\u0131z Kiremit\u00e7i<\/td><\/tr><tr><td>6<\/td><td>Yurti\u00e7i \u00d6rg\u00fctlenmeden Sorumlu Ba\u015fkan Yard\u0131mc\u0131s\u0131<\/td><td>M\u00fcmin Uslu<\/td><\/tr><tr><td>7<\/td><td>Halkla \u0130li\u015fkilerden Sorumlu Ba\u015fkan Yard\u0131mc\u0131s\u0131<\/td><td>Leman Can<\/td><\/tr><tr><td>8<\/td><td>Yerel Y\u00f6netimler ve Parti S\u00f6zc\u00fcl\u00fc\u011f\u00fcnden Sorumlu Ba\u015fkan Yard\u0131mc\u0131s\u0131<\/td><td>Beytullah Sinan Bekta\u015f<\/td><\/tr><tr><td>9<\/td><td>Hukuk ve Se\u00e7im \u0130\u015flerinden Sorumlu Ba\u015fkan Yard\u0131mc\u0131s\u0131<\/td><td>Mert Nurettin \u015e\u0131k<\/td><\/tr><tr><td>10<\/td><td>Do\u011fa, \u00c7evre ve Hayvan Haklar\u0131ndan Sorumlu Ba\u015fkan Yard\u0131mc\u0131s\u0131<\/td><td>Kemal \u00d6zer<\/td><\/tr><tr><td>11<\/td><td>Ekonomi Politikalar\u0131, \u0130\u015fveren \u00d6rg\u00fctlerinden Sorumlu Ba\u015fkan Yard\u0131mc\u0131s\u0131<\/td><td>Erdal Zengin<\/td><\/tr><tr><td>12<\/td><td>\u0130nsan Haklar\u0131 ve Aile Politikalar\u0131ndan Sorumlu Ba\u015fkan Yard\u0131mc\u0131s\u0131<\/td><td>Alcan E\u015fitmez<\/td><\/tr><tr><td>13<\/td><td>\u0130dari \u0130\u015flerden Sorumlu Ba\u015fkan Yard\u0131mc\u0131s\u0131<\/td><td>Mehmet Uslu<\/td><\/tr><tr><td>14<\/td><td>Gen\u00e7lik Politikalar\u0131ndan Sorumlu Ba\u015fkan Yard\u0131mc\u0131s\u0131<\/td><td>Emine Tu\u011f\u00e7e Zayim<\/td><\/tr><tr><td>15<\/td><td>Sa\u011fl\u0131k Politikalar\u0131ndan Sorumlu Ba\u015fkan Yard\u0131mc\u0131s\u0131<\/td><td>Nevzat Tufan<\/td><\/tr><tr><td>16<\/td><td>K\u00fclt\u00fcr ve Sanat Politikalar\u0131ndan Sorumlu Ba\u015fkan Yard\u0131mc\u0131s\u0131<\/td><td>Bora Yurdseven<\/td><\/tr><tr><td>17<\/td><td>Sosyal Politikalardan Sorumlu Ba\u015fkan Yard\u0131mc\u0131s\u0131<\/td><td>\u00d6mer Ya\u015far Erba\u015f<\/td><\/tr><tr><td>18<\/td><td>B\u00f6lgesel Kalk\u0131nma Politikalar\u0131ndan Sorumlu Ba\u015fkan Yard\u0131mc\u0131s\u0131<\/td><td>Ayd\u0131n Uzun<\/td><\/tr><tr><td>19<\/td><td>\u0130\u015fveren Sendikalar\u0131 ve \u0130\u015f D\u00fcnyas\u0131ndan Sorumlu Ba\u015fkan Yard\u0131mc\u0131s\u0131<\/td><td>U\u011fur Akand<\/td><\/tr><tr><td>20<\/td><td>E\u011fitim ve AR-GE \u0130\u015flerinden Sorumlu Ba\u015fkan Yard\u0131mc\u0131s\u0131<\/td><td>Umut Basc\u0131<\/td><\/tr><tr><td>21<\/td><td>Yurtd\u0131\u015f\u0131 \u00d6rg\u00fctlenmeden Sorumlu Ba\u015fkan Yard\u0131mc\u0131s\u0131<\/td><td>Mennan Y\u0131ld\u0131r\u0131m<\/td><\/tr><tr><td>22<\/td><td>Sanayi ve Ticaret Politikalar\u0131ndan Sorumlu Ba\u015fkan Yard\u0131mc\u0131s\u0131<\/td><td>Murat Y\u0131lmaz<\/td><\/tr><tr><td>23<\/td><td>\u0130\u015f\u00e7i Sendikalar\u0131 ve STK&#8217;lardan Sorumlu Ba\u015fkan Yard\u0131mc\u0131s\u0131<\/td><td>Hakan Y\u0131ld\u0131r\u0131m<\/td><\/tr><tr><td>24<\/td><td>AR-GE ve \u00dcretim Politikalar\u0131ndan Sorumlu Ba\u015fkan Yard\u0131mc\u0131s\u0131<\/td><td>B\u00fclent Akat<\/td><\/tr><tr><td>25<\/td><td>Bas\u0131ndan Sorumlu Ba\u015fkan Yard\u0131mc\u0131s\u0131<\/td><td>Ya\u015far Polat<\/td><\/tr><tr><td>26<\/td><td>Derneklerden Sorumlu Ba\u015fkan Yard\u0131mc\u0131s\u0131<\/td><td>Hilmi Do\u011fru<\/td><\/tr><tr><td>27<\/td><td>Muhtarlardan Sorumlu Ba\u015fkan Yard\u0131mc\u0131s\u0131<\/td><td>E\u015fref Kahraman<\/td><\/tr><tr><td>28<\/td><td>Sosyal Medyadan Sorumlu Ba\u015fkan Yard\u0131mc\u0131s\u0131<\/td><td>Onat Say\u0131m<\/td><\/tr><tr><td>29<\/td><td>\u0130l Y\u00f6netim Kurulu \u00dcyesi<\/td><td>\u00d6zlem Kaplan<\/td><\/tr><tr><td>30<\/td><td>\u0130l Y\u00f6netim Kurulu \u00dcyesi<\/td><td>T\u00fclay \u00c7\u0131tak<\/td><\/tr><tr><td>31<\/td><td>\u0130l Y\u00f6netim Kurulu \u00dcyesi (Ba\u015fkan Dan\u0131\u015fman\u0131)<\/td><td>Ercan K\u0131sa<\/td><\/tr><tr><td>32<\/td><td>\u0130l Y\u00f6netim Kurulu \u00dcyesi<\/td><td>&#8211;<\/td><\/tr><tr><td>33<\/td><td>\u0130l Y\u00f6netim Kurulu \u00dcyesi<\/td><td>&#8211;<\/td><\/tr><tr><td>34<\/td><td>\u0130l Y\u00f6netim Kurulu \u00dcyesi<\/td><td>&#8211;<\/td><\/tr><tr><td>35<\/td><td>\u0130l Y\u00f6netim Kurulu \u00dcyesi<\/td><td>&#8211;<\/td><\/tr><tr><td>36<\/td><td>\u0130l Y\u00f6netim Kurulu \u00dcyesi<\/td><td>&#8211;<\/td><\/tr><\/tbody><\/table><\/figure>\n\n\n\n<h3 class=\"wp-block-heading\">\u0130kinci Sorumlu Ba\u015fkan Yard\u0131mc\u0131lar\u0131<\/h3>\n\n\n\n<ul class=\"wp-block-list\">\n<li><strong>Do\u011fa, \u00c7evre ve Hayvan Haklar\u0131:<\/strong> Berkant C\u00fcre<\/li>\n\n\n\n<li><strong>Ekonomi Politikalar\u0131:<\/strong> Serdar G\u00fcle\u00e7<\/li>\n\n\n\n<li><strong>Sosyal Politikalar:<\/strong> Bilal Y\u0131lmaz<\/li>\n\n\n\n<li><strong>\u0130\u015f\u00e7i Sendikalar\u0131 ve STK&#8217;lar:<\/strong> \u015e\u00fckr\u00fc Ozan Dedeler<\/li>\n\n\n\n<li><strong>AR-GE ve \u00dcretim Politikalar\u0131:<\/strong> Necati Tayyar Bedir<\/li>\n\n\n\n<li><strong>Sosyal Medya:<\/strong> \u00d6mer Ya\u015far Erba\u015f<\/li>\n<\/ul>\n","protected":false},"excerpt":{"rendered":"<p>Cumhuriyet Halk Partisi (CHP) Tekirda\u011f \u0130l Ba\u015fkanl\u0131\u011f\u0131, \u0130l Ba\u015fkan\u0131 Erdo\u011fan Kaplan ba\u015fkanl\u0131\u011f\u0131ndaki yeni il y\u00f6netim&#8230;<\/p>\n","protected":false},"author":1,"featured_media":3923,"comment_status":"closed","ping_status":"closed","sticky":false,"template":"","format":"standard","meta":{"footnotes":""},"categories":[52],"tags":[],"ppma_author":[57],"class_list":["post-3922","post","type-post","status-publish","format-standard","has-post-thumbnail","hentry","category-politika"],"authors":[{"term_id":57,"user_id":1,"is_guest":0,"slug":"admin","display_name":"Alp Aslan","avatar_url":"https:\/\/secure.gravatar.com\/avatar\/07c18c5ad3350b025db8f3328450e071acb435c703e565899c880c63362f137a?s=96&d=mm&r=g","author_category":"1","first_name":"Alp Aslan","last_name":"ER\u0130N","user_url":"http:\/\/www.gundem59.com.tr","job_title":"","description":""}],"_links":{"self":[{"href":"https:\/\/gundem59.com.tr\/index.php?rest_route=\/wp\/v2\/posts\/3922","targetHints":{"allow":["GET"]}}],"collection":[{"href":"https:\/\/gundem59.com.tr\/index.php?rest_route=\/wp\/v2\/posts"}],"about":[{"href":"https:\/\/gundem59.com.tr\/index.php?rest_route=\/wp\/v2\/types\/post"}],"author":[{"embeddable":true,"href":"https:\/\/gundem59.com.tr\/index.php?rest_route=\/wp\/v2\/users\/1"}],"replies":[{"embeddable":true,"href":"https:\/\/gundem59.com.tr\/index.php?rest_route=%2Fwp%2Fv2%2Fcomments&post=3922"}],"version-history":[{"count":1,"href":"https:\/\/gundem59.com.tr\/index.php?rest_route=\/wp\/v2\/posts\/3922\/revisions"}],"predecessor-version":[{"id":3925,"href":"https:\/\/gundem59.com.tr\/index.php?rest_route=\/wp\/v2\/posts\/3922\/revisions\/3925"}],"wp:featuredmedia":[{"embeddable":true,"href":"https:\/\/gundem59.com.tr\/index.php?rest_route=\/wp\/v2\/media\/3923"}],"wp:attachment":[{"href":"https:\/\/gundem59.com.tr\/index.php?rest_route=%2Fwp%2Fv2%2Fmedia&parent=3922"}],"wp:term":[{"taxonomy":"category","embeddable":true,"href":"https:\/\/gundem59.com.tr\/index.php?rest_route=%2Fwp%2Fv2%2Fcategories&post=3922"},{"taxonomy":"post_tag","embeddable":true,"href":"https:\/\/gundem59.com.tr\/index.php?rest_route=%2Fwp%2Fv2%2Ftags&post=3922"},{"taxonomy":"author","embeddable":true,"href":"https:\/\/gundem59.com.tr\/index.php?rest_route=%2Fwp%2Fv2%2Fppma_author&post=3922"}],"curies":[{"name":"wp","href":"https:\/\/api.w.org\/{rel}","templated":true}]}}