{"id":3911,"date":"2026-07-27T19:06:42","date_gmt":"2026-07-27T19:06:42","guid":{"rendered":"https:\/\/gundem59.com.tr\/?p=3911"},"modified":"2026-07-27T19:06:43","modified_gmt":"2026-07-27T19:06:43","slug":"malkarada-aniz-yangini-ormana-sicradi-150-dekarlik-alan-zarar-gordu","status":"publish","type":"post","link":"https:\/\/gundem59.com.tr\/?p=3911","title":{"rendered":"Malkara&#8217;da An\u0131z Yang\u0131n\u0131 Ormana S\u0131\u00e7rad\u0131: 150 Dekarl\u0131k Alan Zarar G\u00f6rd\u00fc"},"content":{"rendered":"\n<p class=\"wp-block-paragraph\"><strong>TEK\u0130RDA\u011e<\/strong> \u2013 Tekirda\u011f&#8217;\u0131n Malkara il\u00e7esinde an\u0131zl\u0131k alanda ba\u015flayan yang\u0131n, kuvvetli r\u00fczgar\u0131n etkisiyle k\u0131sa s\u00fcrede ormanl\u0131k alana s\u0131\u00e7rad\u0131. Havadan ve karadan y\u00fcr\u00fct\u00fclen yo\u011fun s\u00f6nd\u00fcrme \u00e7al\u0131\u015fmalar\u0131 sonucunda yang\u0131n yakla\u015f\u0131k 3 saatlik m\u00fcdahalenin ard\u0131ndan kontrol alt\u0131na al\u0131nd\u0131.<\/p>\n\n\n\n<p class=\"wp-block-paragraph\">Esendik Mahallesi&#8217;nde \u00e7\u0131kan yang\u0131n\u0131n ihbar edilmesi \u00fczerine \u00e7ok say\u0131da ekip b\u00f6lgeye sevk edildi. Yang\u0131n\u0131n geni\u015f bir alana yay\u0131lmas\u0131n\u0131 \u00f6nlemek amac\u0131yla karadan y\u00fcr\u00fct\u00fclen \u00e7al\u0131\u015fmalara havadan da destek verildi.<\/p>\n\n\n\n<p class=\"wp-block-paragraph\">S\u00f6nd\u00fcrme \u00e7al\u0131\u015fmalar\u0131na \u00e7ok say\u0131da itfaiye ekibi, i\u015f makineleri ve destek ara\u00e7lar\u0131 kat\u0131l\u0131rken, havadan 1 u\u00e7ak ve 2 helikopterle m\u00fcdahale ger\u00e7ekle\u015ftirildi. Kuvvetli r\u00fczgar ve kuru otlar nedeniyle zaman zaman g\u00fc\u00e7l\u00fck ya\u015fanan \u00e7al\u0131\u015fmalarda ekipler, alevlerin yerle\u015fim alanlar\u0131 ve orman\u0131n daha geni\u015f kesimlerine ula\u015fmamas\u0131 i\u00e7in yo\u011fun \u00e7aba harcad\u0131.<\/p>\n\n\n\n<p class=\"wp-block-paragraph\">Yakla\u015f\u0131k 3 saat s\u00fcren koordineli m\u00fcdahalenin ard\u0131ndan yang\u0131n kontrol alt\u0131na al\u0131n\u0131rken, b\u00f6lgede so\u011futma \u00e7al\u0131\u015fmalar\u0131 s\u00fcrd\u00fcr\u00fcld\u00fc.<\/p>\n\n\n\n<p class=\"wp-block-paragraph\">Yang\u0131nda yakla\u015f\u0131k <strong>50 dekar ormanl\u0131k alan<\/strong> ile <strong>100 dekar an\u0131zl\u0131k alan<\/strong> zarar g\u00f6rd\u00fc. Yang\u0131n\u0131n \u00e7\u0131k\u0131\u015f nedeniyle ilgili inceleme ba\u015flat\u0131ld\u0131.<\/p>\n","protected":false},"excerpt":{"rendered":"<p>TEK\u0130RDA\u011e \u2013 Tekirda\u011f&#8217;\u0131n Malkara il\u00e7esinde an\u0131zl\u0131k alanda ba\u015flayan yang\u0131n, kuvvetli r\u00fczgar\u0131n etkisiyle k\u0131sa s\u00fcrede ormanl\u0131k&#8230;<\/p>\n","protected":false},"author":1,"featured_media":3912,"comment_status":"closed","ping_status":"closed","sticky":false,"template":"","format":"standard","meta":{"footnotes":""},"categories":[9],"tags":[],"ppma_author":[57],"class_list":["post-3911","post","type-post","status-publish","format-standard","has-post-thumbnail","hentry","category-malkara"],"authors":[{"term_id":57,"user_id":1,"is_guest":0,"slug":"admin","display_name":"Alp Aslan","avatar_url":"https:\/\/secure.gravatar.com\/avatar\/07c18c5ad3350b025db8f3328450e071acb435c703e565899c880c63362f137a?s=96&d=mm&r=g","author_category":"1","first_name":"Alp Aslan","last_name":"ER\u0130N","user_url":"http:\/\/www.gundem59.com.tr","job_title":"","description":""}],"_links":{"self":[{"href":"https:\/\/gundem59.com.tr\/index.php?rest_route=\/wp\/v2\/posts\/3911","targetHints":{"allow":["GET"]}}],"collection":[{"href":"https:\/\/gundem59.com.tr\/index.php?rest_route=\/wp\/v2\/posts"}],"about":[{"href":"https:\/\/gundem59.com.tr\/index.php?rest_route=\/wp\/v2\/types\/post"}],"author":[{"embeddable":true,"href":"https:\/\/gundem59.com.tr\/index.php?rest_route=\/wp\/v2\/users\/1"}],"replies":[{"embeddable":true,"href":"https:\/\/gundem59.com.tr\/index.php?rest_route=%2Fwp%2Fv2%2Fcomments&post=3911"}],"version-history":[{"count":1,"href":"https:\/\/gundem59.com.tr\/index.php?rest_route=\/wp\/v2\/posts\/3911\/revisions"}],"predecessor-version":[{"id":3913,"href":"https:\/\/gundem59.com.tr\/index.php?rest_route=\/wp\/v2\/posts\/3911\/revisions\/3913"}],"wp:featuredmedia":[{"embeddable":true,"href":"https:\/\/gundem59.com.tr\/index.php?rest_route=\/wp\/v2\/media\/3912"}],"wp:attachment":[{"href":"https:\/\/gundem59.com.tr\/index.php?rest_route=%2Fwp%2Fv2%2Fmedia&parent=3911"}],"wp:term":[{"taxonomy":"category","embeddable":true,"href":"https:\/\/gundem59.com.tr\/index.php?rest_route=%2Fwp%2Fv2%2Fcategories&post=3911"},{"taxonomy":"post_tag","embeddable":true,"href":"https:\/\/gundem59.com.tr\/index.php?rest_route=%2Fwp%2Fv2%2Ftags&post=3911"},{"taxonomy":"author","embeddable":true,"href":"https:\/\/gundem59.com.tr\/index.php?rest_route=%2Fwp%2Fv2%2Fppma_author&post=3911"}],"curies":[{"name":"wp","href":"https:\/\/api.w.org\/{rel}","templated":true}]}}