{"id":389,"date":"2026-04-22T10:01:08","date_gmt":"2026-04-22T10:01:08","guid":{"rendered":"https:\/\/gundem59.com.tr\/?p=389"},"modified":"2026-04-22T10:01:08","modified_gmt":"2026-04-22T10:01:08","slug":"sarkoyde-modern-itfaiye-istasyonu-hizmete-acildi","status":"publish","type":"post","link":"https:\/\/gundem59.com.tr\/?p=389","title":{"rendered":"\u015eark\u00f6y\u2019de modern itfaiye istasyonu hizmete a\u00e7\u0131ld\u0131"},"content":{"rendered":"\n<p class=\"wp-block-paragraph\"><strong>Tekirda\u011f B\u00fcy\u00fck\u015fehir Belediyesi taraf\u0131ndan \u015eark\u00f6y\u2019e kazand\u0131r\u0131lan modern itfaiye istasyonu d\u00fczenlenen t\u00f6renle hizmete a\u00e7\u0131ld\u0131.<\/strong><\/p>\n\n\n\n<p class=\"wp-block-paragraph\">Sayg\u0131 duru\u015fu ve \u0130stiklal Mar\u015f\u0131 ile ba\u015flayan programa Tekirda\u011f Milletvekili Cem Av\u015far, \u015eark\u00f6y Kaymakam\u0131 Dr. Ahmet Naci Helvac\u0131, Tekirda\u011f B\u00fcy\u00fck\u015fehir Belediye Ba\u015fkan\u0131 Dr. Candan Y\u00fcceer, \u015eark\u00f6y Belediye Ba\u015fkan\u0131 Alpay Var, Malkara Belediye Ba\u015fkan\u0131 Nergiz Karaa\u011fa\u00e7l\u0131 \u00d6zt\u00fcrk ile \u00e7ok say\u0131da davetli kat\u0131ld\u0131.<\/p>\n\n\n\n<figure class=\"wp-block-image size-full is-resized\"><img  title=\"\" loading=\"lazy\" decoding=\"async\" width=\"532\" height=\"358\" src=\"https:\/\/gundem59.com.tr\/wp-content\/uploads\/2026\/04\/12121.png\"  alt=\"12121 \u015eark\u00f6y\u2019de modern itfaiye istasyonu hizmete a\u00e7\u0131ld\u0131\"  class=\"wp-image-390\" style=\"width:532px;height:auto\" srcset=\"https:\/\/gundem59.com.tr\/wp-content\/uploads\/2026\/04\/12121.png 532w, https:\/\/gundem59.com.tr\/wp-content\/uploads\/2026\/04\/12121-300x202.png 300w\" sizes=\"auto, (max-width: 532px) 100vw, 532px\" \/><\/figure>\n\n\n\n<p class=\"wp-block-paragraph\">\u015eark\u00f6y Belediye Ba\u015fkan\u0131 Alpay Var, istasyonun il\u00e7e i\u00e7in \u00f6nemli bir kazan\u0131m oldu\u011funu belirterek eme\u011fi ge\u00e7enlere te\u015fekk\u00fcr etti.<\/p>\n\n\n\n<p class=\"wp-block-paragraph\">Tekirda\u011f B\u00fcy\u00fck\u015fehir Belediye Ba\u015fkan\u0131 Dr. Candan Y\u00fcceer ise konu\u015fmas\u0131na \u015eanl\u0131urfa ve Kahramanmara\u015f\u2019taki sald\u0131r\u0131larda hayat\u0131n\u0131 kaybedenlere Allah\u2019tan rahmet yaral\u0131lara ise acil \u015fifalar dileyerek ba\u015flad\u0131. Ba\u015fkan Y\u00fcceer, &#8220;Vatanda\u015flar\u0131m\u0131z\u0131n can ve mal g\u00fcvenli\u011fi en b\u00fcy\u00fck \u00f6nceli\u011fimizdir. \u015eark\u00f6y\u2019\u00fc afetlere kar\u015f\u0131 \u00e7ok daha diren\u00e7li ve g\u00fcvenli bir \u015fehir haline getiriyoruz. \u0130nsan hayat\u0131n\u0131 koruman\u0131n ve afetlere kar\u015f\u0131 haz\u0131rl\u0131kl\u0131 olman\u0131n ne kadar hayati oldu\u011funu bir kez daha hat\u0131rl\u0131yoruz&#8221; dedi.<\/p>\n","protected":false},"excerpt":{"rendered":"<p>Tekirda\u011f B\u00fcy\u00fck\u015fehir Belediyesi taraf\u0131ndan \u015eark\u00f6y\u2019e kazand\u0131r\u0131lan modern itfaiye istasyonu d\u00fczenlenen t\u00f6renle hizmete a\u00e7\u0131ld\u0131. Sayg\u0131 duru\u015fu&#8230;<\/p>\n","protected":false},"author":1,"featured_media":391,"comment_status":"closed","ping_status":"closed","sticky":false,"template":"","format":"standard","meta":{"footnotes":""},"categories":[11],"tags":[],"ppma_author":[57],"class_list":["post-389","post","type-post","status-publish","format-standard","has-post-thumbnail","hentry","category-sarkoy"],"authors":[{"term_id":57,"user_id":1,"is_guest":0,"slug":"admin","display_name":"Alp Aslan","avatar_url":"https:\/\/secure.gravatar.com\/avatar\/07c18c5ad3350b025db8f3328450e071acb435c703e565899c880c63362f137a?s=96&d=mm&r=g","author_category":"1","first_name":"Alp Aslan","last_name":"ER\u0130N","user_url":"http:\/\/www.gundem59.com.tr","job_title":"","description":""}],"_links":{"self":[{"href":"https:\/\/gundem59.com.tr\/index.php?rest_route=\/wp\/v2\/posts\/389","targetHints":{"allow":["GET"]}}],"collection":[{"href":"https:\/\/gundem59.com.tr\/index.php?rest_route=\/wp\/v2\/posts"}],"about":[{"href":"https:\/\/gundem59.com.tr\/index.php?rest_route=\/wp\/v2\/types\/post"}],"author":[{"embeddable":true,"href":"https:\/\/gundem59.com.tr\/index.php?rest_route=\/wp\/v2\/users\/1"}],"replies":[{"embeddable":true,"href":"https:\/\/gundem59.com.tr\/index.php?rest_route=%2Fwp%2Fv2%2Fcomments&post=389"}],"version-history":[{"count":1,"href":"https:\/\/gundem59.com.tr\/index.php?rest_route=\/wp\/v2\/posts\/389\/revisions"}],"predecessor-version":[{"id":392,"href":"https:\/\/gundem59.com.tr\/index.php?rest_route=\/wp\/v2\/posts\/389\/revisions\/392"}],"wp:featuredmedia":[{"embeddable":true,"href":"https:\/\/gundem59.com.tr\/index.php?rest_route=\/wp\/v2\/media\/391"}],"wp:attachment":[{"href":"https:\/\/gundem59.com.tr\/index.php?rest_route=%2Fwp%2Fv2%2Fmedia&parent=389"}],"wp:term":[{"taxonomy":"category","embeddable":true,"href":"https:\/\/gundem59.com.tr\/index.php?rest_route=%2Fwp%2Fv2%2Fcategories&post=389"},{"taxonomy":"post_tag","embeddable":true,"href":"https:\/\/gundem59.com.tr\/index.php?rest_route=%2Fwp%2Fv2%2Ftags&post=389"},{"taxonomy":"author","embeddable":true,"href":"https:\/\/gundem59.com.tr\/index.php?rest_route=%2Fwp%2Fv2%2Fppma_author&post=389"}],"curies":[{"name":"wp","href":"https:\/\/api.w.org\/{rel}","templated":true}]}}