{"id":3862,"date":"2026-07-26T12:49:40","date_gmt":"2026-07-26T12:49:40","guid":{"rendered":"https:\/\/gundem59.com.tr\/?p=3862"},"modified":"2026-07-26T12:49:41","modified_gmt":"2026-07-26T12:49:41","slug":"kilicdaroglu-yolsuzlukla-mucadele-bizim-onceligimizdir","status":"publish","type":"post","link":"https:\/\/gundem59.com.tr\/?p=3862","title":{"rendered":"K\u0131l\u0131\u00e7daro\u011flu: &#8220;Yolsuzlukla M\u00fccadele Bizim \u00d6nceli\u011fimizdir&#8221;"},"content":{"rendered":"\n<p class=\"wp-block-paragraph\"><strong>\u0130STANBUL<\/strong> \u2013 CHP Genel Ba\u015fkan\u0131 Kemal K\u0131l\u0131\u00e7daro\u011flu, Sar\u0131yer&#8217;de d\u00fczenlenen CHP \u00fcye kat\u0131l\u0131m t\u00f6reninde yapt\u0131\u011f\u0131 konu\u015fmada, yolsuzlukla m\u00fccadele ve temiz siyaset vurgusu yapt\u0131. K\u0131l\u0131\u00e7daro\u011flu, Cumhuriyet Halk Partisi&#8217;nin halk\u0131n sorunlar\u0131n\u0131 \u00e7\u00f6zmek i\u00e7in siyaset yapt\u0131\u011f\u0131n\u0131 belirterek, parti i\u00e7inde yolsuzlu\u011fa asla m\u00fcsamaha g\u00f6sterilmeyece\u011fini s\u00f6yledi.<\/p>\n\n\n\n<p class=\"wp-block-paragraph\">Sar\u0131yer&#8217;deki <strong>Rauf Denkta\u015f K\u00fclt\u00fcr Merkezi<\/strong>&#8216;nde d\u00fczenlenen t\u00f6rene CHP \u0130stanbul \u0130l Ba\u015fkan\u0131 G\u00fcrsel Tekin, parti y\u00f6neticileri ve \u00e7ok say\u0131da partili kat\u0131ld\u0131.<\/p>\n\n\n\n<h3 class=\"wp-block-heading\">&#8220;T\u00fcrkiye&#8217;nin Sorunlar\u0131n\u0131 \u00c7\u00f6zmek Zorunday\u0131z&#8221;<\/h3>\n\n\n\n<p class=\"wp-block-paragraph\">Konu\u015fmas\u0131nda T\u00fcrkiye&#8217;nin ekonomik ve sosyal sorunlar\u0131na dikkat \u00e7eken K\u0131l\u0131\u00e7daro\u011flu, CHP&#8217;nin temel g\u00f6revinin vatanda\u015flar\u0131n sorunlar\u0131n\u0131 yerinde tespit ederek \u00e7\u00f6z\u00fcm \u00fcretmek oldu\u011funu ifade etti.<\/p>\n\n\n\n<p class=\"wp-block-paragraph\">Partililere sahada aktif \u00e7al\u0131\u015fmalar y\u00fcr\u00fctmeleri \u00e7a\u011fr\u0131s\u0131nda bulunan K\u0131l\u0131\u00e7daro\u011flu, mahalle mahalle, sokak sokak dola\u015farak vatanda\u015flara adalet, hukuk ve insanca ya\u015fam\u0131n \u00f6nemini anlatacaklar\u0131n\u0131 s\u00f6yledi.<\/p>\n\n\n\n<h3 class=\"wp-block-heading\">&#8220;Yolsuzluk Yapanlarla Yan Yana Duramay\u0131z&#8221;<\/h3>\n\n\n\n<p class=\"wp-block-paragraph\">Yolsuzluk konusunda taviz vermeyeceklerini vurgulayan K\u0131l\u0131\u00e7daro\u011flu, \u015fu ifadeleri kulland\u0131:<\/p>\n\n\n\n<blockquote class=\"wp-block-quote is-layout-flow wp-block-quote-is-layout-flow\">\n<p class=\"wp-block-paragraph\">&#8220;\u00c7alan, \u00e7\u0131rpan, k\u00f6\u015feyi d\u00f6nen siyaset\u00e7i istemiyoruz. Hi\u00e7bir Cumhuriyet Halk Partili yolsuzluk yapanlarla yan yana duramaz. E\u011fer yolsuzluk yapmak istiyorsan, mal\u0131 g\u00f6t\u00fcrmek istiyorsan derhal partinin d\u0131\u015f\u0131na \u00e7\u0131kacaks\u0131n.&#8221;<\/p>\n<\/blockquote>\n\n\n\n<h3 class=\"wp-block-heading\">&#8220;Siyaset Hesap Verme Sanat\u0131d\u0131r&#8221;<\/h3>\n\n\n\n<p class=\"wp-block-paragraph\">Siyasetin \u015feffafl\u0131k ve hesap verebilirlik \u00fczerine kurulmas\u0131 gerekti\u011fini belirten K\u0131l\u0131\u00e7daro\u011flu, siyaset\u00e7ilerin toplum kar\u015f\u0131s\u0131nda her zaman hesap verebilir olmas\u0131 gerekti\u011fini s\u00f6yledi.<\/p>\n\n\n\n<p class=\"wp-block-paragraph\">Temiz ve ahlakl\u0131 siyasetin \u00f6nemine dikkat \u00e7eken K\u0131l\u0131\u00e7daro\u011flu, yolsuzlukla m\u00fccadele ederek kamuoyunda tan\u0131nd\u0131\u011f\u0131n\u0131 ifade etti.<\/p>\n\n\n\n<h3 class=\"wp-block-heading\">&#8220;CHP Onurlu ve K\u00f6kl\u00fc Bir Partidir&#8221;<\/h3>\n\n\n\n<p class=\"wp-block-paragraph\">Konu\u015fmas\u0131n\u0131n sonunda CHP&#8217;nin k\u00f6kl\u00fc ge\u00e7mi\u015fine vurgu yapan K\u0131l\u0131\u00e7daro\u011flu, partinin d\u00fcnyan\u0131n y\u00fcz y\u0131l\u0131 a\u015fk\u0131n s\u00fcredir varl\u0131\u011f\u0131n\u0131 s\u00fcrd\u00fcren say\u0131l\u0131 siyasi partilerinden biri oldu\u011funu belirtti.<\/p>\n\n\n\n<p class=\"wp-block-paragraph\">K\u0131l\u0131\u00e7daro\u011flu, &#8220;Cumhuriyet Halk Partisi \u015ferefli, onurlu ve halk\u0131n partisidir. Ahlakl\u0131 ve erdemli insanlar\u0131n partisiyiz. Bu anlay\u0131\u015fla yolumuza devam edece\u011fiz.&#8221; dedi.<\/p>\n","protected":false},"excerpt":{"rendered":"<p>\u0130STANBUL \u2013 CHP Genel Ba\u015fkan\u0131 Kemal K\u0131l\u0131\u00e7daro\u011flu, Sar\u0131yer&#8217;de d\u00fczenlenen CHP \u00fcye kat\u0131l\u0131m t\u00f6reninde yapt\u0131\u011f\u0131 konu\u015fmada,&#8230;<\/p>\n","protected":false},"author":1,"featured_media":3863,"comment_status":"closed","ping_status":"closed","sticky":false,"template":"","format":"standard","meta":{"footnotes":""},"categories":[52],"tags":[],"ppma_author":[57],"class_list":["post-3862","post","type-post","status-publish","format-standard","has-post-thumbnail","hentry","category-politika"],"authors":[{"term_id":57,"user_id":1,"is_guest":0,"slug":"admin","display_name":"Alp Aslan","avatar_url":"https:\/\/secure.gravatar.com\/avatar\/07c18c5ad3350b025db8f3328450e071acb435c703e565899c880c63362f137a?s=96&d=mm&r=g","author_category":"1","first_name":"Alp Aslan","last_name":"ER\u0130N","user_url":"http:\/\/www.gundem59.com.tr","job_title":"","description":""}],"_links":{"self":[{"href":"https:\/\/gundem59.com.tr\/index.php?rest_route=\/wp\/v2\/posts\/3862","targetHints":{"allow":["GET"]}}],"collection":[{"href":"https:\/\/gundem59.com.tr\/index.php?rest_route=\/wp\/v2\/posts"}],"about":[{"href":"https:\/\/gundem59.com.tr\/index.php?rest_route=\/wp\/v2\/types\/post"}],"author":[{"embeddable":true,"href":"https:\/\/gundem59.com.tr\/index.php?rest_route=\/wp\/v2\/users\/1"}],"replies":[{"embeddable":true,"href":"https:\/\/gundem59.com.tr\/index.php?rest_route=%2Fwp%2Fv2%2Fcomments&post=3862"}],"version-history":[{"count":1,"href":"https:\/\/gundem59.com.tr\/index.php?rest_route=\/wp\/v2\/posts\/3862\/revisions"}],"predecessor-version":[{"id":3864,"href":"https:\/\/gundem59.com.tr\/index.php?rest_route=\/wp\/v2\/posts\/3862\/revisions\/3864"}],"wp:featuredmedia":[{"embeddable":true,"href":"https:\/\/gundem59.com.tr\/index.php?rest_route=\/wp\/v2\/media\/3863"}],"wp:attachment":[{"href":"https:\/\/gundem59.com.tr\/index.php?rest_route=%2Fwp%2Fv2%2Fmedia&parent=3862"}],"wp:term":[{"taxonomy":"category","embeddable":true,"href":"https:\/\/gundem59.com.tr\/index.php?rest_route=%2Fwp%2Fv2%2Fcategories&post=3862"},{"taxonomy":"post_tag","embeddable":true,"href":"https:\/\/gundem59.com.tr\/index.php?rest_route=%2Fwp%2Fv2%2Ftags&post=3862"},{"taxonomy":"author","embeddable":true,"href":"https:\/\/gundem59.com.tr\/index.php?rest_route=%2Fwp%2Fv2%2Fppma_author&post=3862"}],"curies":[{"name":"wp","href":"https:\/\/api.w.org\/{rel}","templated":true}]}}