{"id":386,"date":"2026-04-22T09:53:20","date_gmt":"2026-04-22T09:53:20","guid":{"rendered":"https:\/\/gundem59.com.tr\/?p=386"},"modified":"2026-04-22T09:53:20","modified_gmt":"2026-04-22T09:53:20","slug":"tekirdagda-32-cesit-yoresel-tatli-yaristi-tekirdagin-cografi-isaretli-hayrabolu-tatlisi-1-oldu","status":"publish","type":"post","link":"https:\/\/gundem59.com.tr\/?p=386","title":{"rendered":"Tekirda\u011f&#8217;da 32 \u00e7e\u015fit y\u00f6resel tatl\u0131 yar\u0131\u015ft\u0131: Tekirda\u011f&#8217;\u0131n co\u011frafi i\u015faretli Hayrabolu tatl\u0131s\u0131 1. oldu"},"content":{"rendered":"\n<p class=\"wp-block-paragraph\">Tekirda\u011f&#8217;da Turizm Haftas\u0131 etkinlikleri muhtevas\u0131nda y\u00f6resel tatl\u0131 yar\u0131\u015fmas\u0131 d\u00fczenlendi. Renkli g\u00f6r\u00fcnt\u00fclere sahne olan yar\u0131\u015fmada, kentin geleneksel tatl\u0131lar\u0131 j\u00fcri \u00fcyeleri taraf\u0131ndan de\u011ferlendirilirken, kat\u0131l\u0131mc\u0131lar hem h\u00fcnerlerini sergiledi hem de Tekirda\u011f mutfa\u011f\u0131n\u0131n zenginli\u011fini tan\u0131tma f\u0131rsat\u0131 buldu.<br>Tekirda\u011f \u0130l K\u00fclt\u00fcr ve Turizm M\u00fcd\u00fcrl\u00fc\u011f\u00fc taraf\u0131ndan Yahya Kemal Beyatl\u0131 K\u00fclt\u00fcr Merkezi&#8217;nde d\u00fczenlenen yar\u0131\u015fmaya 20 yar\u0131\u015fmac\u0131 kat\u0131ld\u0131. Turizm Haftas\u0131 etkinlikleri \u00e7er\u00e7evesinde ger\u00e7ekle\u015ftirilen programda, Tekirda\u011f&#8217;\u0131n geleneksel mutfa\u011f\u0131nda yer alan toplam 32 \u00e7e\u015fit y\u00f6resel tatl\u0131 j\u00fcri \u00fcyelerinin be\u011fenisine sunuldu.<br>Yar\u0131\u015fma \u00f6ncesinde konu\u015fan \u0130l K\u00fclt\u00fcr ve Turizm M\u00fcd\u00fcr Vekili B\u00fcnyamin \u00d6rnek, Tekirda\u011f&#8217;\u0131n gastronomi a\u00e7\u0131s\u0131ndan olduk\u00e7a zengin bir mutfak k\u00fclt\u00fcr\u00fcne sahip oldu\u011funu s\u00f6yledi. Kente \u00f6zg\u00fc bir\u00e7ok lezzetin bulundu\u011funu belirten \u00d6rnek, bu t\u00fcr etkinliklerle hem y\u00f6resel \u00fcr\u00fcnlerin tan\u0131t\u0131m\u0131n\u0131 yapt\u0131klar\u0131n\u0131 hem de unutulmaya y\u00fcz tutmu\u015f tatl\u0131lar\u0131 yeniden g\u00fcndeme getirmeyi ama\u00e7lad\u0131klar\u0131n\u0131 ifade etti.<br>\u00d6rnek, Tekirda\u011f&#8217;\u0131n co\u011frafi i\u015faretli \u00fcr\u00fcnleri aras\u0131nda yer alan Hayrabolu tatl\u0131s\u0131 ve peynir helvas\u0131 ba\u015fta olmak \u00fczere bir\u00e7ok geleneksel tatl\u0131n\u0131n yar\u0131\u015fmada yer ald\u0131\u011f\u0131n\u0131 belirterek, &#8220;Bu yar\u0131\u015fma ile y\u00f6resel mutfak k\u00fclt\u00fcr\u00fcm\u00fcz\u00fc ya\u015fatmay\u0131 ve gelecek ku\u015faklara aktarmay\u0131 hedefliyoruz. Tekirda\u011f&#8217;\u0131n gastronomi de\u011ferlerinin daha geni\u015f kitlelere tan\u0131t\u0131lmas\u0131 i\u00e7in \u00e7al\u0131\u015fmalar\u0131m\u0131z devam edecek&#8221; dedi.<br>Konu\u015fmalar\u0131n ard\u0131ndan yar\u0131\u015fmaya kat\u0131lan tatl\u0131lar\u0131n tad\u0131m\u0131na ge\u00e7ildi. Yar\u0131\u015fmac\u0131lar taraf\u0131ndan haz\u0131rlanan co\u011frafi i\u015faretli tatl\u0131lar\u0131n yan\u0131 s\u0131ra g\u00fcllabiye, s\u00fctl\u00fc karakabak tatl\u0131s\u0131, \u00e7izleme, ka\u015f\u0131klama, b\u00fczme ve bulama gibi y\u00f6reye \u00f6zg\u00fc tatl\u0131lar da j\u00fcri \u00fcyeleri taraf\u0131ndan tek tek de\u011ferlendirilerek puanland\u0131. Yar\u0131\u015fma s\u0131ras\u0131nda j\u00fcri \u00fcyeleri tatl\u0131lar\u0131n lezzeti, k\u0131vam\u0131, sunumu ve y\u00f6resel \u00f6zelliklere uygunlu\u011fu gibi kriterleri dikkate ald\u0131.<br>Yap\u0131lan de\u011ferlendirmeler sonucunda yar\u0131\u015fmada birincili\u011fi Hayrabolu tatl\u0131s\u0131 ile Nuray Cabbar elde etti. \u0130kincilik \u00f6d\u00fcl\u00fcn\u00fc yine Hayrabolu tatl\u0131s\u0131 ile Hatice Baydar kazan\u0131rken, \u00fc\u00e7\u00fcnc\u00fcl\u00fck \u00f6d\u00fcl\u00fc ise Bulama tatl\u0131s\u0131 ile Nimet Diken&#8217;in oldu.<br>Program sonunda dereceye giren yar\u0131\u015fmac\u0131lara \u00f6d\u00fclleri takdim edilirken, etkinli\u011fe kat\u0131lan vatanda\u015flar da sergilenen y\u00f6resel tatl\u0131lar\u0131 yak\u0131ndan inceleme ve tatma imk\u00e2n\u0131 buldu. Yar\u0131\u015fma, hat\u0131ra foto\u011fraflar\u0131n\u0131n \u00e7ekilmesiyle sona erdi.<\/p>\n","protected":false},"excerpt":{"rendered":"<p>Tekirda\u011f&#8217;da Turizm Haftas\u0131 etkinlikleri muhtevas\u0131nda y\u00f6resel tatl\u0131 yar\u0131\u015fmas\u0131 d\u00fczenlendi. Renkli g\u00f6r\u00fcnt\u00fclere sahne olan yar\u0131\u015fmada, kentin&#8230;<\/p>\n","protected":false},"author":1,"featured_media":387,"comment_status":"closed","ping_status":"closed","sticky":false,"template":"","format":"standard","meta":{"footnotes":""},"categories":[1],"tags":[],"ppma_author":[57],"class_list":["post-386","post","type-post","status-publish","format-standard","has-post-thumbnail","hentry","category-tekirdag-gundemi"],"authors":[{"term_id":57,"user_id":1,"is_guest":0,"slug":"admin","display_name":"Alp Aslan","avatar_url":"https:\/\/secure.gravatar.com\/avatar\/07c18c5ad3350b025db8f3328450e071acb435c703e565899c880c63362f137a?s=96&d=mm&r=g","author_category":"1","first_name":"Alp Aslan","last_name":"ER\u0130N","user_url":"http:\/\/www.gundem59.com.tr","job_title":"","description":""}],"_links":{"self":[{"href":"https:\/\/gundem59.com.tr\/index.php?rest_route=\/wp\/v2\/posts\/386","targetHints":{"allow":["GET"]}}],"collection":[{"href":"https:\/\/gundem59.com.tr\/index.php?rest_route=\/wp\/v2\/posts"}],"about":[{"href":"https:\/\/gundem59.com.tr\/index.php?rest_route=\/wp\/v2\/types\/post"}],"author":[{"embeddable":true,"href":"https:\/\/gundem59.com.tr\/index.php?rest_route=\/wp\/v2\/users\/1"}],"replies":[{"embeddable":true,"href":"https:\/\/gundem59.com.tr\/index.php?rest_route=%2Fwp%2Fv2%2Fcomments&post=386"}],"version-history":[{"count":1,"href":"https:\/\/gundem59.com.tr\/index.php?rest_route=\/wp\/v2\/posts\/386\/revisions"}],"predecessor-version":[{"id":388,"href":"https:\/\/gundem59.com.tr\/index.php?rest_route=\/wp\/v2\/posts\/386\/revisions\/388"}],"wp:featuredmedia":[{"embeddable":true,"href":"https:\/\/gundem59.com.tr\/index.php?rest_route=\/wp\/v2\/media\/387"}],"wp:attachment":[{"href":"https:\/\/gundem59.com.tr\/index.php?rest_route=%2Fwp%2Fv2%2Fmedia&parent=386"}],"wp:term":[{"taxonomy":"category","embeddable":true,"href":"https:\/\/gundem59.com.tr\/index.php?rest_route=%2Fwp%2Fv2%2Fcategories&post=386"},{"taxonomy":"post_tag","embeddable":true,"href":"https:\/\/gundem59.com.tr\/index.php?rest_route=%2Fwp%2Fv2%2Ftags&post=386"},{"taxonomy":"author","embeddable":true,"href":"https:\/\/gundem59.com.tr\/index.php?rest_route=%2Fwp%2Fv2%2Fppma_author&post=386"}],"curies":[{"name":"wp","href":"https:\/\/api.w.org\/{rel}","templated":true}]}}