{"id":3847,"date":"2026-07-26T12:27:09","date_gmt":"2026-07-26T12:27:09","guid":{"rendered":"https:\/\/gundem59.com.tr\/?p=3847"},"modified":"2026-07-26T12:27:10","modified_gmt":"2026-07-26T12:27:10","slug":"tekirdagda-calismalar-suruyor-sehir-hastanesinde-calisan-memnuniyeti-degerlendirildi-asma-genetik-kaynaklari-inceleniyor","status":"publish","type":"post","link":"https:\/\/gundem59.com.tr\/?p=3847","title":{"rendered":"Tekirda\u011f&#8217;da \u00c7al\u0131\u015fmalar S\u00fcr\u00fcyor: \u015eehir Hastanesi&#8217;nde \u00c7al\u0131\u015fan Memnuniyeti De\u011ferlendirildi, Asma Genetik Kaynaklar\u0131 \u0130nceleniyor"},"content":{"rendered":"\n<p class=\"wp-block-paragraph\"><strong>TEK\u0130RDA\u011e<\/strong> \u2013 Tekirda\u011f \u0130smail Fehmi Cumal\u0131o\u011flu \u015eehir Hastanesi&#8217;nde \u00e7al\u0131\u015fan memnuniyetine y\u00f6nelik de\u011ferlendirme toplant\u0131s\u0131 ger\u00e7ekle\u015ftirilirken, T\u00fcrkiye Asma Genetik Kaynaklar\u0131 Projesi kapsam\u0131nda y\u00fcr\u00fct\u00fclen arazi \u00e7al\u0131\u015fmalar\u0131 da devam ediyor.<\/p>\n\n\n\n<h3 class=\"wp-block-heading\">\u015eehir Hastanesi&#8217;nde \u00c7al\u0131\u015fan Memnuniyeti Masaya Yat\u0131r\u0131ld\u0131<\/h3>\n\n\n\n<p class=\"wp-block-paragraph\">Tekirda\u011f \u0130smail Fehmi Cumal\u0131o\u011flu \u015eehir Hastanesi&#8217;nde \u00e7al\u0131\u015fan memnuniyetine y\u00f6nelik de\u011ferlendirme toplant\u0131s\u0131 d\u00fczenlendi.<\/p>\n\n\n\n<p class=\"wp-block-paragraph\">Hastaneden yap\u0131lan a\u00e7\u0131klamaya g\u00f6re, Ba\u015fhekimlik Toplant\u0131 Salonu&#8217;nda ger\u00e7ekle\u015ftirilen toplant\u0131ya hastanede g\u00f6rev yapan sendika temsilcileri kat\u0131ld\u0131.<\/p>\n\n\n\n<p class=\"wp-block-paragraph\">Toplant\u0131da, \u00e7al\u0131\u015fan memnuniyetinin art\u0131r\u0131lmas\u0131na y\u00f6nelik g\u00f6r\u00fc\u015f ve \u00f6neriler ile \u00e7al\u0131\u015fma hayat\u0131na ili\u015fkin talep ve beklentiler ele al\u0131nd\u0131. Kat\u0131l\u0131mc\u0131lar, \u00e7al\u0131\u015fanlar\u0131n daha verimli ve memnun bir \u00e7al\u0131\u015fma ortam\u0131na sahip olmalar\u0131na katk\u0131 sa\u011flayacak konularda g\u00f6r\u00fc\u015f al\u0131\u015fveri\u015finde bulundu.<\/p>\n\n\n\n<h3 class=\"wp-block-heading\">Asma Genetik Kaynaklar\u0131na Y\u00f6nelik Arazi \u00c7al\u0131\u015fmalar\u0131 Devam Ediyor<\/h3>\n\n\n\n<p class=\"wp-block-paragraph\">Tekirda\u011f&#8217;da, <strong>T\u00fcrkiye Asma Genetik Kaynaklar\u0131 Projesi<\/strong> kapsam\u0131nda y\u00fcr\u00fct\u00fclen arazi \u00e7al\u0131\u015fmalar\u0131 aral\u0131ks\u0131z s\u00fcr\u00fcyor.<\/p>\n\n\n\n<p class=\"wp-block-paragraph\">Tekirda\u011f Ba\u011fc\u0131l\u0131k Ara\u015ft\u0131rma Enstit\u00fcs\u00fc M\u00fcd\u00fcrl\u00fc\u011f\u00fc&#8217;nden yap\u0131lan a\u00e7\u0131klamaya g\u00f6re, proje kapsam\u0131nda Malkara il\u00e7esinde ger\u00e7ekle\u015ftirilen survey \u00e7al\u0131\u015fmalar\u0131nda g\u00f6zlem yap\u0131ld\u0131.<\/p>\n\n\n\n<p class=\"wp-block-paragraph\">Arazi \u00e7al\u0131\u015fmalar\u0131nda, genetik kaynak niteli\u011fi ta\u015f\u0131yan asma materyallerinin belirlenmesine y\u00f6nelik \u00f6rnek al\u0131m\u0131 ve i\u015faretleme i\u015flemleri ger\u00e7ekle\u015ftirildi.<\/p>\n\n\n\n<p class=\"wp-block-paragraph\">A\u00e7\u0131klamada, T\u00fcrkiye&#8217;nin asma genetik kaynaklar\u0131n\u0131n korunmas\u0131, kay\u0131t alt\u0131na al\u0131nmas\u0131 ve gelecek nesillere aktar\u0131lmas\u0131 amac\u0131yla proje kapsam\u0131ndaki saha \u00e7al\u0131\u015fmalar\u0131n\u0131n s\u00fcrd\u00fcr\u00fcld\u00fc\u011f\u00fc belirtildi.<\/p>\n","protected":false},"excerpt":{"rendered":"<p>TEK\u0130RDA\u011e \u2013 Tekirda\u011f \u0130smail Fehmi Cumal\u0131o\u011flu \u015eehir Hastanesi&#8217;nde \u00e7al\u0131\u015fan memnuniyetine y\u00f6nelik de\u011ferlendirme toplant\u0131s\u0131 ger\u00e7ekle\u015ftirilirken, T\u00fcrkiye&#8230;<\/p>\n","protected":false},"author":1,"featured_media":3848,"comment_status":"closed","ping_status":"closed","sticky":false,"template":"","format":"standard","meta":{"footnotes":""},"categories":[56],"tags":[],"ppma_author":[57],"class_list":["post-3847","post","type-post","status-publish","format-standard","has-post-thumbnail","hentry","category-guncel"],"authors":[{"term_id":57,"user_id":1,"is_guest":0,"slug":"admin","display_name":"Alp Aslan","avatar_url":"https:\/\/secure.gravatar.com\/avatar\/07c18c5ad3350b025db8f3328450e071acb435c703e565899c880c63362f137a?s=96&d=mm&r=g","author_category":"1","first_name":"Alp Aslan","last_name":"ER\u0130N","user_url":"http:\/\/www.gundem59.com.tr","job_title":"","description":""}],"_links":{"self":[{"href":"https:\/\/gundem59.com.tr\/index.php?rest_route=\/wp\/v2\/posts\/3847","targetHints":{"allow":["GET"]}}],"collection":[{"href":"https:\/\/gundem59.com.tr\/index.php?rest_route=\/wp\/v2\/posts"}],"about":[{"href":"https:\/\/gundem59.com.tr\/index.php?rest_route=\/wp\/v2\/types\/post"}],"author":[{"embeddable":true,"href":"https:\/\/gundem59.com.tr\/index.php?rest_route=\/wp\/v2\/users\/1"}],"replies":[{"embeddable":true,"href":"https:\/\/gundem59.com.tr\/index.php?rest_route=%2Fwp%2Fv2%2Fcomments&post=3847"}],"version-history":[{"count":1,"href":"https:\/\/gundem59.com.tr\/index.php?rest_route=\/wp\/v2\/posts\/3847\/revisions"}],"predecessor-version":[{"id":3849,"href":"https:\/\/gundem59.com.tr\/index.php?rest_route=\/wp\/v2\/posts\/3847\/revisions\/3849"}],"wp:featuredmedia":[{"embeddable":true,"href":"https:\/\/gundem59.com.tr\/index.php?rest_route=\/wp\/v2\/media\/3848"}],"wp:attachment":[{"href":"https:\/\/gundem59.com.tr\/index.php?rest_route=%2Fwp%2Fv2%2Fmedia&parent=3847"}],"wp:term":[{"taxonomy":"category","embeddable":true,"href":"https:\/\/gundem59.com.tr\/index.php?rest_route=%2Fwp%2Fv2%2Fcategories&post=3847"},{"taxonomy":"post_tag","embeddable":true,"href":"https:\/\/gundem59.com.tr\/index.php?rest_route=%2Fwp%2Fv2%2Ftags&post=3847"},{"taxonomy":"author","embeddable":true,"href":"https:\/\/gundem59.com.tr\/index.php?rest_route=%2Fwp%2Fv2%2Fppma_author&post=3847"}],"curies":[{"name":"wp","href":"https:\/\/api.w.org\/{rel}","templated":true}]}}