{"id":3841,"date":"2026-07-26T12:21:29","date_gmt":"2026-07-26T12:21:29","guid":{"rendered":"https:\/\/gundem59.com.tr\/?p=3841"},"modified":"2026-07-26T12:21:29","modified_gmt":"2026-07-26T12:21:29","slug":"arac-sahipleri-dikkat-mtv-ikinci-taksit-odemelerinde-son-gun-yaklasiyor","status":"publish","type":"post","link":"https:\/\/gundem59.com.tr\/?p=3841","title":{"rendered":"Ara\u00e7 Sahipleri Dikkat! MTV \u0130kinci Taksit \u00d6demelerinde Son G\u00fcn Yakla\u015f\u0131yor"},"content":{"rendered":"\n<p class=\"wp-block-paragraph\">Milyonlarca ara\u00e7 sahibini ilgilendiren <strong>2026 y\u0131l\u0131 Motorlu Ta\u015f\u0131tlar Vergisi (MTV) ikinci taksit \u00f6demelerinde<\/strong> son haftaya girildi. Ara\u00e7 sahiplerinin gecikme faiziyle kar\u015f\u0131la\u015fmamak i\u00e7in \u00f6demelerini <strong>31 Temmuz Cuma g\u00fcn\u00fc<\/strong> mesai bitimine kadar tamamlamalar\u0131 gerekiyor. (<a href=\"https:\/\/gib.gov.tr\/duyuru-arsivi\/guncel\/18335_motorlu_tasitlar_vergisi_2._taksit_odeme_donemi_basladi?utm_source=chatgpt.com\">Gelir \u0130daresi Ba\u015fkanl\u0131\u011f\u0131<\/a>)<\/p>\n\n\n\n<h3 class=\"wp-block-heading\">MTV Nereden ve Nas\u0131l \u00d6denir?<\/h3>\n\n\n\n<p class=\"wp-block-paragraph\">Motorlu Ta\u015f\u0131tlar Vergisi, her y\u0131l <strong>ocak<\/strong> ve <strong>temmuz<\/strong> aylar\u0131nda olmak \u00fczere iki e\u015fit taksit halinde tahsil ediliyor. MTV \u00f6demeleri;<\/p>\n\n\n\n<ul class=\"wp-block-list\">\n<li>Dijital Vergi Dairesi,<\/li>\n\n\n\n<li>G\u0130B Mobil uygulamas\u0131,<\/li>\n\n\n\n<li>Vergi tahsiline yetkili bankalar,<\/li>\n\n\n\n<li>Vergi dairesi vezneleri,<\/li>\n\n\n\n<li>PTT \u015fubeleri<\/li>\n<\/ul>\n\n\n\n<p class=\"wp-block-paragraph\">\u00fczerinden kolayca ger\u00e7ekle\u015ftirilebiliyor. Dijital Vergi Dairesi&#8217;nde \u015fifre gerekmeden plaka, T.C. kimlik numaras\u0131 ve tescil tarihi ya da sahiplik belge tarihi bilgileriyle \u00f6deme yap\u0131labiliyor. (<a href=\"https:\/\/gib.gov.tr\/duyuru-arsivi\/guncel\/18335_motorlu_tasitlar_vergisi_2._taksit_odeme_donemi_basladi?utm_source=chatgpt.com\">Gelir \u0130daresi Ba\u015fkanl\u0131\u011f\u0131<\/a>)<\/p>\n\n\n\n<h3 class=\"wp-block-heading\">Sahte Siteler Konusunda Uyar\u0131<\/h3>\n\n\n\n<p class=\"wp-block-paragraph\">Yetkililer, internet \u00fczerinden \u00f6deme yapacak vatanda\u015flar\u0131n doland\u0131r\u0131c\u0131l\u0131k ma\u011fduriyeti ya\u015famamalar\u0131 i\u00e7in yaln\u0131zca Gelir \u0130daresi Ba\u015fkanl\u0131\u011f\u0131&#8217;n\u0131n resmi internet sitesi ile bankalar\u0131n resmi internet sitelerini kullanmalar\u0131 gerekti\u011fini hat\u0131rlat\u0131yor. (<a href=\"https:\/\/gib.gov.tr\/duyuru-arsivi\/guncel\/18335_motorlu_tasitlar_vergisi_2._taksit_odeme_donemi_basladi?utm_source=chatgpt.com\">Gelir \u0130daresi Ba\u015fkanl\u0131\u011f\u0131<\/a>)<\/p>\n\n\n\n<h3 class=\"wp-block-heading\">Kimler MTV&#8217;den Muaf?<\/h3>\n\n\n\n<p class=\"wp-block-paragraph\">Mevzuata g\u00f6re;<\/p>\n\n\n\n<ul class=\"wp-block-list\">\n<li>Engellilik oran\u0131 <strong>y\u00fczde 90 ve \u00fczeri<\/strong> olan ki\u015filerin ad\u0131na kay\u0131tl\u0131 ara\u00e7lar,<\/li>\n\n\n\n<li>Engellilerin kullan\u0131m\u0131na uygun \u00f6zel tertibatl\u0131 ta\u015f\u0131tlar,<\/li>\n\n\n\n<li>Baz\u0131 diplomatik ara\u00e7lar,<\/li>\n\n\n\n<li>Kamu kurumlar\u0131, belediyeler, k\u00f6y t\u00fczel ki\u015filikleri, sosyal g\u00fcvenlik kurumlar\u0131 ve K\u0131z\u0131lay ad\u0131na kay\u0131tl\u0131 ara\u00e7lar<\/li>\n<\/ul>\n\n\n\n<p class=\"wp-block-paragraph\">Motorlu Ta\u015f\u0131tlar Vergisi&#8217;nden muaf tutuluyor. <\/p>\n\n\n\n<h3 class=\"wp-block-heading\">MTV Tutar\u0131 Arac\u0131n \u00d6zelliklerine G\u00f6re De\u011fi\u015fiyor<\/h3>\n\n\n\n<p class=\"wp-block-paragraph\">\u00d6denecek MTV tutar\u0131; arac\u0131n ya\u015f\u0131, motor silindir hacmi, motor g\u00fcc\u00fc, ta\u015f\u0131t de\u011feri ve a\u011f\u0131rl\u0131\u011f\u0131 gibi kriterlere g\u00f6re belirleniyor.<\/p>\n\n\n\n<p class=\"wp-block-paragraph\">\u00d6rne\u011fin;<\/p>\n\n\n\n<ul class=\"wp-block-list\">\n<li><strong>1300 cc&#8217;ye kadar<\/strong>, ta\u015f\u0131t de\u011feri <strong>541 bin TL&#8217;yi a\u015fan<\/strong> otomobillerde y\u0131ll\u0131k MTV;\n<ul class=\"wp-block-list\">\n<li>1-3 ya\u015f: <strong>6.902 TL<\/strong><\/li>\n\n\n\n<li>4-6 ya\u015f: <strong>4.807 TL<\/strong><\/li>\n\n\n\n<li>7-11 ya\u015f: <strong>2.693 TL<\/strong><\/li>\n<\/ul>\n<\/li>\n\n\n\n<li><strong>1301-1600 cc<\/strong> aral\u0131\u011f\u0131nda, ta\u015f\u0131t de\u011feri <strong>541 bin TL&#8217;yi a\u015fan<\/strong> otomobillerde ise y\u0131ll\u0131k MTV;\n<ul class=\"wp-block-list\">\n<li>1-3 ya\u015f: <strong>12.028 TL<\/strong><\/li>\n\n\n\n<li>4-6 ya\u015f: <strong>9.012 TL<\/strong><\/li>\n\n\n\n<li>7-11 ya\u015f: <strong>5.220 TL<\/strong> olarak uygulan\u0131yor. (<a href=\"https:\/\/gib.gov.tr\/duyuru-arsivi\/guncel\/18335_motorlu_tasitlar_vergisi_2._taksit_odeme_donemi_basladi?utm_source=chatgpt.com\">Gelir \u0130daresi Ba\u015fkanl\u0131\u011f\u0131<\/a>)<\/li>\n<\/ul>\n<\/li>\n<\/ul>\n\n\n\n<p class=\"wp-block-paragraph\">\u00d6demesini <strong>31 Temmuz<\/strong> tarihine kadar yapmayan ara\u00e7 sahiplerine gecikme faizi uygulanacak. Ayr\u0131ca MTV borcu bulunan ara\u00e7lar\u0131n muayene i\u015flemleri de ger\u00e7ekle\u015ftirilemiyor. <\/p>\n","protected":false},"excerpt":{"rendered":"<p>Milyonlarca ara\u00e7 sahibini ilgilendiren 2026 y\u0131l\u0131 Motorlu Ta\u015f\u0131tlar Vergisi (MTV) ikinci taksit \u00f6demelerinde son haftaya&#8230;<\/p>\n","protected":false},"author":1,"featured_media":3842,"comment_status":"closed","ping_status":"closed","sticky":false,"template":"","format":"standard","meta":{"footnotes":""},"categories":[53],"tags":[],"ppma_author":[57],"class_list":["post-3841","post","type-post","status-publish","format-standard","has-post-thumbnail","hentry","category-ekonomi"],"authors":[{"term_id":57,"user_id":1,"is_guest":0,"slug":"admin","display_name":"Alp Aslan","avatar_url":"https:\/\/secure.gravatar.com\/avatar\/07c18c5ad3350b025db8f3328450e071acb435c703e565899c880c63362f137a?s=96&d=mm&r=g","author_category":"1","first_name":"Alp Aslan","last_name":"ER\u0130N","user_url":"http:\/\/www.gundem59.com.tr","job_title":"","description":""}],"_links":{"self":[{"href":"https:\/\/gundem59.com.tr\/index.php?rest_route=\/wp\/v2\/posts\/3841","targetHints":{"allow":["GET"]}}],"collection":[{"href":"https:\/\/gundem59.com.tr\/index.php?rest_route=\/wp\/v2\/posts"}],"about":[{"href":"https:\/\/gundem59.com.tr\/index.php?rest_route=\/wp\/v2\/types\/post"}],"author":[{"embeddable":true,"href":"https:\/\/gundem59.com.tr\/index.php?rest_route=\/wp\/v2\/users\/1"}],"replies":[{"embeddable":true,"href":"https:\/\/gundem59.com.tr\/index.php?rest_route=%2Fwp%2Fv2%2Fcomments&post=3841"}],"version-history":[{"count":1,"href":"https:\/\/gundem59.com.tr\/index.php?rest_route=\/wp\/v2\/posts\/3841\/revisions"}],"predecessor-version":[{"id":3843,"href":"https:\/\/gundem59.com.tr\/index.php?rest_route=\/wp\/v2\/posts\/3841\/revisions\/3843"}],"wp:featuredmedia":[{"embeddable":true,"href":"https:\/\/gundem59.com.tr\/index.php?rest_route=\/wp\/v2\/media\/3842"}],"wp:attachment":[{"href":"https:\/\/gundem59.com.tr\/index.php?rest_route=%2Fwp%2Fv2%2Fmedia&parent=3841"}],"wp:term":[{"taxonomy":"category","embeddable":true,"href":"https:\/\/gundem59.com.tr\/index.php?rest_route=%2Fwp%2Fv2%2Fcategories&post=3841"},{"taxonomy":"post_tag","embeddable":true,"href":"https:\/\/gundem59.com.tr\/index.php?rest_route=%2Fwp%2Fv2%2Ftags&post=3841"},{"taxonomy":"author","embeddable":true,"href":"https:\/\/gundem59.com.tr\/index.php?rest_route=%2Fwp%2Fv2%2Fppma_author&post=3841"}],"curies":[{"name":"wp","href":"https:\/\/api.w.org\/{rel}","templated":true}]}}