{"id":383,"date":"2026-04-22T09:51:12","date_gmt":"2026-04-22T09:51:12","guid":{"rendered":"https:\/\/gundem59.com.tr\/?p=383"},"modified":"2026-04-22T09:51:13","modified_gmt":"2026-04-22T09:51:13","slug":"tekirdagda-23-nisanda-ulasim-ucretsiz","status":"publish","type":"post","link":"https:\/\/gundem59.com.tr\/?p=383","title":{"rendered":"Tekirda\u011f\u2019da 23 Nisan\u2019da ula\u015f\u0131m \u00fccretsiz"},"content":{"rendered":"\n<p class=\"wp-block-paragraph\">23 Nisan Ulusal Egemenlik ve \u00c7ocuk Bayram\u0131&#8217;nda Tekirda\u011f genelinde ula\u015f\u0131m \u00fccretsiz olacak.<\/p>\n\n\n\n<p class=\"wp-block-paragraph\">23 Nisan Ulusal Egemenlik ve \u00c7ocuk Bayram\u0131&#8217;nda Tekirda\u011f genelinde ula\u015f\u0131m \u00fccretsiz olacak. TEKULA\u015e&#8217;a ba\u011fl\u0131 t\u00fcm ara\u00e7lar g\u00fcn boyunca vatanda\u015flara \u00fccretsiz hizmet verecek.<\/p>\n\n\n\n<p class=\"wp-block-paragraph\">23 Nisan Ulusal Egemenlik ve \u00c7ocuk Bayram\u0131 kapsam\u0131nda B\u00fcy\u00fck\u015fehir Belediyesi b\u00fcnyesinde faaliyet g\u00f6steren TEKULA\u015e&#8217;a ba\u011fl\u0131 t\u00fcm toplu ta\u015f\u0131ma ara\u00e7lar\u0131, bayram g\u00fcn\u00fc boyunca \u00fccretsiz olarak hizmet verecek.<\/p>\n\n\n\n<p class=\"wp-block-paragraph\">Uygulama kapsam\u0131nda vatanda\u015flar, il genelindeki t\u00fcm otob\u00fcs hatlar\u0131ndan g\u00fcn boyunca herhangi bir \u00fccret \u00f6demeden yararlanabilecekler. B\u00f6ylece Tekirda\u011fl\u0131lar, bayram etkinliklerine daha kolay ula\u015fabilecek ve 23 Nisan co\u015fkusunu \u015fehrin d\u00f6rt bir yan\u0131nda ya\u015fayabilecekler.<\/p>\n\n\n\n<p class=\"wp-block-paragraph\">23 Nisan Ulusal Egemenlik ve \u00c7ocuk Bayram\u0131 kapsam\u0131nda hayata ge\u00e7irilen \u00fccretsiz toplu ta\u015f\u0131ma uygulamas\u0131, hem vatanda\u015flar\u0131n ula\u015f\u0131m\u0131n\u0131 kolayla\u015ft\u0131racak hem de \u00e7ocuklar\u0131n bayram sevincinin \u015fehrin d\u00f6rt bir yan\u0131na yay\u0131lmas\u0131na katk\u0131 sa\u011flayacak.<\/p>\n","protected":false},"excerpt":{"rendered":"<p>23 Nisan Ulusal Egemenlik ve \u00c7ocuk Bayram\u0131&#8217;nda Tekirda\u011f genelinde ula\u015f\u0131m \u00fccretsiz olacak. 23 Nisan Ulusal&#8230;<\/p>\n","protected":false},"author":1,"featured_media":384,"comment_status":"closed","ping_status":"closed","sticky":false,"template":"","format":"standard","meta":{"footnotes":""},"categories":[1],"tags":[],"ppma_author":[57],"class_list":["post-383","post","type-post","status-publish","format-standard","has-post-thumbnail","hentry","category-tekirdag-gundemi"],"authors":[{"term_id":57,"user_id":1,"is_guest":0,"slug":"admin","display_name":"Alp Aslan","avatar_url":"https:\/\/secure.gravatar.com\/avatar\/07c18c5ad3350b025db8f3328450e071acb435c703e565899c880c63362f137a?s=96&d=mm&r=g","author_category":"1","first_name":"Alp Aslan","last_name":"ER\u0130N","user_url":"http:\/\/www.gundem59.com.tr","job_title":"","description":""}],"_links":{"self":[{"href":"https:\/\/gundem59.com.tr\/index.php?rest_route=\/wp\/v2\/posts\/383","targetHints":{"allow":["GET"]}}],"collection":[{"href":"https:\/\/gundem59.com.tr\/index.php?rest_route=\/wp\/v2\/posts"}],"about":[{"href":"https:\/\/gundem59.com.tr\/index.php?rest_route=\/wp\/v2\/types\/post"}],"author":[{"embeddable":true,"href":"https:\/\/gundem59.com.tr\/index.php?rest_route=\/wp\/v2\/users\/1"}],"replies":[{"embeddable":true,"href":"https:\/\/gundem59.com.tr\/index.php?rest_route=%2Fwp%2Fv2%2Fcomments&post=383"}],"version-history":[{"count":1,"href":"https:\/\/gundem59.com.tr\/index.php?rest_route=\/wp\/v2\/posts\/383\/revisions"}],"predecessor-version":[{"id":385,"href":"https:\/\/gundem59.com.tr\/index.php?rest_route=\/wp\/v2\/posts\/383\/revisions\/385"}],"wp:featuredmedia":[{"embeddable":true,"href":"https:\/\/gundem59.com.tr\/index.php?rest_route=\/wp\/v2\/media\/384"}],"wp:attachment":[{"href":"https:\/\/gundem59.com.tr\/index.php?rest_route=%2Fwp%2Fv2%2Fmedia&parent=383"}],"wp:term":[{"taxonomy":"category","embeddable":true,"href":"https:\/\/gundem59.com.tr\/index.php?rest_route=%2Fwp%2Fv2%2Fcategories&post=383"},{"taxonomy":"post_tag","embeddable":true,"href":"https:\/\/gundem59.com.tr\/index.php?rest_route=%2Fwp%2Fv2%2Ftags&post=383"},{"taxonomy":"author","embeddable":true,"href":"https:\/\/gundem59.com.tr\/index.php?rest_route=%2Fwp%2Fv2%2Fppma_author&post=383"}],"curies":[{"name":"wp","href":"https:\/\/api.w.org\/{rel}","templated":true}]}}