{"id":3829,"date":"2026-07-26T11:29:51","date_gmt":"2026-07-26T11:29:51","guid":{"rendered":"https:\/\/gundem59.com.tr\/?p=3829"},"modified":"2026-07-26T11:29:51","modified_gmt":"2026-07-26T11:29:51","slug":"muratlida-cekirge-ureme-alanlarinda-ilaclama-calismasi-yapildi","status":"publish","type":"post","link":"https:\/\/gundem59.com.tr\/?p=3829","title":{"rendered":"Muratl\u0131&#8217;da \u00c7ekirge \u00dcreme Alanlar\u0131nda \u0130la\u00e7lama \u00c7al\u0131\u015fmas\u0131 Yap\u0131ld\u0131"},"content":{"rendered":"\n<p class=\"wp-block-paragraph\"><strong>Tekirda\u011f&#8217;\u0131n Muratl\u0131 il\u00e7esinde, tar\u0131msal \u00fcretimi olumsuz etkilememesi amac\u0131yla \u00e7ekirge \u00fcreme alanlar\u0131nda ila\u00e7lama \u00e7al\u0131\u015fmas\u0131 ger\u00e7ekle\u015ftirildi. Yap\u0131lan teknik incelemelerde ise mevcut \u00e7ekirge yo\u011funlu\u011funun ekonomik zarar e\u015fi\u011finin alt\u0131nda oldu\u011fu bildirildi.<\/strong><\/p>\n\n\n\n<p class=\"wp-block-paragraph\">Muratl\u0131 \u0130l\u00e7e Tar\u0131m ve Orman M\u00fcd\u00fcrl\u00fc\u011f\u00fc ekipleri taraf\u0131ndan y\u00fcr\u00fct\u00fclen \u00e7al\u0131\u015fmalar kapsam\u0131nda, \u00e7ekirge pop\u00fclasyonunun kontrol alt\u0131nda tutulmas\u0131 amac\u0131yla \u00fcreme alanlar\u0131nda ila\u00e7lama uygulamas\u0131 yap\u0131ld\u0131.<\/p>\n\n\n\n<p class=\"wp-block-paragraph\">\u00c7al\u0131\u015fmalar s\u0131ras\u0131nda teknik personel taraf\u0131ndan ger\u00e7ekle\u015ftirilen arazi incelemelerinde, b\u00f6lgedeki \u00e7ekirge yo\u011funlu\u011fu detayl\u0131 \u015fekilde de\u011ferlendirildi. Yap\u0131lan tespitlerde mevcut pop\u00fclasyonun tar\u0131msal \u00fcretime zarar verecek seviyede olmad\u0131\u011f\u0131 belirlendi.<\/p>\n\n\n\n<p class=\"wp-block-paragraph\">Yetkililer, \u00e7ekirge pop\u00fclasyonunun d\u00fczenli olarak takip edildi\u011fini belirterek, olas\u0131 risklere kar\u015f\u0131 gerekli tedbirlerin zaman\u0131nda al\u0131nmaya devam edilece\u011fini ifade etti.<\/p>\n\n\n\n<p class=\"wp-block-paragraph\">\u0130l\u00e7e Tar\u0131m ve Orman M\u00fcd\u00fcrl\u00fc\u011f\u00fc, \u00fcreticilerin tar\u0131m arazilerinde ola\u011fan d\u0131\u015f\u0131 \u00e7ekirge yo\u011funlu\u011fu tespit etmeleri halinde durumu vakit kaybetmeden kuruma bildirmeleri \u00e7a\u011fr\u0131s\u0131nda bulundu.<\/p>\n\n\n\n<p class=\"wp-block-paragraph\">Y\u00fcr\u00fct\u00fclen ila\u00e7lama ve izleme \u00e7al\u0131\u015fmalar\u0131n\u0131n, hem \u00fcr\u00fcn kay\u0131plar\u0131n\u0131n \u00f6nlenmesi hem de s\u00fcrd\u00fcr\u00fclebilir tar\u0131msal \u00fcretimin desteklenmesi a\u00e7\u0131s\u0131ndan \u00f6nem ta\u015f\u0131d\u0131\u011f\u0131 vurguland\u0131.<\/p>\n","protected":false},"excerpt":{"rendered":"<p>Tekirda\u011f&#8217;\u0131n Muratl\u0131 il\u00e7esinde, tar\u0131msal \u00fcretimi olumsuz etkilememesi amac\u0131yla \u00e7ekirge \u00fcreme alanlar\u0131nda ila\u00e7lama \u00e7al\u0131\u015fmas\u0131 ger\u00e7ekle\u015ftirildi. Yap\u0131lan&#8230;<\/p>\n","protected":false},"author":1,"featured_media":3830,"comment_status":"closed","ping_status":"closed","sticky":false,"template":"","format":"standard","meta":{"footnotes":""},"categories":[12],"tags":[],"ppma_author":[57],"class_list":["post-3829","post","type-post","status-publish","format-standard","has-post-thumbnail","hentry","category-muratli"],"authors":[{"term_id":57,"user_id":1,"is_guest":0,"slug":"admin","display_name":"Alp Aslan","avatar_url":"https:\/\/secure.gravatar.com\/avatar\/07c18c5ad3350b025db8f3328450e071acb435c703e565899c880c63362f137a?s=96&d=mm&r=g","author_category":"1","first_name":"Alp Aslan","last_name":"ER\u0130N","user_url":"http:\/\/www.gundem59.com.tr","job_title":"","description":""}],"_links":{"self":[{"href":"https:\/\/gundem59.com.tr\/index.php?rest_route=\/wp\/v2\/posts\/3829","targetHints":{"allow":["GET"]}}],"collection":[{"href":"https:\/\/gundem59.com.tr\/index.php?rest_route=\/wp\/v2\/posts"}],"about":[{"href":"https:\/\/gundem59.com.tr\/index.php?rest_route=\/wp\/v2\/types\/post"}],"author":[{"embeddable":true,"href":"https:\/\/gundem59.com.tr\/index.php?rest_route=\/wp\/v2\/users\/1"}],"replies":[{"embeddable":true,"href":"https:\/\/gundem59.com.tr\/index.php?rest_route=%2Fwp%2Fv2%2Fcomments&post=3829"}],"version-history":[{"count":1,"href":"https:\/\/gundem59.com.tr\/index.php?rest_route=\/wp\/v2\/posts\/3829\/revisions"}],"predecessor-version":[{"id":3831,"href":"https:\/\/gundem59.com.tr\/index.php?rest_route=\/wp\/v2\/posts\/3829\/revisions\/3831"}],"wp:featuredmedia":[{"embeddable":true,"href":"https:\/\/gundem59.com.tr\/index.php?rest_route=\/wp\/v2\/media\/3830"}],"wp:attachment":[{"href":"https:\/\/gundem59.com.tr\/index.php?rest_route=%2Fwp%2Fv2%2Fmedia&parent=3829"}],"wp:term":[{"taxonomy":"category","embeddable":true,"href":"https:\/\/gundem59.com.tr\/index.php?rest_route=%2Fwp%2Fv2%2Fcategories&post=3829"},{"taxonomy":"post_tag","embeddable":true,"href":"https:\/\/gundem59.com.tr\/index.php?rest_route=%2Fwp%2Fv2%2Ftags&post=3829"},{"taxonomy":"author","embeddable":true,"href":"https:\/\/gundem59.com.tr\/index.php?rest_route=%2Fwp%2Fv2%2Fppma_author&post=3829"}],"curies":[{"name":"wp","href":"https:\/\/api.w.org\/{rel}","templated":true}]}}