{"id":3816,"date":"2026-07-25T13:51:15","date_gmt":"2026-07-25T13:51:15","guid":{"rendered":"https:\/\/gundem59.com.tr\/?p=3816"},"modified":"2026-07-25T13:51:16","modified_gmt":"2026-07-25T13:51:16","slug":"kilicdaroglundan-dikkat-ceken-cikis-yolsuzluk-yapacaksan-partinin-disina-cik","status":"publish","type":"post","link":"https:\/\/gundem59.com.tr\/?p=3816","title":{"rendered":"K\u0131l\u0131\u00e7daro\u011flu&#8217;ndan dikkat \u00e7eken \u00e7\u0131k\u0131\u015f: &#8220;Yolsuzluk yapacaksan partinin d\u0131\u015f\u0131na \u00e7\u0131k&#8221;"},"content":{"rendered":"\n<p class=\"wp-block-paragraph\">CHP Genel Ba\u015fkan\u0131 Kemal K\u0131l\u0131\u00e7daro\u011flu, CHP \u0130stanbul \u0130l Ba\u015fkanl\u0131\u011f\u0131&#8217;n\u0131n d\u00fczenledi\u011fi \u00fcye kat\u0131l\u0131m t\u00f6reninde yapt\u0131\u011f\u0131 konu\u015fmada parti i\u00e7i disiplin ve yolsuzlukla m\u00fccadele mesajlar\u0131 verdi. Yeni Parti&#8217;nin kurulu\u015f s\u00fcrecine de g\u00f6ndermede bulunan K\u0131l\u0131\u00e7daro\u011flu&#8217;nun a\u00e7\u0131klamalar\u0131 salonda uzun s\u00fcre alk\u0131\u015fland\u0131.<\/p>\n\n\n\n<p class=\"wp-block-paragraph\">&#8220;Mutlak butlan&#8221; karar\u0131yla yeniden CHP Genel Ba\u015fkanl\u0131\u011f\u0131 g\u00f6revine getirilen Kemal K\u0131l\u0131\u00e7daro\u011flu, G\u00fcrsel Tekin&#8217;in y\u00f6netti\u011fi CHP \u0130stanbul \u0130l Ba\u015fkanl\u0131\u011f\u0131 taraf\u0131ndan d\u00fczenlenen \u00fcye kat\u0131l\u0131m t\u00f6reninde partililerle bir araya geldi.<\/p>\n\n\n\n<figure class=\"wp-block-video\"><video height=\"1080\" style=\"aspect-ratio: 1920 \/ 1080;\" width=\"1920\" controls src=\"https:\/\/gundem59.com.tr\/wp-content\/uploads\/2026\/07\/Kendi-tarzini-belirle-6.mp4\"><\/video><\/figure>\n\n\n\n<h2 class=\"wp-block-heading\"><strong>&#8220;Yolsuzluk yapanlarla yan yana duramay\u0131z&#8221;<\/strong><\/h2>\n\n\n\n<p class=\"wp-block-paragraph\">Konu\u015fmas\u0131nda parti i\u00e7indeki disiplin anlay\u0131\u015f\u0131na vurgu yapan K\u0131l\u0131\u00e7daro\u011flu, \u015fu ifadeleri kulland\u0131:<\/p>\n\n\n\n<blockquote class=\"wp-block-quote is-layout-flow wp-block-quote-is-layout-flow\">\n<p class=\"wp-block-paragraph\">&#8220;Hi\u00e7bir Cumhuriyet Halk Partili yolsuzluk yapanlarla yan yana duramaz. E\u011fer yolsuzluk yapmak, mal\u0131 g\u00f6t\u00fcrmek istiyorsan derhal partinin d\u0131\u015f\u0131na \u00e7\u0131kacaks\u0131n.&#8221;<\/p>\n<\/blockquote>\n\n\n\n<p class=\"wp-block-paragraph\">K\u0131l\u0131\u00e7daro\u011flu&#8217;nun bu s\u00f6zleri salonda bulunan partililer taraf\u0131ndan ayakta alk\u0131\u015fland\u0131.<\/p>\n\n\n\n<figure class=\"wp-block-image size-full\"><img  title=\"\" loading=\"lazy\" decoding=\"async\" width=\"640\" height=\"472\" src=\"https:\/\/gundem59.com.tr\/wp-content\/uploads\/2026\/07\/kilicdaroglundan-salonu-ayaga-20087350-5689_1_m.webp\"  alt=\"kilicdaroglundan-salonu-ayaga-20087350-5689_1_m K\u0131l\u0131\u00e7daro\u011flu&#039;ndan dikkat \u00e7eken \u00e7\u0131k\u0131\u015f: &quot;Yolsuzluk yapacaksan partinin d\u0131\u015f\u0131na \u00e7\u0131k&quot;\"  class=\"wp-image-3818\" srcset=\"https:\/\/gundem59.com.tr\/wp-content\/uploads\/2026\/07\/kilicdaroglundan-salonu-ayaga-20087350-5689_1_m.webp 640w, https:\/\/gundem59.com.tr\/wp-content\/uploads\/2026\/07\/kilicdaroglundan-salonu-ayaga-20087350-5689_1_m-300x221.webp 300w\" sizes=\"auto, (max-width: 640px) 100vw, 640px\" \/><\/figure>\n\n\n\n<h2 class=\"wp-block-heading\"><strong>Yeni Parti s\u00fcrecine g\u00f6nderme<\/strong><\/h2>\n\n\n\n<p class=\"wp-block-paragraph\">Konu\u015fmas\u0131nda do\u011frudan isim vermeyen K\u0131l\u0131\u00e7daro\u011flu&#8217;nun, CHP&#8217;den ayr\u0131larak Yeni Parti&#8217;yi kuran isimlere y\u00f6nelik mesaj verdi\u011fi de\u011ferlendirmeleri yap\u0131ld\u0131. Parti i\u00e7inde birlik ve disiplin vurgusu yapan K\u0131l\u0131\u00e7daro\u011flu, CHP&#8217;nin ilkeleri do\u011frultusunda hareket edilmesi gerekti\u011fini ifade etti.<\/p>\n\n\n\n<h2 class=\"wp-block-heading\"><strong>\u0130ki hafta \u00f6nce &#8220;Gitmesin&#8221; \u00e7a\u011fr\u0131s\u0131 yapm\u0131\u015ft\u0131<\/strong><\/h2>\n\n\n\n<p class=\"wp-block-paragraph\">Kemal K\u0131l\u0131\u00e7daro\u011flu, 13 Temmuz&#8217;da kat\u0131ld\u0131\u011f\u0131 bir canl\u0131 yay\u0131n program\u0131nda \u00d6zg\u00fcr \u00d6zel&#8217;in CHP&#8217;den ayr\u0131lmas\u0131na gerek olmad\u0131\u011f\u0131n\u0131 belirterek \u015fu a\u00e7\u0131klamay\u0131 yapm\u0131\u015ft\u0131:<\/p>\n\n\n\n<blockquote class=\"wp-block-quote is-layout-flow wp-block-quote-is-layout-flow\">\n<p class=\"wp-block-paragraph\">&#8220;\u00d6zg\u00fcr \u00d6zel&#8217;in partiden ayr\u0131lmas\u0131na gerek yok. Gitmesin, gerekirse parti i\u00e7inde m\u00fccadele etsin ama paralel yap\u0131 olmaz.&#8221;<\/p>\n<\/blockquote>\n\n\n\n<p class=\"wp-block-paragraph\">K\u0131l\u0131\u00e7daro\u011flu&#8217;nun son a\u00e7\u0131klamalar\u0131, CHP&#8217;de ya\u015fanan ayr\u0131l\u0131k s\u00fcrecinin ard\u0131ndan parti i\u00e7indeki yeni d\u00f6neme ili\u015fkin \u00f6nemli mesajlar olarak de\u011ferlendirildi.<\/p>\n","protected":false},"excerpt":{"rendered":"<p>CHP Genel Ba\u015fkan\u0131 Kemal K\u0131l\u0131\u00e7daro\u011flu, CHP \u0130stanbul \u0130l Ba\u015fkanl\u0131\u011f\u0131&#8217;n\u0131n d\u00fczenledi\u011fi \u00fcye kat\u0131l\u0131m t\u00f6reninde yapt\u0131\u011f\u0131 konu\u015fmada&#8230;<\/p>\n","protected":false},"author":1,"featured_media":3817,"comment_status":"closed","ping_status":"closed","sticky":false,"template":"","format":"standard","meta":{"footnotes":""},"categories":[52],"tags":[],"ppma_author":[57],"class_list":["post-3816","post","type-post","status-publish","format-standard","has-post-thumbnail","hentry","category-politika"],"authors":[{"term_id":57,"user_id":1,"is_guest":0,"slug":"admin","display_name":"Alp Aslan","avatar_url":"https:\/\/secure.gravatar.com\/avatar\/07c18c5ad3350b025db8f3328450e071acb435c703e565899c880c63362f137a?s=96&d=mm&r=g","author_category":"1","first_name":"Alp Aslan","last_name":"ER\u0130N","user_url":"http:\/\/www.gundem59.com.tr","job_title":"","description":""}],"_links":{"self":[{"href":"https:\/\/gundem59.com.tr\/index.php?rest_route=\/wp\/v2\/posts\/3816","targetHints":{"allow":["GET"]}}],"collection":[{"href":"https:\/\/gundem59.com.tr\/index.php?rest_route=\/wp\/v2\/posts"}],"about":[{"href":"https:\/\/gundem59.com.tr\/index.php?rest_route=\/wp\/v2\/types\/post"}],"author":[{"embeddable":true,"href":"https:\/\/gundem59.com.tr\/index.php?rest_route=\/wp\/v2\/users\/1"}],"replies":[{"embeddable":true,"href":"https:\/\/gundem59.com.tr\/index.php?rest_route=%2Fwp%2Fv2%2Fcomments&post=3816"}],"version-history":[{"count":1,"href":"https:\/\/gundem59.com.tr\/index.php?rest_route=\/wp\/v2\/posts\/3816\/revisions"}],"predecessor-version":[{"id":3820,"href":"https:\/\/gundem59.com.tr\/index.php?rest_route=\/wp\/v2\/posts\/3816\/revisions\/3820"}],"wp:featuredmedia":[{"embeddable":true,"href":"https:\/\/gundem59.com.tr\/index.php?rest_route=\/wp\/v2\/media\/3817"}],"wp:attachment":[{"href":"https:\/\/gundem59.com.tr\/index.php?rest_route=%2Fwp%2Fv2%2Fmedia&parent=3816"}],"wp:term":[{"taxonomy":"category","embeddable":true,"href":"https:\/\/gundem59.com.tr\/index.php?rest_route=%2Fwp%2Fv2%2Fcategories&post=3816"},{"taxonomy":"post_tag","embeddable":true,"href":"https:\/\/gundem59.com.tr\/index.php?rest_route=%2Fwp%2Fv2%2Ftags&post=3816"},{"taxonomy":"author","embeddable":true,"href":"https:\/\/gundem59.com.tr\/index.php?rest_route=%2Fwp%2Fv2%2Fppma_author&post=3816"}],"curies":[{"name":"wp","href":"https:\/\/api.w.org\/{rel}","templated":true}]}}