{"id":3753,"date":"2026-07-22T02:41:53","date_gmt":"2026-07-22T02:41:53","guid":{"rendered":"https:\/\/gundem59.com.tr\/?p=3753"},"modified":"2026-07-22T02:41:55","modified_gmt":"2026-07-22T02:41:55","slug":"chpde-istanbul-depremi-7-ilce-baskani-ve-yonetimi-gorevden-alindi","status":"publish","type":"post","link":"https:\/\/gundem59.com.tr\/?p=3753","title":{"rendered":"CHP&#8217;de \u0130stanbul Depremi: 7 \u0130l\u00e7e Ba\u015fkan\u0131 ve Y\u00f6netimi G\u00f6revden Al\u0131nd\u0131"},"content":{"rendered":"\n<p class=\"wp-block-paragraph\">CHP&#8217;de Kemal K\u0131l\u0131\u00e7daro\u011flu&#8217;nun yeniden genel ba\u015fkanl\u0131k g\u00f6revine d\u00f6nmesinin ard\u0131ndan parti i\u00e7indeki de\u011fi\u015fim s\u00fcreci devam ediyor. Son olarak \u0130stanbul&#8217;da 7 il\u00e7e ba\u015fkan\u0131 ve y\u00f6netimleri g\u00f6revden al\u0131nd\u0131.<\/p>\n\n\n\n<p class=\"wp-block-paragraph\">Parti y\u00f6netimi taraf\u0131ndan al\u0131nan kararla Ba\u015fak\u015fehir, B\u00fcy\u00fck\u00e7ekmece, Beylikd\u00fcz\u00fc, Kad\u0131k\u00f6y, Pendik, Silivri ve Esenyurt il\u00e7e ba\u015fkanlar\u0131, il\u00e7e y\u00f6netim kurullar\u0131yla birlikte g\u00f6revlerinden uzakla\u015ft\u0131r\u0131ld\u0131. S\u00f6z konusu il\u00e7e ba\u015fkanlar\u0131n\u0131n tedbirli olarak disiplin s\u00fcrecine sevk edildi\u011fi belirtildi.<\/p>\n\n\n\n<p class=\"wp-block-paragraph\">Konuya ili\u015fkin a\u00e7\u0131klama yapan CHP Genel Ba\u015fkan Yard\u0131mc\u0131s\u0131 G\u00fcrsel Tekin, partinin t\u00fcz\u00fc\u011f\u00fc, \u00f6rg\u00fct disiplini ve siyasi ahlak kurallar\u0131 do\u011frultusunda hareket etti\u011fini vurgulad\u0131. Tekin, g\u00f6revlerini s\u00fcrd\u00fcr\u00fcrken ba\u015fka bir siyasi olu\u015fumun haz\u0131rl\u0131klar\u0131 i\u00e7erisinde yer ald\u0131\u011f\u0131 veya bu s\u00fcre\u00e7lere arac\u0131l\u0131k etti\u011fi de\u011ferlendirilen isimler hakk\u0131nda gerekli i\u015flemlerin ba\u015flat\u0131ld\u0131\u011f\u0131n\u0131 ifade etti.<\/p>\n\n\n\n<p class=\"wp-block-paragraph\">A\u00e7\u0131klamada, CHP&#8217;nin hi\u00e7bir ki\u015fisel siyasi hesab\u0131n arac\u0131 olmayaca\u011f\u0131 belirtilirken, partinin kurumsal kimli\u011fi ve disiplininin her t\u00fcrl\u00fc bireysel tasarrufun \u00fczerinde oldu\u011fu vurguland\u0131.<\/p>\n\n\n\n<p class=\"wp-block-paragraph\">G\u00f6revden al\u0131nan il\u00e7e ba\u015fkanl\u0131klar\u0131 \u015f\u00f6yle s\u0131raland\u0131:<\/p>\n\n\n\n<ul class=\"wp-block-list\">\n<li>Ba\u015fak\u015fehir \u0130l\u00e7e Ba\u015fkanl\u0131\u011f\u0131<\/li>\n\n\n\n<li>B\u00fcy\u00fck\u00e7ekmece \u0130l\u00e7e Ba\u015fkanl\u0131\u011f\u0131<\/li>\n\n\n\n<li>Beylikd\u00fcz\u00fc \u0130l\u00e7e Ba\u015fkanl\u0131\u011f\u0131<\/li>\n\n\n\n<li>Kad\u0131k\u00f6y \u0130l\u00e7e Ba\u015fkanl\u0131\u011f\u0131<\/li>\n\n\n\n<li>Pendik \u0130l\u00e7e Ba\u015fkanl\u0131\u011f\u0131<\/li>\n\n\n\n<li>Silivri \u0130l\u00e7e Ba\u015fkanl\u0131\u011f\u0131<\/li>\n\n\n\n<li>Esenyurt \u0130l\u00e7e Ba\u015fkanl\u0131\u011f\u0131<\/li>\n<\/ul>\n\n\n\n<p class=\"wp-block-paragraph\">Karar\u0131n ard\u0131ndan CHP kulislerinde yeni g\u00f6revlendirmelerin ve \u00f6rg\u00fctsel d\u00fczenlemelerin nas\u0131l \u015fekillenece\u011fi merak konusu oldu.<\/p>\n\n\n\n<figure class=\"wp-block-image size-full\"><img  title=\"\" loading=\"lazy\" decoding=\"async\" width=\"640\" height=\"959\" src=\"https:\/\/gundem59.com.tr\/wp-content\/uploads\/2026\/07\/chp-istanbulda-7-ilce-baskani-20074577-1811_1_m.webp\"  alt=\"chp-istanbulda-7-ilce-baskani-20074577-1811_1_m CHP&#039;de \u0130stanbul Depremi: 7 \u0130l\u00e7e Ba\u015fkan\u0131 ve Y\u00f6netimi G\u00f6revden Al\u0131nd\u0131\"  class=\"wp-image-3754\" srcset=\"https:\/\/gundem59.com.tr\/wp-content\/uploads\/2026\/07\/chp-istanbulda-7-ilce-baskani-20074577-1811_1_m.webp 640w, https:\/\/gundem59.com.tr\/wp-content\/uploads\/2026\/07\/chp-istanbulda-7-ilce-baskani-20074577-1811_1_m-200x300.webp 200w\" sizes=\"auto, (max-width: 640px) 100vw, 640px\" \/><\/figure>\n","protected":false},"excerpt":{"rendered":"<p>CHP&#8217;de Kemal K\u0131l\u0131\u00e7daro\u011flu&#8217;nun yeniden genel ba\u015fkanl\u0131k g\u00f6revine d\u00f6nmesinin ard\u0131ndan parti i\u00e7indeki de\u011fi\u015fim s\u00fcreci devam ediyor&#8230;.<\/p>\n","protected":false},"author":1,"featured_media":3747,"comment_status":"closed","ping_status":"closed","sticky":false,"template":"","format":"standard","meta":{"footnotes":""},"categories":[52],"tags":[],"ppma_author":[57],"class_list":["post-3753","post","type-post","status-publish","format-standard","has-post-thumbnail","hentry","category-politika"],"authors":[{"term_id":57,"user_id":1,"is_guest":0,"slug":"admin","display_name":"Alp Aslan","avatar_url":"https:\/\/secure.gravatar.com\/avatar\/07c18c5ad3350b025db8f3328450e071acb435c703e565899c880c63362f137a?s=96&d=mm&r=g","author_category":"1","first_name":"Alp Aslan","last_name":"ER\u0130N","user_url":"http:\/\/www.gundem59.com.tr","job_title":"","description":""}],"_links":{"self":[{"href":"https:\/\/gundem59.com.tr\/index.php?rest_route=\/wp\/v2\/posts\/3753","targetHints":{"allow":["GET"]}}],"collection":[{"href":"https:\/\/gundem59.com.tr\/index.php?rest_route=\/wp\/v2\/posts"}],"about":[{"href":"https:\/\/gundem59.com.tr\/index.php?rest_route=\/wp\/v2\/types\/post"}],"author":[{"embeddable":true,"href":"https:\/\/gundem59.com.tr\/index.php?rest_route=\/wp\/v2\/users\/1"}],"replies":[{"embeddable":true,"href":"https:\/\/gundem59.com.tr\/index.php?rest_route=%2Fwp%2Fv2%2Fcomments&post=3753"}],"version-history":[{"count":1,"href":"https:\/\/gundem59.com.tr\/index.php?rest_route=\/wp\/v2\/posts\/3753\/revisions"}],"predecessor-version":[{"id":3755,"href":"https:\/\/gundem59.com.tr\/index.php?rest_route=\/wp\/v2\/posts\/3753\/revisions\/3755"}],"wp:featuredmedia":[{"embeddable":true,"href":"https:\/\/gundem59.com.tr\/index.php?rest_route=\/wp\/v2\/media\/3747"}],"wp:attachment":[{"href":"https:\/\/gundem59.com.tr\/index.php?rest_route=%2Fwp%2Fv2%2Fmedia&parent=3753"}],"wp:term":[{"taxonomy":"category","embeddable":true,"href":"https:\/\/gundem59.com.tr\/index.php?rest_route=%2Fwp%2Fv2%2Fcategories&post=3753"},{"taxonomy":"post_tag","embeddable":true,"href":"https:\/\/gundem59.com.tr\/index.php?rest_route=%2Fwp%2Fv2%2Ftags&post=3753"},{"taxonomy":"author","embeddable":true,"href":"https:\/\/gundem59.com.tr\/index.php?rest_route=%2Fwp%2Fv2%2Fppma_author&post=3753"}],"curies":[{"name":"wp","href":"https:\/\/api.w.org\/{rel}","templated":true}]}}