{"id":3750,"date":"2026-07-22T02:37:59","date_gmt":"2026-07-22T02:37:59","guid":{"rendered":"https:\/\/gundem59.com.tr\/?p=3750"},"modified":"2026-07-22T02:37:59","modified_gmt":"2026-07-22T02:37:59","slug":"tekirdagda-kargo-aracinin-carptigi-5-yasindaki-cocuk-hayatini-kaybetti","status":"publish","type":"post","link":"https:\/\/gundem59.com.tr\/?p=3750","title":{"rendered":"Tekirda\u011f&#8217;da Kargo Arac\u0131n\u0131n \u00c7arpt\u0131\u011f\u0131 5 Ya\u015f\u0131ndaki \u00c7ocuk Hayat\u0131n\u0131 Kaybetti"},"content":{"rendered":"\n<p class=\"wp-block-paragraph\">Tekirda\u011f&#8217;\u0131n Muratl\u0131 il\u00e7esinde meydana gelen trafik kazas\u0131 y\u00fcrekleri da\u011flad\u0131. Bir kargo arac\u0131n\u0131n \u00e7arpt\u0131\u011f\u0131 5 ya\u015f\u0131ndaki \u00e7ocuk ya\u015fam\u0131n\u0131 yitirirken, 3 ya\u015f\u0131ndaki bir \u00e7ocu\u011fun ise hastanede ya\u015fam m\u00fccadelesi verdi\u011fi \u00f6\u011frenildi.<\/p>\n\n\n\n<p class=\"wp-block-paragraph\">Kaza, Fatih Mahallesi&#8217;nde meydana geldi. \u0130ddiaya g\u00f6re, K.U. y\u00f6netimindeki kargo arac\u0131 hen\u00fcz bilinmeyen bir nedenle iki k\u00fc\u00e7\u00fck \u00e7ocu\u011fa \u00e7arpt\u0131. Yaralanan \u00e7ocuklar, yak\u0131nlar\u0131 taraf\u0131ndan Muratl\u0131 Devlet Hastanesi Acil Servisi&#8217;ne g\u00f6t\u00fcr\u00fcld\u00fc.<\/p>\n\n\n\n<p class=\"wp-block-paragraph\">Burada yap\u0131lan ilk m\u00fcdahalenin ard\u0131ndan \u00e7ocuklar Tekirda\u011f&#8217;daki hastanelere sevk edildi. Durumu a\u011f\u0131r olan 5 ya\u015f\u0131ndaki Aliyar Y., doktorlar\u0131n t\u00fcm \u00e7abalar\u0131na ra\u011fmen kurtar\u0131lamayarak hayat\u0131n\u0131 kaybetti. Kazada a\u011f\u0131r yaralanan 3 ya\u015f\u0131ndaki M.K.Y.&#8217;nin ise tedavisinin s\u00fcrd\u00fc\u011f\u00fc ve sa\u011fl\u0131k durumunun ciddiyetini korudu\u011fu bildirildi.<\/p>\n\n\n\n<p class=\"wp-block-paragraph\">Kazan\u0131n ard\u0131ndan olay yerinden ayr\u0131ld\u0131\u011f\u0131 belirtilen kargo arac\u0131 ekipler taraf\u0131ndan tespit edilerek yakaland\u0131. G\u00f6zalt\u0131na al\u0131nan s\u00fcr\u00fcc\u00fc K.U., sa\u011fl\u0131k kontrol\u00fcn\u00fcn ard\u0131ndan polis merkezine g\u00f6t\u00fcr\u00fcld\u00fc.<\/p>\n\n\n\n<p class=\"wp-block-paragraph\">Mahalle sakinleri, arac\u0131n sokak aras\u0131nda h\u0131zl\u0131 ilerledi\u011fini \u00f6ne s\u00fcrerken, olayla ilgili geni\u015f \u00e7apl\u0131 soru\u015fturma ba\u015flat\u0131ld\u0131.<\/p>\n","protected":false},"excerpt":{"rendered":"<p>Tekirda\u011f&#8217;\u0131n Muratl\u0131 il\u00e7esinde meydana gelen trafik kazas\u0131 y\u00fcrekleri da\u011flad\u0131. Bir kargo arac\u0131n\u0131n \u00e7arpt\u0131\u011f\u0131 5 ya\u015f\u0131ndaki&#8230;<\/p>\n","protected":false},"author":1,"featured_media":3751,"comment_status":"closed","ping_status":"closed","sticky":false,"template":"","format":"standard","meta":{"footnotes":""},"categories":[12],"tags":[],"ppma_author":[57],"class_list":["post-3750","post","type-post","status-publish","format-standard","has-post-thumbnail","hentry","category-muratli"],"authors":[{"term_id":57,"user_id":1,"is_guest":0,"slug":"admin","display_name":"Alp Aslan","avatar_url":"https:\/\/secure.gravatar.com\/avatar\/07c18c5ad3350b025db8f3328450e071acb435c703e565899c880c63362f137a?s=96&d=mm&r=g","author_category":"1","first_name":"Alp Aslan","last_name":"ER\u0130N","user_url":"http:\/\/www.gundem59.com.tr","job_title":"","description":""}],"_links":{"self":[{"href":"https:\/\/gundem59.com.tr\/index.php?rest_route=\/wp\/v2\/posts\/3750","targetHints":{"allow":["GET"]}}],"collection":[{"href":"https:\/\/gundem59.com.tr\/index.php?rest_route=\/wp\/v2\/posts"}],"about":[{"href":"https:\/\/gundem59.com.tr\/index.php?rest_route=\/wp\/v2\/types\/post"}],"author":[{"embeddable":true,"href":"https:\/\/gundem59.com.tr\/index.php?rest_route=\/wp\/v2\/users\/1"}],"replies":[{"embeddable":true,"href":"https:\/\/gundem59.com.tr\/index.php?rest_route=%2Fwp%2Fv2%2Fcomments&post=3750"}],"version-history":[{"count":1,"href":"https:\/\/gundem59.com.tr\/index.php?rest_route=\/wp\/v2\/posts\/3750\/revisions"}],"predecessor-version":[{"id":3752,"href":"https:\/\/gundem59.com.tr\/index.php?rest_route=\/wp\/v2\/posts\/3750\/revisions\/3752"}],"wp:featuredmedia":[{"embeddable":true,"href":"https:\/\/gundem59.com.tr\/index.php?rest_route=\/wp\/v2\/media\/3751"}],"wp:attachment":[{"href":"https:\/\/gundem59.com.tr\/index.php?rest_route=%2Fwp%2Fv2%2Fmedia&parent=3750"}],"wp:term":[{"taxonomy":"category","embeddable":true,"href":"https:\/\/gundem59.com.tr\/index.php?rest_route=%2Fwp%2Fv2%2Fcategories&post=3750"},{"taxonomy":"post_tag","embeddable":true,"href":"https:\/\/gundem59.com.tr\/index.php?rest_route=%2Fwp%2Fv2%2Ftags&post=3750"},{"taxonomy":"author","embeddable":true,"href":"https:\/\/gundem59.com.tr\/index.php?rest_route=%2Fwp%2Fv2%2Fppma_author&post=3750"}],"curies":[{"name":"wp","href":"https:\/\/api.w.org\/{rel}","templated":true}]}}