{"id":3746,"date":"2026-07-22T02:33:43","date_gmt":"2026-07-22T02:33:43","guid":{"rendered":"https:\/\/gundem59.com.tr\/?p=3746"},"modified":"2026-07-22T02:33:44","modified_gmt":"2026-07-22T02:33:44","slug":"kilicdaroglundan-yeni-parti-mesaji-muhalefete-muhalefet-etmeyecegiz","status":"publish","type":"post","link":"https:\/\/gundem59.com.tr\/?p=3746","title":{"rendered":"K\u0131l\u0131\u00e7daro\u011flu&#8217;ndan Yeni Parti Mesaj\u0131: &#8220;Muhalefete Muhalefet Etmeyece\u011fiz&#8221;"},"content":{"rendered":"\n<p class=\"wp-block-paragraph\">CHP&#8217;de ya\u015fanan ayr\u0131l\u0131k s\u00fcrecinin ard\u0131ndan g\u00f6zler Kemal K\u0131l\u0131\u00e7daro\u011flu&#8217;nun verece\u011fi mesaja \u00e7evrilmi\u015fti. CHP&#8217;den ayr\u0131larak yeni bir siyasi parti kuraca\u011f\u0131n\u0131 a\u00e7\u0131klayan \u00d6zg\u00fcr \u00d6zel&#8217;in hamlesine ili\u015fkin ilk de\u011ferlendirme K\u0131l\u0131\u00e7daro\u011flu&#8217;ndan geldi.<\/p>\n\n\n\n<p class=\"wp-block-paragraph\">Edinilen bilgilere g\u00f6re K\u0131l\u0131\u00e7daro\u011flu, ak\u015fam saatlerinde kendisini destekleyen milletvekilleriyle bir toplant\u0131 ger\u00e7ekle\u015ftirdi. Toplant\u0131da yeni d\u00f6neme ili\u015fkin yol haritas\u0131n\u0131 de\u011ferlendiren K\u0131l\u0131\u00e7daro\u011flu&#8217;nun, parti kurma karar\u0131 alan isimlere y\u00f6nelik herhangi bir olumsuz a\u00e7\u0131klama yap\u0131lmamas\u0131 y\u00f6n\u00fcnde talimat verdi\u011fi \u00f6\u011frenildi.<\/p>\n\n\n\n<p class=\"wp-block-paragraph\">K\u0131l\u0131\u00e7daro\u011flu&#8217;nun toplant\u0131da, &#8220;Bundan sonra hedefimiz iktidard\u0131r. Muhalefete muhalefet etmeyece\u011fiz. \u0130ktidara y\u00f6nelik ele\u015ftirilerimizi yapaca\u011f\u0131z. Ayr\u0131lanlara y\u00f6nelik hi\u00e7bir olumsuz a\u00e7\u0131klama yapmayaca\u011f\u0131z. Onlar zaman\u0131nda yol arkada\u015f\u0131m\u0131zd\u0131. Hi\u00e7bir milletvekilini, yol arkada\u015f\u0131m\u0131z\u0131 &#8216;\u015ferefsiz&#8217; gibi ithamlar alt\u0131nda b\u0131rakmayaca\u011f\u0131z. Biz program\u0131m\u0131z\u0131 anlataca\u011f\u0131z&#8221; ifadelerini kulland\u0131\u011f\u0131 belirtildi.<\/p>\n\n\n\n<figure class=\"wp-block-image size-large\"><img  title=\"\" loading=\"lazy\" decoding=\"async\" width=\"636\" height=\"1024\" src=\"https:\/\/gundem59.com.tr\/wp-content\/uploads\/2026\/07\/ozgur-ozelin-yeni-partisine-ki-20074807-8016_1_m-636x1024.webp\"  alt=\"ozgur-ozelin-yeni-partisine-ki-20074807-8016_1_m-636x1024 K\u0131l\u0131\u00e7daro\u011flu&#039;ndan Yeni Parti Mesaj\u0131: &quot;Muhalefete Muhalefet Etmeyece\u011fiz&quot;\"  class=\"wp-image-3748\" srcset=\"https:\/\/gundem59.com.tr\/wp-content\/uploads\/2026\/07\/ozgur-ozelin-yeni-partisine-ki-20074807-8016_1_m-636x1024.webp 636w, https:\/\/gundem59.com.tr\/wp-content\/uploads\/2026\/07\/ozgur-ozelin-yeni-partisine-ki-20074807-8016_1_m-186x300.webp 186w, https:\/\/gundem59.com.tr\/wp-content\/uploads\/2026\/07\/ozgur-ozelin-yeni-partisine-ki-20074807-8016_1_m.webp 640w\" sizes=\"auto, (max-width: 636px) 100vw, 636px\" \/><\/figure>\n\n\n\n<p class=\"wp-block-paragraph\">\u00d6zg\u00fcr \u00d6zel&#8217;in TBMM&#8217;de son kez CHP Grup Toplant\u0131s\u0131&#8217;na ba\u015fkanl\u0131k ederek yeni parti karar\u0131n\u0131 a\u00e7\u0131klamas\u0131n\u0131n ard\u0131ndan gelen bu mesaj, CHP y\u00f6netiminin ayr\u0131l\u0131k s\u00fcrecine y\u00f6nelik ilk kapsaml\u0131 de\u011ferlendirmesi olarak dikkat \u00e7ekti. Siyasi kulislerde yeni partinin kurulu\u015f \u00e7al\u0131\u015fmalar\u0131n\u0131n k\u0131sa s\u00fcre i\u00e7erisinde h\u0131z kazanmas\u0131 bekleniyor.<\/p>\n","protected":false},"excerpt":{"rendered":"<p>CHP&#8217;de ya\u015fanan ayr\u0131l\u0131k s\u00fcrecinin ard\u0131ndan g\u00f6zler Kemal K\u0131l\u0131\u00e7daro\u011flu&#8217;nun verece\u011fi mesaja \u00e7evrilmi\u015fti. CHP&#8217;den ayr\u0131larak yeni bir&#8230;<\/p>\n","protected":false},"author":1,"featured_media":3747,"comment_status":"closed","ping_status":"closed","sticky":false,"template":"","format":"standard","meta":{"footnotes":""},"categories":[52],"tags":[],"ppma_author":[57],"class_list":["post-3746","post","type-post","status-publish","format-standard","has-post-thumbnail","hentry","category-politika"],"authors":[{"term_id":57,"user_id":1,"is_guest":0,"slug":"admin","display_name":"Alp Aslan","avatar_url":"https:\/\/secure.gravatar.com\/avatar\/07c18c5ad3350b025db8f3328450e071acb435c703e565899c880c63362f137a?s=96&d=mm&r=g","author_category":"1","first_name":"Alp Aslan","last_name":"ER\u0130N","user_url":"http:\/\/www.gundem59.com.tr","job_title":"","description":""}],"_links":{"self":[{"href":"https:\/\/gundem59.com.tr\/index.php?rest_route=\/wp\/v2\/posts\/3746","targetHints":{"allow":["GET"]}}],"collection":[{"href":"https:\/\/gundem59.com.tr\/index.php?rest_route=\/wp\/v2\/posts"}],"about":[{"href":"https:\/\/gundem59.com.tr\/index.php?rest_route=\/wp\/v2\/types\/post"}],"author":[{"embeddable":true,"href":"https:\/\/gundem59.com.tr\/index.php?rest_route=\/wp\/v2\/users\/1"}],"replies":[{"embeddable":true,"href":"https:\/\/gundem59.com.tr\/index.php?rest_route=%2Fwp%2Fv2%2Fcomments&post=3746"}],"version-history":[{"count":1,"href":"https:\/\/gundem59.com.tr\/index.php?rest_route=\/wp\/v2\/posts\/3746\/revisions"}],"predecessor-version":[{"id":3749,"href":"https:\/\/gundem59.com.tr\/index.php?rest_route=\/wp\/v2\/posts\/3746\/revisions\/3749"}],"wp:featuredmedia":[{"embeddable":true,"href":"https:\/\/gundem59.com.tr\/index.php?rest_route=\/wp\/v2\/media\/3747"}],"wp:attachment":[{"href":"https:\/\/gundem59.com.tr\/index.php?rest_route=%2Fwp%2Fv2%2Fmedia&parent=3746"}],"wp:term":[{"taxonomy":"category","embeddable":true,"href":"https:\/\/gundem59.com.tr\/index.php?rest_route=%2Fwp%2Fv2%2Fcategories&post=3746"},{"taxonomy":"post_tag","embeddable":true,"href":"https:\/\/gundem59.com.tr\/index.php?rest_route=%2Fwp%2Fv2%2Ftags&post=3746"},{"taxonomy":"author","embeddable":true,"href":"https:\/\/gundem59.com.tr\/index.php?rest_route=%2Fwp%2Fv2%2Fppma_author&post=3746"}],"curies":[{"name":"wp","href":"https:\/\/api.w.org\/{rel}","templated":true}]}}