{"id":3742,"date":"2026-07-21T17:15:11","date_gmt":"2026-07-21T17:15:11","guid":{"rendered":"https:\/\/gundem59.com.tr\/?p=3742"},"modified":"2026-07-21T17:16:17","modified_gmt":"2026-07-21T17:16:17","slug":"kilicdarogluna-esnaf-ziyaretinde-davul-zurnali-karsilama-o-anlar-gundem-oldu","status":"publish","type":"post","link":"https:\/\/gundem59.com.tr\/?p=3742","title":{"rendered":"K\u0131l\u0131\u00e7daro\u011flu&#8217;na Esnaf Ziyaretinde Davul-Zurnal\u0131 Kar\u015f\u0131lama! O Anlar G\u00fcndem Oldu"},"content":{"rendered":"\n<p class=\"wp-block-paragraph\"><strong>CHP Genel Ba\u015fkan\u0131 Kemal K\u0131l\u0131\u00e7daro\u011flu&#8217;nun Ankara&#8217;daki esnaf ziyaretinde renkli g\u00f6r\u00fcnt\u00fcler ya\u015fand\u0131. R\u00fczgarl\u0131 \u0130n\u015faat Malzemeleri Kooperatifi&#8217;nde esnafla bulu\u015fan K\u0131l\u0131\u00e7daro\u011flu&#8217;na, i\u015f han\u0131ndan arac\u0131na kadar davul-zurna ekibi e\u015flik etti. Ziyaret s\u0131ras\u0131nda ya\u015fanan anlar dikkat \u00e7ekti.<\/strong><\/p>\n\n\n\n<figure class=\"wp-block-video\"><video height=\"1080\" style=\"aspect-ratio: 1920 \/ 1080;\" width=\"1920\" controls src=\"https:\/\/gundem59.com.tr\/wp-content\/uploads\/2026\/07\/Kendi-tarzini-belirle-3.mp4\"><\/video><\/figure>\n\n\n\n<p class=\"wp-block-paragraph\">CHP Genel Ba\u015fkan\u0131 Kemal K\u0131l\u0131\u00e7daro\u011flu, Ankara&#8217;da faaliyet g\u00f6steren R\u00fczgarl\u0131 \u0130n\u015faat Malzemeleri Kooperatif Ba\u015fkan\u0131 \u00d6zlem \u015eener ve b\u00f6lge esnaf\u0131yla bir araya geldi. Program kapsam\u0131nda kooperatif \u00fcyeleri ve esnafla kahvalt\u0131da bulu\u015fan K\u0131l\u0131\u00e7daro\u011flu, daha sonra i\u015f han\u0131nda faaliyet g\u00f6steren i\u015fletmeleri ziyaret ederek esnaf\u0131n talep ve beklentilerini dinledi.<\/p>\n\n\n\n<p class=\"wp-block-paragraph\">Kahvalt\u0131 program\u0131nda b\u00f6lgedeki ticari faaliyetler, ekonomik geli\u015fmeler ve esnaf\u0131n ya\u015fad\u0131\u011f\u0131 sorunlar ele al\u0131n\u0131rken, K\u0131l\u0131\u00e7daro\u011flu i\u015fletme sahipleriyle birebir g\u00f6r\u00fc\u015fmeler ger\u00e7ekle\u015ftirdi. \u0130\u015f han\u0131ndaki d\u00fckk\u00e2nlar\u0131 tek tek gezen CHP lideri, vatanda\u015flarla sohbet ederek g\u00f6r\u00fc\u015f al\u0131\u015fveri\u015finde bulundu.<\/p>\n\n\n\n<p class=\"wp-block-paragraph\">Ziyaret s\u0131ras\u0131nda semtin ilk kad\u0131n in\u015faat malzemecisi olarak bilinen \u00d6zlem \u015eener taraf\u0131ndan K\u0131l\u0131\u00e7daro\u011flu&#8217;na \u00fczerinde foto\u011fraf\u0131n\u0131n yer ald\u0131\u011f\u0131 seramik tablo hediye edildi. Hediyeyi kabul eden K\u0131l\u0131\u00e7daro\u011flu, \u015eener&#8217;e te\u015fekk\u00fcr ederek ziyaret program\u0131na devam etti.<\/p>\n\n\n\n<p class=\"wp-block-paragraph\">Program\u0131n en dikkat \u00e7eken b\u00f6l\u00fcm\u00fc ise i\u015f han\u0131ndaki ziyaretlerin ard\u0131ndan ya\u015fand\u0131. K\u0131l\u0131\u00e7daro\u011flu, bir esnaf d\u00fckk\u00e2n\u0131ndaki g\u00f6r\u00fc\u015fmesini tamamlayarak d\u0131\u015far\u0131 \u00e7\u0131kt\u0131\u011f\u0131 s\u0131rada davul-zurna ekibi taraf\u0131ndan kar\u015f\u0131land\u0131. D\u00fckk\u00e2ndan ayr\u0131ld\u0131\u011f\u0131 andan itibaren \u00e7almaya ba\u015flayan ekip, K\u0131l\u0131\u00e7daro\u011flu arac\u0131na binene kadar kendisine e\u015flik etti.<\/p>\n\n\n\n<p class=\"wp-block-paragraph\">Davul-zurna e\u015fli\u011finde arac\u0131na y\u00f6nelen K\u0131l\u0131\u00e7daro\u011flu, \u00e7evrede bulunan vatanda\u015flar\u0131n da ilgisiyle kar\u015f\u0131la\u015ft\u0131. \u0130\u015f han\u0131 \u00e7evresinde toplanan vatanda\u015flar ve esnaf, ya\u015fanan anlar\u0131 cep telefonlar\u0131yla g\u00f6r\u00fcnt\u00fcledi. CHP liderinin arac\u0131na bini\u015fine kadar s\u00fcren davul-zurnal\u0131 kar\u015f\u0131lama, ziyaretin en \u00e7ok konu\u015fulan anlar\u0131 aras\u0131nda yer ald\u0131.<\/p>\n\n\n\n<p class=\"wp-block-paragraph\">R\u00fczgarl\u0131 b\u00f6lgesindeki program\u0131n\u0131 tamamlayan K\u0131l\u0131\u00e7daro\u011flu, esnaf ziyaretinin ard\u0131ndan b\u00f6lgeden ayr\u0131ld\u0131. Ziyaret s\u0131ras\u0131nda kaydedilen g\u00f6r\u00fcnt\u00fcler k\u0131sa s\u00fcrede sosyal medyada da geni\u015f yank\u0131 buldu.<\/p>\n","protected":false},"excerpt":{"rendered":"<p>CHP Genel Ba\u015fkan\u0131 Kemal K\u0131l\u0131\u00e7daro\u011flu&#8217;nun Ankara&#8217;daki esnaf ziyaretinde renkli g\u00f6r\u00fcnt\u00fcler ya\u015fand\u0131. R\u00fczgarl\u0131 \u0130n\u015faat Malzemeleri Kooperatifi&#8217;nde&#8230;<\/p>\n","protected":false},"author":1,"featured_media":3743,"comment_status":"closed","ping_status":"closed","sticky":false,"template":"","format":"standard","meta":{"footnotes":""},"categories":[52],"tags":[],"ppma_author":[57],"class_list":["post-3742","post","type-post","status-publish","format-standard","has-post-thumbnail","hentry","category-politika"],"authors":[{"term_id":57,"user_id":1,"is_guest":0,"slug":"admin","display_name":"Alp Aslan","avatar_url":"https:\/\/secure.gravatar.com\/avatar\/07c18c5ad3350b025db8f3328450e071acb435c703e565899c880c63362f137a?s=96&d=mm&r=g","author_category":"1","first_name":"Alp Aslan","last_name":"ER\u0130N","user_url":"http:\/\/www.gundem59.com.tr","job_title":"","description":""}],"_links":{"self":[{"href":"https:\/\/gundem59.com.tr\/index.php?rest_route=\/wp\/v2\/posts\/3742","targetHints":{"allow":["GET"]}}],"collection":[{"href":"https:\/\/gundem59.com.tr\/index.php?rest_route=\/wp\/v2\/posts"}],"about":[{"href":"https:\/\/gundem59.com.tr\/index.php?rest_route=\/wp\/v2\/types\/post"}],"author":[{"embeddable":true,"href":"https:\/\/gundem59.com.tr\/index.php?rest_route=\/wp\/v2\/users\/1"}],"replies":[{"embeddable":true,"href":"https:\/\/gundem59.com.tr\/index.php?rest_route=%2Fwp%2Fv2%2Fcomments&post=3742"}],"version-history":[{"count":1,"href":"https:\/\/gundem59.com.tr\/index.php?rest_route=\/wp\/v2\/posts\/3742\/revisions"}],"predecessor-version":[{"id":3745,"href":"https:\/\/gundem59.com.tr\/index.php?rest_route=\/wp\/v2\/posts\/3742\/revisions\/3745"}],"wp:featuredmedia":[{"embeddable":true,"href":"https:\/\/gundem59.com.tr\/index.php?rest_route=\/wp\/v2\/media\/3743"}],"wp:attachment":[{"href":"https:\/\/gundem59.com.tr\/index.php?rest_route=%2Fwp%2Fv2%2Fmedia&parent=3742"}],"wp:term":[{"taxonomy":"category","embeddable":true,"href":"https:\/\/gundem59.com.tr\/index.php?rest_route=%2Fwp%2Fv2%2Fcategories&post=3742"},{"taxonomy":"post_tag","embeddable":true,"href":"https:\/\/gundem59.com.tr\/index.php?rest_route=%2Fwp%2Fv2%2Ftags&post=3742"},{"taxonomy":"author","embeddable":true,"href":"https:\/\/gundem59.com.tr\/index.php?rest_route=%2Fwp%2Fv2%2Fppma_author&post=3742"}],"curies":[{"name":"wp","href":"https:\/\/api.w.org\/{rel}","templated":true}]}}