{"id":3730,"date":"2026-07-21T13:46:36","date_gmt":"2026-07-21T13:46:36","guid":{"rendered":"https:\/\/gundem59.com.tr\/?p=3730"},"modified":"2026-07-21T13:46:40","modified_gmt":"2026-07-21T13:46:40","slug":"tekirdagdaki-rakoczi-muzesini-bu-yil-1600-kisi-ziyaret-etti-macarlarin-ilgisi-artiyor","status":"publish","type":"post","link":"https:\/\/gundem59.com.tr\/?p=3730","title":{"rendered":"Tekirda\u011f&#8217;daki Rakoczi M\u00fczesi&#8217;ni bu y\u0131l 1600 ki\u015fi ziyaret etti, Macarlar\u0131n ilgisi art\u0131yor."},"content":{"rendered":"\n<p class=\"wp-block-paragraph\">Tekirda\u011f&#8217;da bulunan ve Macaristan Kral\u0131 II. Rakoczi&#8217;nin Osmanl\u0131 d\u00f6neminde kald\u0131\u011f\u0131 Rakoczi M\u00fczesi&#8217;ni y\u0131l\u0131n yar\u0131s\u0131nda 1600 ki\u015fi ziyaret etti.Eski bir T\u00fcrk evi olan ve 1676 &#8211; 1735 y\u0131llar\u0131 aras\u0131nda ya\u015fayan II. Rakoczi Ferenc&#8217;in an\u0131s\u0131na Macaristan H\u00fck\u00fcmeti taraf\u0131ndan m\u00fczeye d\u00f6n\u00fc\u015ft\u00fcr\u00fclen yap\u0131, yerli ve yabanc\u0131 ziyaret\u00e7ilerin ilgisini \u00e7ekiyor.M\u00fclkiyeti ve i\u00e7erisindeki tarihi eserlerle birlikte Macaristan&#8217;a ait olan m\u00fcze, 25 Eyl\u00fcl 1982&#8217;de ziyarete a\u00e7\u0131ld\u0131.M\u00fczede, T\u00fcrk-Macar ili\u015fkilerini ve iki \u00fclke halklar\u0131n\u0131n k\u00fclt\u00fcrel ba\u011flar\u0131n\u0131 yans\u0131tan eserlerin yan\u0131 s\u0131ra II. Rakoczi Ferenc ve ailesine ait ki\u015fisel e\u015fyalar sergileniyor.<br>Rakoczi M\u00fczesi M\u00fcd\u00fcr\u00fc Ali Kabul,m\u00fczeye y\u0131l\u0131n ilk 6 ay\u0131nda 1600 ziyaret\u00e7inin geldi\u011fini s\u00f6yledi.M\u00fcze a\u00e7\u0131s\u0131ndan en yo\u011fun d\u00f6nemin a\u011fustos, eyl\u00fcl ve ekim aylar\u0131 oldu\u011funu dile getiren Kabul, \u015funlar\u0131 kaydetti:&#8221;Kiraz Festivali d\u00f6neminde ziyaret\u00e7i yo\u011funlu\u011fumuz art\u0131yor. Her y\u0131l Tekirda\u011f Macar Dostluk Derne\u011fi olarak Macaristan&#8217;daki karde\u015f \u015fehirlerden halk oyunlar\u0131 ekipleri ile resmi heyetleri ve konsolosluk temsilcilerini davet ediyoruz.Bu d\u00f6nemde Macar ziyaret\u00e7i say\u0131m\u0131z daha da y\u00fckseliyor. T\u00fcrkiye&#8217;ye gelen Macar turistlerin b\u00fcy\u00fck b\u00f6l\u00fcm\u00fcn\u00fcn Rakoczi M\u00fczesi&#8217;ni ziyaret ediyor. Buras\u0131 Macarlar i\u00e7in \u00e7ok \u00f6zel bir yere sahip. Bizim i\u00e7in Selanik&#8217;teki Atat\u00fcrk Evi ne ifade ediyorsa, Rakoczi M\u00fczesi de Macarlar i\u00e7in benzer bir anlam ta\u015f\u0131yor.&#8221;<br>Rakoczi M\u00fczesi, K\u00fclt\u00fcr Sanat, Etkinlikler, Tekirda\u011f, K\u00fclt\u00fcr, Turizm, G\u00fcncel<\/p>\n","protected":false},"excerpt":{"rendered":"<p>Tekirda\u011f&#8217;da bulunan ve Macaristan Kral\u0131 II. Rakoczi&#8217;nin Osmanl\u0131 d\u00f6neminde kald\u0131\u011f\u0131 Rakoczi M\u00fczesi&#8217;ni y\u0131l\u0131n yar\u0131s\u0131nda 1600&#8230;<\/p>\n","protected":false},"author":1,"featured_media":3731,"comment_status":"closed","ping_status":"closed","sticky":false,"template":"","format":"standard","meta":{"footnotes":""},"categories":[50],"tags":[],"ppma_author":[57],"class_list":["post-3730","post","type-post","status-publish","format-standard","has-post-thumbnail","hentry","category-kultur-ve-sanat"],"authors":[{"term_id":57,"user_id":1,"is_guest":0,"slug":"admin","display_name":"Alp Aslan","avatar_url":"https:\/\/secure.gravatar.com\/avatar\/07c18c5ad3350b025db8f3328450e071acb435c703e565899c880c63362f137a?s=96&d=mm&r=g","author_category":"1","first_name":"Alp Aslan","last_name":"ER\u0130N","user_url":"http:\/\/www.gundem59.com.tr","job_title":"","description":""}],"_links":{"self":[{"href":"https:\/\/gundem59.com.tr\/index.php?rest_route=\/wp\/v2\/posts\/3730","targetHints":{"allow":["GET"]}}],"collection":[{"href":"https:\/\/gundem59.com.tr\/index.php?rest_route=\/wp\/v2\/posts"}],"about":[{"href":"https:\/\/gundem59.com.tr\/index.php?rest_route=\/wp\/v2\/types\/post"}],"author":[{"embeddable":true,"href":"https:\/\/gundem59.com.tr\/index.php?rest_route=\/wp\/v2\/users\/1"}],"replies":[{"embeddable":true,"href":"https:\/\/gundem59.com.tr\/index.php?rest_route=%2Fwp%2Fv2%2Fcomments&post=3730"}],"version-history":[{"count":1,"href":"https:\/\/gundem59.com.tr\/index.php?rest_route=\/wp\/v2\/posts\/3730\/revisions"}],"predecessor-version":[{"id":3732,"href":"https:\/\/gundem59.com.tr\/index.php?rest_route=\/wp\/v2\/posts\/3730\/revisions\/3732"}],"wp:featuredmedia":[{"embeddable":true,"href":"https:\/\/gundem59.com.tr\/index.php?rest_route=\/wp\/v2\/media\/3731"}],"wp:attachment":[{"href":"https:\/\/gundem59.com.tr\/index.php?rest_route=%2Fwp%2Fv2%2Fmedia&parent=3730"}],"wp:term":[{"taxonomy":"category","embeddable":true,"href":"https:\/\/gundem59.com.tr\/index.php?rest_route=%2Fwp%2Fv2%2Fcategories&post=3730"},{"taxonomy":"post_tag","embeddable":true,"href":"https:\/\/gundem59.com.tr\/index.php?rest_route=%2Fwp%2Fv2%2Ftags&post=3730"},{"taxonomy":"author","embeddable":true,"href":"https:\/\/gundem59.com.tr\/index.php?rest_route=%2Fwp%2Fv2%2Fppma_author&post=3730"}],"curies":[{"name":"wp","href":"https:\/\/api.w.org\/{rel}","templated":true}]}}