{"id":3721,"date":"2026-07-21T12:48:07","date_gmt":"2026-07-21T12:48:07","guid":{"rendered":"https:\/\/gundem59.com.tr\/?p=3721"},"modified":"2026-07-21T12:48:08","modified_gmt":"2026-07-21T12:48:08","slug":"chpde-tarihi-kopus-ozgur-ozel-veda-etti-82-milletvekiliyle-yeni-parti-yolculugu-basliyor","status":"publish","type":"post","link":"https:\/\/gundem59.com.tr\/?p=3721","title":{"rendered":"CHP&#8217;de Tarihi Kopu\u015f! \u00d6zg\u00fcr \u00d6zel Veda Etti, 82 Milletvekiliyle Yeni Parti Yolculu\u011fu Ba\u015fl\u0131yor"},"content":{"rendered":"\n<p class=\"wp-block-paragraph\">\u00d6zg\u00fcr \u00d6zel, kurulu\u015f haz\u0131rl\u0131klar\u0131n\u0131 s\u00fcrd\u00fcrd\u00fc\u011f\u00fc &#8220;Yeni Parti&#8221; \u00f6ncesinde CHP Grup k\u00fcrs\u00fcs\u00fcne son kez \u00e7\u0131karak partisine veda etti. T\u0131kl\u0131m t\u0131kl\u0131m dolan salonda \u00d6zel&#8217;in konu\u015fmas\u0131n\u0131 takip eden 82 milletvekilinin de kendisiyle birlikte yeni partiye ge\u00e7i\u015f yapaca\u011f\u0131 \u00f6\u011frenildi.<\/p>\n\n\n\n<p class=\"wp-block-paragraph\">Kuraca\u011f\u0131 yeni siyasi olu\u015fum \u00f6ncesinde CHP grubuna son kez hitap eden \u00d6zg\u00fcr \u00d6zel&#8217;in veda konu\u015fmas\u0131, milletvekilleri taraf\u0131ndan yo\u011fun ilgi g\u00f6rd\u00fc. Salonda bo\u015f yer kalmazken, toplant\u0131ya kat\u0131lan isimlerin \u00d6zel&#8217;in liderli\u011finde kurulacak olan &#8220;Yeni Parti&#8221; saflar\u0131na kat\u0131laca\u011f\u0131 belirtildi.<\/p>\n\n\n\n<h2 class=\"wp-block-heading\">&#8220;YEN\u0130 YOLDA HEP B\u0130RL\u0130KTE Y\u00dcR\u00dcYECE\u011e\u0130Z&#8221;<\/h2>\n\n\n\n<p class=\"wp-block-paragraph\">\u00d6zel, veda konu\u015fmas\u0131nda milletvekilleriyle birlikte yeni bir parti kuracaklar\u0131n\u0131 resmen ilan eden \u00d6zel, &#8220;A\u00e7\u0131k farkla ana muhalefet partisi oluyoruz&#8221; dedi.<\/p>\n\n\n\n<p class=\"wp-block-paragraph\">\u00d6zel konu\u015fmas\u0131nda kendisine destek veren isimleri sayarak \u015fu ifadeleri kulland\u0131:<\/p>\n\n\n\n<p class=\"wp-block-paragraph\">&#8220;Kimse \u015fundan \u015f\u00fcphe etmesin. Bu iktidar y\u00fcr\u00fcy\u00fc\u015f\u00fcnde bizler, sizler, biz, hepimiz. Ne Ekrem \u0130mamo\u011flu&#8217;nu geride b\u0131rak\u0131r\u0131z, ne Mansur Yava\u015f&#8217;\u0131. Ne Zeydan Karalar kal\u0131r Adana&#8217;da, ne Vahap Se\u00e7er Mersin&#8217;de. &#8216;Ben onlarla de\u011filim demeyenler&#8217; bizimle birliktedir. Selam olsun Edirne\u2019den Kars\u2019a, Trabzon\u2019dan Antalya\u2019ya. Yollar\u0131 kapad\u0131lar, yeni bir yol a\u00e7maya var m\u0131s\u0131n\u0131z? Yeni yolu a\u00e7\u0131yoruz. \u0130ktidara y\u00fcr\u00fcmeye var m\u0131s\u0131n\u0131z? Haydi bakal\u0131m, yolumuz a\u00e7\u0131k olsun. Yeni yolda hep birlikte y\u00fcr\u00fcyece\u011fiz. \u0130ktidara y\u00fcr\u00fcyece\u011fiz. Y\u00fcr\u00fcyelim arkada\u015flar, y\u00fcr\u00fcyelim arkada\u015flar.&#8221;<\/p>\n\n\n\n<h2 class=\"wp-block-heading\">YEN\u0130 PART\u0130&#8217;N\u0130N KADROSUNDA YER ALACAK 82 \u0130S\u0130M<\/h2>\n\n\n\n<p class=\"wp-block-paragraph\">\u00d6zel&#8217;in veda konu\u015fmas\u0131n\u0131 salonda takip eden ve yeni partiye ge\u00e7i\u015f yapacak olan 82 milletvekilinin isimleri \u015fu \u015fekilde s\u0131raland\u0131:<\/p>\n\n\n\n<ol class=\"wp-block-list\">\n<li>Mahmut Tanal<\/li>\n\n\n\n<li>Yunus Emre<\/li>\n\n\n\n<li>Hasan \u00d6zt\u00fcrk<\/li>\n\n\n\n<li>Umut Akdo\u011fan<\/li>\n\n\n\n<li>Ahmet Vehbi Bak\u0131rl\u0131o\u011flu<\/li>\n\n\n\n<li>Aliye Co\u015far<\/li>\n\n\n\n<li>Murat Bakan<\/li>\n\n\n\n<li>Sezgin Tanr\u0131kulu<\/li>\n\n\n\n<li>Seyit Torun<\/li>\n\n\n\n<li>Suat \u00d6z\u00e7a\u011fda\u015f<\/li>\n\n\n\n<li>G\u00f6k\u00e7e G\u00f6k\u00e7en<\/li>\n\n\n\n<li>Y\u00fcksel Ta\u015fk\u0131n<\/li>\n\n\n\n<li>B\u00fclent Tezcan<\/li>\n\n\n\n<li>Gizem \u00d6zcan<\/li>\n\n\n\n<li>Ay\u00e7a Ta\u015fkent<\/li>\n\n\n\n<li>U\u011fur Bayraktutan<\/li>\n\n\n\n<li>S\u00fcleyman B\u00fclb\u00fcl<\/li>\n\n\n\n<li>\u00d6zg\u00fcr Karabat<\/li>\n\n\n\n<li>Talih \u00d6zcan<\/li>\n\n\n\n<li>Elvan I\u015f\u0131k Gezmi\u015f<\/li>\n\n\n\n<li>Deniz Y\u00fccel<\/li>\n\n\n\n<li>Murat \u00c7am<\/li>\n\n\n\n<li>\u015eeref Arpac\u0131<\/li>\n\n\n\n<li>Sibel Sui\u00e7mez<\/li>\n\n\n\n<li>\u00dcmit \u00d6zlale<\/li>\n\n\n\n<li>Asu Kaya<\/li>\n\n\n\n<li>Burhanettin Bulut<\/li>\n\n\n\n<li>Karahan Pala<\/li>\n\n\n\n<li>Eylem Ertu\u011frul<\/li>\n\n\n\n<li>\u0130brahim Arslan<\/li>\n\n\n\n<li>Tahsin Ocakl\u0131<\/li>\n\n\n\n<li>\u00d6zg\u00fcr Ceylan<\/li>\n\n\n\n<li>\u00d6zg\u00fcr Erdem \u0130ncesu<\/li>\n\n\n\n<li>G\u00f6kan Zeybek<\/li>\n\n\n\n<li>\u0130smail Atakan \u00dcnver<\/li>\n\n\n\n<li>Ayhan Barut<\/li>\n\n\n\n<li>Hikmet Yal\u0131m Al\u0131c\u0131<\/li>\n\n\n\n<li>Aylin Yaman<\/li>\n\n\n\n<li>Veli A\u011fbaba<\/li>\n\n\n\n<li>Ensar Aytekin<\/li>\n\n\n\n<li>Ula\u015f Karasu<\/li>\n\n\n\n<li>Melih Meri\u00e7<\/li>\n\n\n\n<li>Seda Kaya \u00d6sen<\/li>\n\n\n\n<li>Aliye Timisi Ersever<\/li>\n\n\n\n<li>S\u00fcreyya \u00d6ne\u015f Derici<\/li>\n\n\n\n<li>Mustafa Erdem<\/li>\n\n\n\n<li>Orhan S\u00fcmer<\/li>\n\n\n\n<li>\u0130smet G\u00fcne\u015fhan<\/li>\n\n\n\n<li>Cavit Ar\u0131<\/li>\n\n\n\n<li>Ali G\u00f6k\u00e7ek<\/li>\n\n\n\n<li>Bekir Ba\u015fevirgen<\/li>\n\n\n\n<li>Fahri \u00d6zkan<\/li>\n\n\n\n<li>Talat Din\u00e7er<\/li>\n\n\n\n<li>Mehmet Tahtas\u0131z<\/li>\n\n\n\n<li>Servet Mullao\u011flu<\/li>\n\n\n\n<li>Nam\u0131k Tan<\/li>\n\n\n\n<li>Ali Mahir Ba\u015far\u0131r<\/li>\n\n\n\n<li>G\u00f6khan T\u00fcnayd\u0131n<\/li>\n\n\n\n<li>Murat Emir<\/li>\n\n\n\n<li>\u00d6zg\u00fcr \u00d6zel<\/li>\n\n\n\n<li>M\u00fchip Kanko<\/li>\n\n\n\n<li>Serkan Sar\u0131<\/li>\n\n\n\n<li>\u0130zzet Akbulut<\/li>\n\n\n\n<li>Ya\u015far T\u00fcz\u00fcn<\/li>\n\n\n\n<li>Deniz Yavuzy\u0131lmaz<\/li>\n\n\n\n<li>Turan Ta\u015fk\u0131n \u00d6zer<\/li>\n\n\n\n<li>Tekin Bing\u00f6l<\/li>\n\n\n\n<li>A\u015fk\u0131n Gen\u00e7<\/li>\n\n\n\n<li>Harun \u00d6zg\u00fcr Y\u0131ld\u0131zl\u0131<\/li>\n\n\n\n<li>Metin \u0130lhan<\/li>\n\n\n\n<li>Aykut Kaya<\/li>\n\n\n\n<li>Ednan Arslan<\/li>\n\n\n\n<li>Evrim Karakoz<\/li>\n\n\n\n<li>Salih Uzun<\/li>\n\n\n\n<li>Cemal Enginyurt<\/li>\n\n\n\n<li>Gamze Ta\u015fc\u0131er<\/li>\n\n\n\n<li>Evrim R\u0131zvano\u011flu<\/li>\n\n\n\n<li>Mustafa Sar\u0131g\u00fcl<\/li>\n\n\n\n<li>Zeynel Emre<\/li>\n\n\n\n<li>Nail \u00c7iler<\/li>\n\n\n\n<li>Nurhayat Altaca Kay\u0131\u015fo\u011flu<\/li>\n\n\n\n<li>T\u00fcrkan El\u00e7i<\/li>\n\n\n\n<li>Cumhuriyet Halk Partisi, \u00d6zg\u00fcr \u00d6zel, Yeni Parti, CHP, TBMM, Siyaset, G\u00fcncel, G\u00fcndem.<\/li>\n<\/ol>\n","protected":false},"excerpt":{"rendered":"<p>\u00d6zg\u00fcr \u00d6zel, kurulu\u015f haz\u0131rl\u0131klar\u0131n\u0131 s\u00fcrd\u00fcrd\u00fc\u011f\u00fc &#8220;Yeni Parti&#8221; \u00f6ncesinde CHP Grup k\u00fcrs\u00fcs\u00fcne son kez \u00e7\u0131karak partisine&#8230;<\/p>\n","protected":false},"author":1,"featured_media":3722,"comment_status":"closed","ping_status":"closed","sticky":false,"template":"","format":"standard","meta":{"footnotes":""},"categories":[52],"tags":[],"ppma_author":[57],"class_list":["post-3721","post","type-post","status-publish","format-standard","has-post-thumbnail","hentry","category-politika"],"authors":[{"term_id":57,"user_id":1,"is_guest":0,"slug":"admin","display_name":"Alp Aslan","avatar_url":"https:\/\/secure.gravatar.com\/avatar\/07c18c5ad3350b025db8f3328450e071acb435c703e565899c880c63362f137a?s=96&d=mm&r=g","author_category":"1","first_name":"Alp Aslan","last_name":"ER\u0130N","user_url":"http:\/\/www.gundem59.com.tr","job_title":"","description":""}],"_links":{"self":[{"href":"https:\/\/gundem59.com.tr\/index.php?rest_route=\/wp\/v2\/posts\/3721","targetHints":{"allow":["GET"]}}],"collection":[{"href":"https:\/\/gundem59.com.tr\/index.php?rest_route=\/wp\/v2\/posts"}],"about":[{"href":"https:\/\/gundem59.com.tr\/index.php?rest_route=\/wp\/v2\/types\/post"}],"author":[{"embeddable":true,"href":"https:\/\/gundem59.com.tr\/index.php?rest_route=\/wp\/v2\/users\/1"}],"replies":[{"embeddable":true,"href":"https:\/\/gundem59.com.tr\/index.php?rest_route=%2Fwp%2Fv2%2Fcomments&post=3721"}],"version-history":[{"count":1,"href":"https:\/\/gundem59.com.tr\/index.php?rest_route=\/wp\/v2\/posts\/3721\/revisions"}],"predecessor-version":[{"id":3723,"href":"https:\/\/gundem59.com.tr\/index.php?rest_route=\/wp\/v2\/posts\/3721\/revisions\/3723"}],"wp:featuredmedia":[{"embeddable":true,"href":"https:\/\/gundem59.com.tr\/index.php?rest_route=\/wp\/v2\/media\/3722"}],"wp:attachment":[{"href":"https:\/\/gundem59.com.tr\/index.php?rest_route=%2Fwp%2Fv2%2Fmedia&parent=3721"}],"wp:term":[{"taxonomy":"category","embeddable":true,"href":"https:\/\/gundem59.com.tr\/index.php?rest_route=%2Fwp%2Fv2%2Fcategories&post=3721"},{"taxonomy":"post_tag","embeddable":true,"href":"https:\/\/gundem59.com.tr\/index.php?rest_route=%2Fwp%2Fv2%2Ftags&post=3721"},{"taxonomy":"author","embeddable":true,"href":"https:\/\/gundem59.com.tr\/index.php?rest_route=%2Fwp%2Fv2%2Fppma_author&post=3721"}],"curies":[{"name":"wp","href":"https:\/\/api.w.org\/{rel}","templated":true}]}}