{"id":3687,"date":"2026-07-20T10:58:12","date_gmt":"2026-07-20T10:58:12","guid":{"rendered":"https:\/\/gundem59.com.tr\/?p=3687"},"modified":"2026-07-20T10:58:24","modified_gmt":"2026-07-20T10:58:24","slug":"12-ilde-dev-operasyon-polis-gumruk-memuru-ve-avukatlar-gozaltinda-2","status":"publish","type":"post","link":"https:\/\/gundem59.com.tr\/?p=3687","title":{"rendered":"12 \u0130LDE DEV OPERASYON! POL\u0130S, G\u00dcMR\u00dcK MEMURU VE AVUKATLAR G\u00d6ZALTINDA"},"content":{"rendered":"\n<p class=\"wp-block-paragraph\">Adalet Bakan\u0131 Ak\u0131n G\u00fcrlek, yeni nesil su\u00e7 \u00f6rg\u00fctlerine bilgi s\u0131zd\u0131ran kirli ili\u015fki a\u011flar\u0131na y\u00f6nelik 12 ilde b\u00fcy\u00fck bir operasyon ba\u015flat\u0131ld\u0131\u011f\u0131n\u0131 a\u00e7\u0131klad\u0131. Bak\u0131rk\u00f6y Cumhuriyet Ba\u015fsavc\u0131l\u0131\u011f\u0131 koordinasyonunda d\u00fczenlenen e\u015f zamanl\u0131 bask\u0131nlarda; su\u00e7 kayd\u0131, k\u0131rm\u0131z\u0131 b\u00fclten ve g\u00fcmr\u00fck verileri gibi kritik devlet bilgilerini \u00f6rg\u00fctlere aktard\u0131\u011f\u0131 tespit edilen 10 polis, 15 g\u00fcmr\u00fck memuru ve 2 avukat\u0131n da aralar\u0131nda bulundu\u011fu 50 \u015f\u00fcpheli yakaland\u0131.<\/p>\n\n\n\n<p class=\"wp-block-paragraph\">Adalet Bakan\u0131 Ak\u0131n G\u00fcrlek, su\u00e7 \u00f6rg\u00fctlerine alan a\u00e7maya \u00e7al\u0131\u015fan kirli ili\u015fki a\u011flar\u0131na y\u00f6nelik dev bir operasyon ba\u015flat\u0131ld\u0131\u011f\u0131n\u0131 duyurdu. Bak\u0131rk\u00f6y Cumhuriyet Ba\u015fsavc\u0131l\u0131\u011f\u0131 koordinasyonunda 12 ilde e\u015f zamanl\u0131 olarak d\u00fczenlenen operasyonda, aralar\u0131nda polis, g\u00fcmr\u00fck muhafaza memurlar\u0131 ve avukatlar\u0131n da bulundu\u011fu 50 \u015f\u00fcpheli g\u00f6zalt\u0131na al\u0131nd\u0131.<\/p>\n\n\n\n<p class=\"wp-block-paragraph\"><strong>&#8220;B\u0130LG\u0130 SIZDIRAN&#8221; KAMU G\u00d6REVL\u0130LER\u0130 DE\u015e\u0130FRE OLDU<\/strong><\/p>\n\n\n\n<p class=\"wp-block-paragraph\">Bak\u0131rk\u00f6y Cumhuriyet Ba\u015fsavc\u0131l\u0131\u011f\u0131 \u00d6rg\u00fctl\u00fc Su\u00e7lar Soru\u015fturma B\u00fcrosu taraf\u0131ndan y\u00fcr\u00fct\u00fclen soru\u015fturma, su\u00e7 \u00f6rg\u00fctlerinin devlet kurumlar\u0131 i\u00e7erisine uzanan kirli ellerini ortaya \u00e7\u0131kard\u0131.<\/p>\n\n\n\n<p class=\"wp-block-paragraph\">Yap\u0131lan titiz incelemelerde; \u00f6rg\u00fct y\u00f6netici ve \u00fcyelerinin, g\u00f6revlerini k\u00f6t\u00fcye kullanan baz\u0131 kamu g\u00f6revlilerinden kritik devlet verilerini s\u0131zd\u0131rd\u0131klar\u0131 tespit edildi.<\/p>\n\n\n\n<p class=\"wp-block-paragraph\">Su\u00e7 \u00f6rg\u00fctlerine aktar\u0131lan bilgiler aras\u0131nda \u015funlar yer al\u0131yor:<\/p>\n\n\n\n<ul class=\"wp-block-list\">\n<li>Su\u00e7, aranma ve yakalama kay\u0131tlar\u0131<\/li>\n\n\n\n<li>K\u0131rm\u0131z\u0131 b\u00fclten bilgileri<\/li>\n\n\n\n<li>Ara\u00e7 kay\u0131t sorgulamalar\u0131 ve g\u00fcmr\u00fck ge\u00e7i\u015f bilgileri<\/li>\n<\/ul>\n\n\n\n<p class=\"wp-block-paragraph\"><strong>12 \u0130LDE E\u015e ZAMANLI D\u00dc\u011eMEYE BASILDI<\/strong><\/p>\n\n\n\n<p class=\"wp-block-paragraph\">Soru\u015fturma kapsam\u0131nda d\u00fc\u011fmeye basan emniyet g\u00fc\u00e7leri; \u0130stanbul, Mu\u011fla, Bursa, Edirne, \u00c7anakkale, Sivas, Tekirda\u011f, Diyarbak\u0131r, \u0130zmir, Bal\u0131kesir, Ankara ve Kayseri olmak \u00fczere toplam 12 ilde e\u015f zamanl\u0131 bask\u0131nlar ger\u00e7ekle\u015ftirdi.<\/p>\n\n\n\n<p class=\"wp-block-paragraph\">Operasyonda g\u00f6zalt\u0131na al\u0131nan 50 \u015f\u00fcphelinin meslek gruplar\u0131 dikkat \u00e7ekti:<\/p>\n\n\n\n<ul class=\"wp-block-list\">\n<li>10 Polis Memuru<\/li>\n\n\n\n<li>15 G\u00fcmr\u00fck Muhafaza Memuru<\/li>\n\n\n\n<li>1 G\u00fcmr\u00fck Muhafaza M\u00fcd\u00fcr Yard\u0131mc\u0131s\u0131<\/li>\n\n\n\n<li>2 Denetimli Serbestlik Memuru<\/li>\n\n\n\n<li>1 Zab\u0131t Katibi<\/li>\n\n\n\n<li>2 Avukat<\/li>\n<\/ul>\n\n\n\n<p class=\"wp-block-paragraph\"><strong>BAKAN G\u00dcRLEK: M\u00dcSAMAHA G\u00d6STER\u0130LMEYECEK<\/strong><\/p>\n\n\n\n<p class=\"wp-block-paragraph\">Operasyona ili\u015fkin net mesajlar veren Adalet Bakan\u0131 Ak\u0131n G\u00fcrlek, kamu g\u00fcc\u00fcn\u00fcn \u00e7\u0131karlar i\u00e7in kullan\u0131lmas\u0131na izin verilmeyece\u011fini vurgulad\u0131.<\/p>\n\n\n\n<p class=\"wp-block-paragraph\">Bakan G\u00fcrlek a\u00e7\u0131klamas\u0131nda \u015fu ifadelere yer verdi:<\/p>\n\n\n\n<p class=\"wp-block-paragraph\"><em>&#8220;Devletin imk\u00e2nlar\u0131n\u0131 su\u00e7 \u00f6rg\u00fctlerinin hizmetine sunmaya, kamu g\u00f6revinin vakar\u0131n\u0131 ve milletimizin devlete olan g\u00fcvenini zedelemeye yeltenen kimseye m\u00fcsamaha g\u00f6sterilmeyecek; kamu g\u00fcc\u00fcn\u00fc ki\u015fisel ya da \u00f6rg\u00fctsel \u00e7\u0131karlar i\u00e7in kullanmaya te\u015febb\u00fcs eden hakk\u0131nda adli i\u015flemler gecikmeksizin tesis edilecektir.&#8221;<\/em><\/p>\n\n\n\n<p class=\"wp-block-paragraph\">Bakan G\u00fcrlek, operasyonu titizlikle y\u00fcr\u00fcten Bak\u0131rk\u00f6y Cumhuriyet Ba\u015fsavc\u0131l\u0131\u011f\u0131\u2019na, \u0130stanbul \u0130l Emniyet M\u00fcd\u00fcrl\u00fc\u011f\u00fc\u2019ne ve T\u00fcrk polis te\u015fkilat\u0131na te\u015fekk\u00fcr ederek, <em>&#8220;T\u00fcrkiye Y\u00fczy\u0131l\u0131\u2019nda hukuk devletinin g\u00fcc\u00fcn\u00fc, su\u00e7 \u00f6rg\u00fctlerinin kar\u015f\u0131s\u0131nda en kararl\u0131 \u015fekilde g\u00f6stermeye devam edece\u011fiz&#8221;<\/em> dedi.<\/p>\n\n\n\n<p class=\"wp-block-paragraph\">Bu formatta me<\/p>\n","protected":false},"excerpt":{"rendered":"<p>Adalet Bakan\u0131 Ak\u0131n G\u00fcrlek, yeni nesil su\u00e7 \u00f6rg\u00fctlerine bilgi s\u0131zd\u0131ran kirli ili\u015fki a\u011flar\u0131na y\u00f6nelik 12&#8230;<\/p>\n","protected":false},"author":1,"featured_media":3685,"comment_status":"closed","ping_status":"closed","sticky":false,"template":"","format":"standard","meta":{"footnotes":""},"categories":[59],"tags":[],"ppma_author":[57],"class_list":["post-3687","post","type-post","status-publish","format-standard","has-post-thumbnail","hentry","category-son-dakika"],"authors":[{"term_id":57,"user_id":1,"is_guest":0,"slug":"admin","display_name":"Alp Aslan","avatar_url":"https:\/\/secure.gravatar.com\/avatar\/07c18c5ad3350b025db8f3328450e071acb435c703e565899c880c63362f137a?s=96&d=mm&r=g","author_category":"1","first_name":"Alp Aslan","last_name":"ER\u0130N","user_url":"http:\/\/www.gundem59.com.tr","job_title":"","description":""}],"_links":{"self":[{"href":"https:\/\/gundem59.com.tr\/index.php?rest_route=\/wp\/v2\/posts\/3687","targetHints":{"allow":["GET"]}}],"collection":[{"href":"https:\/\/gundem59.com.tr\/index.php?rest_route=\/wp\/v2\/posts"}],"about":[{"href":"https:\/\/gundem59.com.tr\/index.php?rest_route=\/wp\/v2\/types\/post"}],"author":[{"embeddable":true,"href":"https:\/\/gundem59.com.tr\/index.php?rest_route=\/wp\/v2\/users\/1"}],"replies":[{"embeddable":true,"href":"https:\/\/gundem59.com.tr\/index.php?rest_route=%2Fwp%2Fv2%2Fcomments&post=3687"}],"version-history":[{"count":1,"href":"https:\/\/gundem59.com.tr\/index.php?rest_route=\/wp\/v2\/posts\/3687\/revisions"}],"predecessor-version":[{"id":3688,"href":"https:\/\/gundem59.com.tr\/index.php?rest_route=\/wp\/v2\/posts\/3687\/revisions\/3688"}],"wp:featuredmedia":[{"embeddable":true,"href":"https:\/\/gundem59.com.tr\/index.php?rest_route=\/wp\/v2\/media\/3685"}],"wp:attachment":[{"href":"https:\/\/gundem59.com.tr\/index.php?rest_route=%2Fwp%2Fv2%2Fmedia&parent=3687"}],"wp:term":[{"taxonomy":"category","embeddable":true,"href":"https:\/\/gundem59.com.tr\/index.php?rest_route=%2Fwp%2Fv2%2Fcategories&post=3687"},{"taxonomy":"post_tag","embeddable":true,"href":"https:\/\/gundem59.com.tr\/index.php?rest_route=%2Fwp%2Fv2%2Ftags&post=3687"},{"taxonomy":"author","embeddable":true,"href":"https:\/\/gundem59.com.tr\/index.php?rest_route=%2Fwp%2Fv2%2Fppma_author&post=3687"}],"curies":[{"name":"wp","href":"https:\/\/api.w.org\/{rel}","templated":true}]}}