{"id":3679,"date":"2026-07-20T10:47:28","date_gmt":"2026-07-20T10:47:28","guid":{"rendered":"https:\/\/gundem59.com.tr\/?p=3679"},"modified":"2026-07-20T10:47:28","modified_gmt":"2026-07-20T10:47:28","slug":"ak-parti-genel-baskan-yardimcisi-usta-acikladi-vekil-dokunulmazligi-kalkacak-mi","status":"publish","type":"post","link":"https:\/\/gundem59.com.tr\/?p=3679","title":{"rendered":"Ak Parti Genel Ba\u015fkan Yard\u0131mc\u0131s\u0131 Usta a\u00e7\u0131klad\u0131: Vekil dokunulmazl\u0131\u011f\u0131 kalkacak m\u0131?"},"content":{"rendered":"\n<p class=\"wp-block-paragraph\">AK Parti Genel Ba\u015fkan Yard\u0131mc\u0131s\u0131 Leyla \u015eahin Usta, TBMM&#8217;nin yasama y\u0131l\u0131 sona ermeden g\u00fcndemdeki d\u00fczenlemeleri tamamlamay\u0131 hedeflediklerini belirtti.<\/p>\n\n\n\n<p class=\"wp-block-paragraph\">Kamuoyunda g\u00fcndeme gelen ve aralar\u0131nda CHP Grup Ba\u015fkan\u0131 \u00d6zg\u00fcr \u00d6zel&#8217;in de bulundu\u011fu CHP&#8217;li vekillerin dokunulmazl\u0131klar\u0131n\u0131n kald\u0131r\u0131laca\u011f\u0131 y\u00f6n\u00fcndeki tart\u0131\u015fmalara da de\u011finen Usta, \u015fu a\u015famada TBMM g\u00fcndeminde milletvekili dokunulmazl\u0131klar\u0131n\u0131n kald\u0131r\u0131lmas\u0131na y\u00f6nelik herhangi bir \u00e7al\u0131\u015fman\u0131n bulunmad\u0131\u011f\u0131n\u0131 ifade etti.AK Parti Genel Ba\u015fkan Yard\u0131mc\u0131s\u0131 Leyla \u015eahin Usta, TBMM&#8217;nin yasama y\u0131l\u0131 sona ermeden g\u00fcndemdeki d\u00fczenlemeleri tamamlamay\u0131 hedeflediklerini belirterek, Meclis&#8217;in Temmuz ay\u0131 sonu veya en ge\u00e7 A\u011fustos ay\u0131 ba\u015f\u0131nda tatile girmesinin planland\u0131\u011f\u0131n\u0131 s\u00f6yledi.<\/p>\n\n\n\n<figure class=\"wp-block-image size-full\"><img  title=\"\" loading=\"lazy\" decoding=\"async\" width=\"640\" height=\"480\" src=\"https:\/\/gundem59.com.tr\/wp-content\/uploads\/2026\/07\/ak-parti-genel-baskan-yardimci-19116993-1019_1_m.webp\"  alt=\"ak-parti-genel-baskan-yardimci-19116993-1019_1_m Ak Parti Genel Ba\u015fkan Yard\u0131mc\u0131s\u0131 Usta a\u00e7\u0131klad\u0131: Vekil dokunulmazl\u0131\u011f\u0131 kalkacak m\u0131?\"  class=\"wp-image-3681\" srcset=\"https:\/\/gundem59.com.tr\/wp-content\/uploads\/2026\/07\/ak-parti-genel-baskan-yardimci-19116993-1019_1_m.webp 640w, https:\/\/gundem59.com.tr\/wp-content\/uploads\/2026\/07\/ak-parti-genel-baskan-yardimci-19116993-1019_1_m-300x225.webp 300w\" sizes=\"auto, (max-width: 640px) 100vw, 640px\" \/><\/figure>\n\n\n\n<p class=\"wp-block-paragraph\">M\u0130LLETVEK\u0130L\u0130 DOKUNULMAZLIKLARI G\u00dcNDEMDE M\u0130?<\/p>\n\n\n\n<p class=\"wp-block-paragraph\">Kamuoyunda g\u00fcndeme gelen dokunulmazl\u0131k tart\u0131\u015fmalar\u0131na ili\u015fkin de\u011ferlendirmelerde bulunan Usta, \u015fu a\u015famada TBMM g\u00fcndeminde milletvekili dokunulmazl\u0131klar\u0131n\u0131n kald\u0131r\u0131lmas\u0131na y\u00f6nelik herhangi bir \u00e7al\u0131\u015fman\u0131n bulunmad\u0131\u011f\u0131n\u0131 ifade etti.Dokunulmazl\u0131k s\u00fcre\u00e7lerinin hukuki prosed\u00fcre ba\u011fl\u0131 olarak ilerledi\u011fini belirten Usta, savc\u0131l\u0131klar\u0131n y\u00fcr\u00fctt\u00fc\u011f\u00fc soru\u015fturmalar sonucunda fezlekelerin haz\u0131rlan\u0131p Meclis&#8217;e g\u00f6nderilmesi gerekti\u011fini, ancak bu a\u015famaya ili\u015fkin \u015fu anda Meclis g\u00fcndeminde somut bir dosyan\u0131n bulunmad\u0131\u011f\u0131n\u0131 kaydetti.Usta, bu nedenle k\u0131sa vadede dokunulmazl\u0131klar\u0131n kald\u0131r\u0131lmas\u0131na y\u00f6nelik bir g\u00fcndem beklemediklerini s\u00f6yledi.TBMM&#8217;nin ola\u011fan \u00e7al\u0131\u015fma takviminin devam etti\u011fini belirten Usta, ihtiya\u00e7 duyulmas\u0131 halinde &#8220;Ter\u00f6rs\u00fcz T\u00fcrkiye&#8221; s\u00fcreci kapsam\u0131nda Meclis&#8217;in ola\u011fan\u00fcst\u00fc toplant\u0131ya \u00e7a\u011fr\u0131labilece\u011fini ifade etti.<\/p>\n\n\n\n<figure class=\"wp-block-image size-full\"><img  title=\"\" loading=\"lazy\" decoding=\"async\" width=\"640\" height=\"360\" src=\"https:\/\/gundem59.com.tr\/wp-content\/uploads\/2026\/07\/ak-parti-genel-baskan-yardimci-32187801-6924_1_m.webp\"  alt=\"ak-parti-genel-baskan-yardimci-32187801-6924_1_m Ak Parti Genel Ba\u015fkan Yard\u0131mc\u0131s\u0131 Usta a\u00e7\u0131klad\u0131: Vekil dokunulmazl\u0131\u011f\u0131 kalkacak m\u0131?\"  class=\"wp-image-3682\" srcset=\"https:\/\/gundem59.com.tr\/wp-content\/uploads\/2026\/07\/ak-parti-genel-baskan-yardimci-32187801-6924_1_m.webp 640w, https:\/\/gundem59.com.tr\/wp-content\/uploads\/2026\/07\/ak-parti-genel-baskan-yardimci-32187801-6924_1_m-300x169.webp 300w\" sizes=\"auto, (max-width: 640px) 100vw, 640px\" \/><\/figure>\n\n\n\n<p class=\"wp-block-paragraph\">&#8220;TER\u00d6RS\u00dcZ T\u00dcRK\u0130YE&#8221; S\u00dcREC\u0130 DE\u011eERLEND\u0130RMES\u0130<\/p>\n\n\n\n<p class=\"wp-block-paragraph\">AK Parti Genel Ba\u015fkan Yard\u0131mc\u0131s\u0131 Leyla \u015eahin Usta, &#8220;Ter\u00f6rs\u00fcz T\u00fcrkiye&#8221; s\u00fcrecine ili\u015fkin de\u011ferlendirmelerde bulunarak, T\u00fcrkiye&#8217;nin uzun y\u0131llard\u0131r \u00e7\u00f6z\u00fclemeyen en \u00f6nemli meselelerinden biri olarak g\u00f6r\u00fclen ter\u00f6r sorununun, Cumhurba\u015fkan\u0131 Recep Tayyip Erdo\u011fan ile MHP Genel Ba\u015fkan\u0131 Devlet Bah\u00e7eli&#8217;nin ortaya koydu\u011fu g\u00fc\u00e7l\u00fc irade sayesinde \u00f6nemli bir a\u015famaya geldi\u011fini s\u00f6yledi.S\u00fcre\u00e7 kapsam\u0131nda kurulan komisyonun kapsaml\u0131 bir \u00e7al\u0131\u015fma y\u00fcr\u00fctt\u00fc\u011f\u00fcn\u00fc belirten Usta, haz\u0131rlanan raporun uzla\u015f\u0131yla ortaya \u00e7\u0131kt\u0131\u011f\u0131n\u0131 ifade ederek, raporda yer alan tespitlerin T\u00fcrkiye&#8217;nin gelece\u011fi a\u00e7\u0131s\u0131ndan \u00f6nemli oldu\u011funu dile getirdi.Ter\u00f6rs\u00fcz T\u00fcrkiye denildi\u011finde ilk akla gelen konunun silah b\u0131rakma s\u00fcreci oldu\u011funu vurgulayan Usta, bu konuda \u00e7e\u015fitli ad\u0131mlar\u0131n at\u0131ld\u0131\u011f\u0131n\u0131 ve kamuoyunun bunlar\u0131 yak\u0131ndan takip etti\u011fini belirtti. S\u00fcrecin yaln\u0131zca T\u00fcrkiye i\u00e7in de\u011fil, t\u00fcm b\u00f6lge a\u00e7\u0131s\u0131ndan b\u00fcy\u00fck \u00f6nem ta\u015f\u0131d\u0131\u011f\u0131n\u0131 ifade eden Usta, Suriye&#8217;de bar\u0131\u015f ve huzur ortam\u0131n\u0131n olu\u015fmaya ba\u015flamas\u0131n\u0131n da bu geli\u015fmelerle ba\u011flant\u0131l\u0131 oldu\u011funu s\u00f6yledi.T\u00fcrkiye&#8217;nin s\u0131n\u0131rlar\u0131 i\u00e7inde huzur ve g\u00fcven ortam\u0131n\u0131n bulundu\u011funu kaydeden Usta, \u00fclkeye y\u00f6nelik tehdit olu\u015fturabilecek unsurlar\u0131n s\u0131n\u0131r \u00f6tesinde de tamamen ortadan kald\u0131r\u0131lmas\u0131 konusunda kararl\u0131 olduklar\u0131n\u0131 dile getirdi.<\/p>\n\n\n\n<p class=\"wp-block-paragraph\">YASAL D\u00dcZENLEME \u00c7ALI\u015eMALARI<\/p>\n\n\n\n<p class=\"wp-block-paragraph\">TBMM&#8217;de y\u00fcr\u00fct\u00fclen yasal d\u00fczenleme \u00e7al\u0131\u015fmalar\u0131na da de\u011finen Usta, haz\u0131rl\u0131klar\u0131n tek bir partinin \u00f6nerileriyle de\u011fil, t\u00fcm siyasi partilerin uzla\u015f\u0131s\u0131yla y\u00fcr\u00fct\u00fclmesinin hedeflendi\u011fini belirtti. G\u00f6r\u00fc\u015fmelerin s\u00fcrd\u00fc\u011f\u00fcn\u00fc ifade eden Usta, T\u00fcrkiye&#8217;nin ve b\u00f6lgenin \u00f6n\u00fcn\u00fc a\u00e7acak d\u00fczenlemelerin hayata ge\u00e7irilece\u011fine inand\u0131\u011f\u0131n\u0131 s\u00f6yledi.\u00c7al\u0131\u015fmalar\u0131n Meclis tatile girmeden tamamlanabilece\u011fini belirten Usta, gerekmesi halinde TBMM&#8217;nin ola\u011fan\u00fcst\u00fc toplant\u0131ya \u00e7a\u011fr\u0131larak d\u00fczenlemelerin g\u00f6r\u00fc\u015f\u00fclebilece\u011fini de ifade etti.S\u00fcrecin temel amac\u0131n\u0131n PKK&#8217;n\u0131n tamamen silah b\u0131rakmas\u0131 ve ter\u00f6r \u00f6rg\u00fct\u00fc olarak varl\u0131\u011f\u0131n\u0131n sona ermesi oldu\u011funu vurgulayan Usta, silahl\u0131 m\u00fccadelenin sona ermesinin yan\u0131nda yeni yap\u0131lanmalar\u0131n olu\u015fmamas\u0131 i\u00e7in de gerekli hukuki d\u00fczenlemelerin yap\u0131laca\u011f\u0131n\u0131 s\u00f6yledi. DEM Parti&#8217;nin baz\u0131 taleplerinin bulundu\u011funu hat\u0131rlatan Usta, demokratikle\u015fme ve siyasal s\u00fcre\u00e7lere ili\u015fkin taleplerin ortak ak\u0131lla de\u011ferlendirilece\u011fini kaydetti.GENEL AF OLACAK MI?<\/p>\n\n\n\n<p class=\"wp-block-paragraph\">Genel af beklentilerine ili\u015fkin soruyu da yan\u0131tlayan Usta, devletin kendisine kar\u015f\u0131 i\u015flenmi\u015f baz\u0131 su\u00e7lar\u0131 affedebilece\u011fini ancak ki\u015filere kar\u015f\u0131 i\u015flenen su\u00e7larda ma\u011fdur haklar\u0131n\u0131n g\u00f6zetilmesi gerekti\u011fini belirtti. Bu nedenle kamuoyunda dile getirilen genel af beklentilerinin do\u011fru de\u011ferlendirilmesi gerekti\u011fini ifade eden Usta, y\u00fcr\u00fct\u00fclen \u00e7al\u0131\u015fmalar\u0131n esas olarak PKK, YPG ve PYD gibi ter\u00f6r \u00f6rg\u00fctlerinin tamamen tasfiye edilmesine y\u00f6nelik oldu\u011funu s\u00f6yledi.FET\u00d6 ve Kanun H\u00fckm\u00fcnde Kararnameler (KHK) ile ilgili herhangi bir d\u00fczenleme haz\u0131rl\u0131\u011f\u0131n\u0131n bulunmad\u0131\u011f\u0131n\u0131 da vurgulayan Usta, 15 Temmuz darbe giri\u015fiminin unutulmayaca\u011f\u0131n\u0131 ve unutturulmayaca\u011f\u0131n\u0131 belirterek, darbe giri\u015fimi kapsam\u0131nda i\u015flenen su\u00e7larla ilgili herhangi bir af ya da benzeri bir \u00e7al\u0131\u015fman\u0131n g\u00fcndemde olmad\u0131\u011f\u0131n\u0131 ifade etti.Leyla \u015eahin Usta, y\u00fcr\u00fct\u00fclen temaslar ve ziyaretlerin s\u00fcrecin gelece\u011fi a\u00e7\u0131s\u0131ndan belirleyici olaca\u011f\u0131n\u0131 belirterek, nihai de\u011ferlendirmenin bu g\u00f6r\u00fc\u015fmelerin sonu\u00e7lar\u0131na g\u00f6re yap\u0131laca\u011f\u0131n\u0131 s\u00f6yledi.<\/p>\n\n\n\n<p class=\"wp-block-paragraph\">&#8220;SAHADAN GELEN OLUMLU B\u0130LG\u0130LER S\u00dcREC\u0130N \u0130LERLED\u0130\u011e\u0130N\u0130 G\u00d6STER\u0130YOR&#8221;<\/p>\n\n\n\n<p class=\"wp-block-paragraph\">AK Parti Genel Ba\u015fkan Yard\u0131mc\u0131s\u0131 Leyla \u015eahin Usta, &#8220;Ter\u00f6rs\u00fcz T\u00fcrkiye&#8221; s\u00fcrecinin devlet kurumlar\u0131n\u0131n koordinasyonunda y\u00fcr\u00fct\u00fcld\u00fc\u011f\u00fcn\u00fc belirterek, sahadaki geli\u015fmelerin Milli \u0130stihbarat Te\u015fkilat\u0131 (M\u0130T), \u0130\u00e7i\u015fleri Bakanl\u0131\u011f\u0131 ve Milli Savunma Bakanl\u0131\u011f\u0131 taraf\u0131ndan yak\u0131ndan takip edildi\u011fini s\u00f6yledi.Silah b\u0131rakma s\u00fcrecinin yaln\u0131zca kamuoyunun izledi\u011fi g\u00f6r\u00fcnt\u00fclerden ibaret olmad\u0131\u011f\u0131n\u0131 ifade eden Usta, \u00f6rg\u00fct mensuplar\u0131n\u0131n bar\u0131nma ve ya\u015fam alan\u0131 olarak kulland\u0131klar\u0131 b\u00f6lgelerden de tamamen \u00e7ekilmelerinin s\u00fcrecin \u00f6nemli unsurlar\u0131ndan biri oldu\u011funu dile getirdi.Sahadan gelen bilgilerin de\u011ferlendirilmesiyle s\u00fcrecin bug\u00fcnk\u00fc a\u015famaya ula\u015ft\u0131\u011f\u0131n\u0131 belirten Usta, TBMM AK Parti Grup Ba\u015fkan\u0131 Abdullah G\u00fcler&#8217;in siyasi parti ziyaretlerine yeniden ba\u015flamas\u0131 ve Cumhurba\u015fkan\u0131 Recep Tayyip Erdo\u011fan&#8217;\u0131n yasal d\u00fczenlemenin bir an \u00f6nce tamamlanmas\u0131na y\u00f6nelik a\u00e7\u0131klamalar\u0131n\u0131n da olumlu geli\u015fmelere i\u015faret etti\u011fini d\u00fc\u015f\u00fcnd\u00fc\u011f\u00fcn\u00fc s\u00f6yledi.DEM Parti&#8217;nin s\u00fcre\u00e7 kapsam\u0131nda \u00e7e\u015fitli \u00f6neri ve taleplerini dile getirdi\u011fini belirten Usta, bu taleplerin g\u00f6r\u00fc\u015f\u00fclebilece\u011fini ancak devletin y\u00fcr\u00fctt\u00fc\u011f\u00fc \u00e7al\u0131\u015fmalar\u0131n ayr\u0131nt\u0131lar\u0131na ili\u015fkin bilgi sahibi olmad\u0131\u011f\u0131 konularda de\u011ferlendirme yapmas\u0131n\u0131n do\u011fru olmayaca\u011f\u0131n\u0131 ifade etti.\u00d6rg\u00fct\u00fcn \u00fcst d\u00fczey y\u00f6neticileriyle ilgili soruya da yan\u0131t veren Usta, kamuoyuna yans\u0131yan silah b\u0131rakma g\u00f6r\u00fcnt\u00fclerinde \u00f6rg\u00fct\u00fcn \u00fcst d\u00fczey isimlerinin de yer almas\u0131n\u0131n \u00f6nemli bir geli\u015fme oldu\u011funu s\u00f6yledi. Nihai hedefin Kandil&#8217;in de tamamen etkisiz hale getirilmesi ve b\u00f6lgenin ter\u00f6r \u00f6rg\u00fctleri taraf\u0131ndan kullan\u0131lmas\u0131n\u0131n sona erdirilmesi oldu\u011funu belirten Usta, sahada kaydedilen ilerlemelerin s\u00fcrecin bu noktaya gelmesinde etkili oldu\u011funu ifade etti.S\u00fcrecin hangi noktaya ula\u015faca\u011f\u0131n\u0131n ger\u00e7ekle\u015ftirilen ziyaretlerin ard\u0131ndan netle\u015fece\u011fini ifade eden Usta, \u015fu a\u015famada \u00fczerinde uzla\u015f\u0131lm\u0131\u015f bir tasla\u011f\u0131n bulundu\u011funu s\u00f6ylemenin do\u011fru olmayaca\u011f\u0131n\u0131 dile getirdi. \u00c7al\u0131\u015fmalar\u0131n devam etti\u011fini belirten Usta, s\u00fcrecin sonucunun yap\u0131lan g\u00f6r\u00fc\u015fmelerin tamamlanmas\u0131n\u0131n ard\u0131ndan kamuoyuyla birlikte g\u00f6r\u00fclece\u011fini kaydetti.<\/p>\n\n\n\n<p class=\"wp-block-paragraph\">&#8220;YEN\u0130 ANAYASA TOPLUMSAL UZLA\u015eIYLA HAZIRLANMALI&#8221;<\/p>\n\n\n\n<p class=\"wp-block-paragraph\">AK Parti Genel Ba\u015fkan Yard\u0131mc\u0131s\u0131 Leyla \u015eahin Usta, yeni anayasa \u00e7al\u0131\u015fmalar\u0131na ili\u015fkin de\u011ferlendirmelerde bulunarak, T\u00fcrkiye&#8217;nin sivil, \u00f6zg\u00fcrl\u00fck\u00e7\u00fc ve toplumsal uzla\u015f\u0131ya dayal\u0131 bir anayasaya ihtiya\u00e7 duydu\u011funu s\u00f6yledi.Meclis&#8217;teki mevcut aritmeti\u011fin anayasa de\u011fi\u015fikli\u011fi i\u00e7in geni\u015f mutabakat\u0131 zorunlu k\u0131ld\u0131\u011f\u0131n\u0131 belirten Usta, yeni anayasa s\u00fcrecinde Cumhurba\u015fkanl\u0131\u011f\u0131 H\u00fck\u00fcmet Sistemi dahil olmak \u00fczere t\u00fcm ba\u015fl\u0131klar\u0131n tart\u0131\u015fmaya a\u00e7\u0131k oldu\u011funu ifade etti. Ancak \u015fu a\u015famada \u00fczerinde uzla\u015f\u0131lm\u0131\u015f bir taslak metinden s\u00f6z etmenin m\u00fcmk\u00fcn olmad\u0131\u011f\u0131n\u0131 dile getirdi.1982 Anayasas\u0131&#8217;n\u0131n darbe d\u00f6neminin \u00fcr\u00fcn\u00fc oldu\u011funu vurgulayan Usta, T\u00fcrkiye&#8217;nin askeri vesayet anlay\u0131\u015f\u0131ndan tamamen kurtulmas\u0131 gerekti\u011fini belirterek, daha k\u0131sa, sade ve vatanda\u015f\u0131n sorunlar\u0131na \u00e7\u00f6z\u00fcm \u00fcreten bir anayasan\u0131n hedeflendi\u011fini s\u00f6yledi.Cumhurba\u015fkanl\u0131\u011f\u0131 se\u00e7im sistemi ve &#8220;y\u00fczde 50+1&#8221; \u015fart\u0131na ili\u015fkin tart\u0131\u015fmalar\u0131n da de\u011ferlendirmeler kapsam\u0131nda ele al\u0131nd\u0131\u011f\u0131n\u0131 ifade eden Usta, Cumhurba\u015fkan\u0131 Recep Tayyip Erdo\u011fan&#8217;\u0131n a\u00e7\u0131klad\u0131\u011f\u0131 gibi se\u00e7imlerin 2028 y\u0131l\u0131nda zaman\u0131nda yap\u0131laca\u011f\u0131n\u0131 s\u00f6yledi.Parlamenter sisteme d\u00f6n\u00fc\u015f tart\u0131\u015fmalar\u0131n\u0131 de\u011ferlendiren Usta ise Cumhurba\u015fkanl\u0131\u011f\u0131 H\u00fck\u00fcmet Sistemi&#8217;nin T\u00fcrkiye&#8217;nin karar alma s\u00fcre\u00e7lerini h\u0131zland\u0131rd\u0131\u011f\u0131n\u0131 ve \u00fclkenin ba\u015far\u0131lar\u0131na \u00f6nemli katk\u0131 sa\u011flad\u0131\u011f\u0131n\u0131 savundu.<\/p>\n\n\n\n<p class=\"wp-block-paragraph\">&#8220;MECL\u0130S&#8217;TEK\u0130 EN B\u00dcY\u00dcK SORUN\u2026&#8221;<\/p>\n\n\n\n<p class=\"wp-block-paragraph\">TBMM&#8217;nin yasama faaliyetlerine ili\u015fkin de\u011ferlendirmelerde de bulunan Usta, Meclis&#8217;teki en b\u00fcy\u00fck sorunun siyasi polemiklerin kanun yapma \u00e7al\u0131\u015fmalar\u0131n\u0131n \u00f6n\u00fcne ge\u00e7mesi oldu\u011funu s\u00f6yledi. Muhalefetin bir\u00e7ok d\u00fczenlemeye yap\u0131c\u0131 katk\u0131 sunmak yerine engellemeye y\u00f6nelik bir tutum sergiledi\u011fini \u00f6ne s\u00fcren Usta, bu durumun yasama faaliyetlerini olumsuz etkiledi\u011fini ifade etti.Kanun tekliflerinin haz\u0131rlanma s\u00fcrecinde kapsaml\u0131 \u00e7al\u0131\u015fmalar y\u00fcr\u00fct\u00fcld\u00fc\u011f\u00fcn\u00fc belirten Usta, d\u00fczenlemelerin etki analizlerinin yap\u0131ld\u0131\u011f\u0131n\u0131, ilgili kurumlarla isti\u015fare edildi\u011fini ve vatanda\u015f\u0131n g\u00fcnl\u00fck ya\u015fam\u0131na etkilerinin dikkate al\u0131nd\u0131\u011f\u0131n\u0131 s\u00f6yledi.Cumhurba\u015fkanl\u0131\u011f\u0131 H\u00fck\u00fcmet Sistemi&#8217;nin geli\u015ftirilebilece\u011fini de dile getiren Usta, yasama ve y\u00fcr\u00fctme aras\u0131ndaki i\u015fleyi\u015fi g\u00fc\u00e7lendirecek d\u00fczenlemelerin her zaman tart\u0131\u015f\u0131labilece\u011fini ifade etti.Milletvekillerinin Genel Kurul \u00e7al\u0131\u015fmalar\u0131na ilgisiz oldu\u011fu y\u00f6n\u00fcndeki ele\u015ftirileri de de\u011ferlendiren Usta, \u00f6zellikle iktidar milletvekillerinin yasama faaliyetlerine yo\u011fun emek verdi\u011fini belirterek, bu y\u00f6ndeki de\u011ferlendirmelere kat\u0131lmad\u0131\u011f\u0131n\u0131 s\u00f6yledi.<\/p>\n\n\n\n<p class=\"wp-block-paragraph\">GEL\u0130R DESTEK PROGRAMI<\/p>\n\n\n\n<p class=\"wp-block-paragraph\">AK Parti Genel Ba\u015fkan Yard\u0131mc\u0131s\u0131 Leyla \u015eahin Usta, anayasa de\u011fi\u015fikli\u011fi, ekonomi ve sosyal destek politikalar\u0131na ili\u015fkin de\u011ferlendirmelerde bulundu.Yeni anayasa \u00e7al\u0131\u015fmalar\u0131nda uzla\u015fma sa\u011flanmas\u0131 halinde referanduma gidilebilece\u011fini belirten Usta, anayasa de\u011fi\u015fikli\u011fi i\u00e7in gerekli Meclis \u00e7o\u011funlu\u011funun sa\u011flanamamas\u0131 durumunda halk oylamas\u0131n\u0131n anayasal bir se\u00e7enek oldu\u011funu s\u00f6yledi. AK Parti&#8217;nin ge\u00e7mi\u015fte de referandum yoluyla \u00f6nemli anayasal de\u011fi\u015fiklikleri milletin onay\u0131na sundu\u011funu hat\u0131rlatan Usta, ihtiya\u00e7 duyulmas\u0131 halinde ayn\u0131 y\u00f6ntemin yeniden uygulanabilece\u011fini ifade etti.Ekonominin h\u00fck\u00fcmetin \u00f6ncelikli g\u00fcndem maddelerinden biri oldu\u011funu belirten Usta, yaln\u0131zca emekliler ve asgari \u00fccretlilerin de\u011fil, toplumun t\u00fcm kesimlerinin ekonomik beklentilerinin fark\u0131nda olduklar\u0131n\u0131 s\u00f6yledi.B\u00f6lgesel geli\u015fmelerin ekonomiyi do\u011frudan etkiledi\u011fini dile getiren Usta, enerji alan\u0131nda d\u0131\u015fa ba\u011f\u0131ml\u0131l\u0131\u011f\u0131n azalt\u0131lmas\u0131 amac\u0131yla petrol ve do\u011fal gaz arama faaliyetlerinin b\u00fcy\u00fck \u00f6nem ta\u015f\u0131d\u0131\u011f\u0131n\u0131 vurgulad\u0131. Enflasyonla m\u00fccadelenin kararl\u0131l\u0131kla s\u00fcrd\u00fcr\u00fcld\u00fc\u011f\u00fcn\u00fc belirten Usta, k\u00fcresel \u015fartlar\u0131n iyile\u015fmesiyle birlikte T\u00fcrkiye ekonomisinde de rahatlama ya\u015fanaca\u011f\u0131n\u0131 ifade etti.<\/p>\n\n\n\n<p class=\"wp-block-paragraph\">EMEKL\u0130 MAA\u015eI D\u00dcZENLEMES\u0130<\/p>\n\n\n\n<p class=\"wp-block-paragraph\">Emekli maa\u015flar\u0131na ili\u015fkin d\u00fczenlemelerin Maliye Paketi kapsam\u0131nda ele al\u0131naca\u011f\u0131n\u0131 kaydeden Usta, bunun yan\u0131nda sosyal destek sistemini yeniden yap\u0131land\u0131racak kapsaml\u0131 bir &#8220;gelir destek program\u0131&#8221; \u00fczerinde \u00e7al\u0131\u015ft\u0131klar\u0131n\u0131 a\u00e7\u0131klad\u0131.Haz\u0131rlanan program\u0131n yaln\u0131zca emeklileri de\u011fil, ekonomik deste\u011fe ihtiya\u00e7 duyan t\u00fcm haneleri kapsayaca\u011f\u0131n\u0131 belirten Usta, ailelerin gelir durumu, kira y\u00fck\u00fc, \u00e7ocuk say\u0131s\u0131 ve e\u011fitim gibi sosyal kriterlerin dikkate al\u0131naca\u011f\u0131 yeni bir destek modeli olu\u015fturuldu\u011funu s\u00f6yledi.Desteklerin herkese e\u015fit \u015fekilde da\u011f\u0131t\u0131lmas\u0131 yerine, ger\u00e7ek ihtiya\u00e7 sahiplerine y\u00f6nelik planland\u0131\u011f\u0131n\u0131 ifade eden Usta, y\u00fcksek gelirli emekliler ile d\u00fc\u015f\u00fck gelirli vatanda\u015flar aras\u0131nda adaletin g\u00f6zetilece\u011fini belirtti.Program\u0131n temel hedefinin aileyi g\u00fc\u00e7lendirmek oldu\u011funu vurgulayan Usta, kira deste\u011fi, e\u011fitim deste\u011fi ve benzeri sosyal yard\u0131mlar\u0131n hane bazl\u0131 de\u011ferlendirmeler sonucunda sa\u011flanaca\u011f\u0131n\u0131 kaydetti.\u00c7al\u0131\u015fmalar\u0131n yaz boyunca devam edece\u011fini ifade eden Usta, s\u00f6z konusu gelir destek program\u0131n\u0131n TBMM&#8217;nin yeni yasama d\u00f6neminde ele al\u0131nacak \u00f6ncelikli d\u00fczenlemeler aras\u0131nda yer almas\u0131n\u0131n planland\u0131\u011f\u0131n\u0131 s\u00f6yledi.\u0130stihdam\u0131n da program\u0131n \u00f6nemli ayaklar\u0131ndan biri olaca\u011f\u0131n\u0131 belirten Usta, \u00e7al\u0131\u015fabilecek durumda olan ki\u015filerin \u00f6ncelikle uygun i\u015f imkanlar\u0131na y\u00f6nlendirilece\u011fini, buna ra\u011fmen istihdam sa\u011flanamamas\u0131 halinde sosyal destek mekanizmalar\u0131n\u0131n devreye girece\u011fini ifade etti.<\/p>\n\n\n\n<p class=\"wp-block-paragraph\">YASA DI\u015eI BAH\u0130SLE M\u00dcCADELEDE YEN\u0130 D\u00d6NEM<\/p>\n\n\n\n<p class=\"wp-block-paragraph\">AK Parti Genel Ba\u015fkan Yard\u0131mc\u0131s\u0131 Leyla \u015eahin Usta, yasa d\u0131\u015f\u0131 bahis ve kumarla m\u00fccadele kapsam\u0131nda yeni yasal d\u00fczenlemeler \u00fczerinde \u00e7al\u0131\u015f\u0131ld\u0131\u011f\u0131n\u0131 belirterek, dijital platformlar \u00fczerinden y\u00fcr\u00fct\u00fclen faaliyetlerin denetlenmesinin k\u00fcresel \u00f6l\u00e7ekte \u00f6nemli bir sorun oldu\u011funu s\u00f6yledi.Yasa d\u0131\u015f\u0131 bahsin zaten su\u00e7 oldu\u011funu hat\u0131rlatan Usta, as\u0131l g\u00fc\u00e7l\u00fc\u011f\u00fcn dijital ortamda bu faaliyetlerin \u00f6nlenmesi oldu\u011funu ifade etti. \u0130lgili platformlarla g\u00f6r\u00fc\u015fmelerin s\u00fcrd\u00fc\u011f\u00fcn\u00fc belirten Usta, yasal bahis uygulamalar\u0131n\u0131n kapsam\u0131na ili\u015fkin farkl\u0131 se\u00e7eneklerin de\u011ferlendirildi\u011fini ancak bu konuda dengeli bir yakla\u015f\u0131m\u0131n gerekli oldu\u011funu dile getirdi.Yasal bahis alan\u0131n\u0131n a\u015f\u0131r\u0131 daralt\u0131lmas\u0131n\u0131n kullan\u0131c\u0131lar\u0131 yasa d\u0131\u015f\u0131 platformlara y\u00f6nlendirebilece\u011fine i\u015faret eden Usta, bu nedenle yaln\u0131zca cezai d\u00fczenlemelerin de\u011fil, bilin\u00e7lendirme ve \u00f6nleyici tedbirlerin de \u00f6nem ta\u015f\u0131d\u0131\u011f\u0131n\u0131 vurgulad\u0131.<\/p>\n\n\n\n<p class=\"wp-block-paragraph\">USTA&#8217;DAN &#8220;AHBAP SORU\u015eTURMASI&#8221; DE\u011eERLEND\u0130RMES\u0130<\/p>\n\n\n\n<p class=\"wp-block-paragraph\">Deprem d\u00f6neminde faaliyet g\u00f6steren Ahbap Derne\u011fi&#8217;ne ili\u015fkin de\u011ferlendirmelerde de bulunan Usta, Kahramanmara\u015f merkezli depremlerin ard\u0131ndan Hatay&#8217;da g\u00f6rev yapt\u0131\u011f\u0131n\u0131 belirterek, b\u00f6lgede yapt\u0131\u011f\u0131 ziyaretlerde Ahbap taraf\u0131ndan ula\u015ft\u0131r\u0131ld\u0131\u011f\u0131 belirtilen yard\u0131mlara do\u011frudan rastlamad\u0131\u011f\u0131n\u0131 s\u00f6yledi.Deprem s\u00fcrecinde baz\u0131 sivil olu\u015fumlara duyulan g\u00fcvenin devlet kurumlar\u0131na olan g\u00fcveni zedeledi\u011fini \u00f6ne s\u00fcren Usta, vatanda\u015flar\u0131n resmi kurumlara g\u00fcven duymas\u0131n\u0131n \u00f6nemine dikkat \u00e7ekti.K\u0131z\u0131lay&#8217;a y\u00f6nelik ele\u015ftirileri de de\u011ferlendiren Usta, deprem d\u00f6neminde kamuoyunda tart\u0131\u015f\u0131lan \u00e7ad\u0131r sat\u0131\u015f\u0131yla ilgili olay\u0131n yanl\u0131\u015f oldu\u011funun d\u00f6nemin y\u00f6neticileri taraf\u0131ndan da kabul edildi\u011fini ve gerekli idari i\u015flemlerin yap\u0131ld\u0131\u011f\u0131n\u0131 ifade etti.Buna ra\u011fmen K\u0131z\u0131lay&#8217;\u0131n devlet ve millet ad\u0131na faaliyet g\u00f6steren k\u00f6kl\u00fc bir kurum oldu\u011funu belirten Usta, ya\u015fanan m\u00fcnferit olaylar \u00fczerinden kurumun tamam\u0131n\u0131n y\u0131prat\u0131lmas\u0131n\u0131n do\u011fru olmad\u0131\u011f\u0131n\u0131 savundu.Deprem s\u00fcrecinde kamuoyunda dola\u015f\u0131ma sokulan baz\u0131 bilgi ve iddialar\u0131n sahada pani\u011fe neden oldu\u011funu ifade eden Usta, afet d\u00f6nemlerinde do\u011frulanmam\u0131\u015f bilgilerin payla\u015f\u0131lmas\u0131n\u0131n hem arama kurtarma \u00e7al\u0131\u015fmalar\u0131n\u0131 hem de vatanda\u015flar\u0131n g\u00fcvenli\u011fini olumsuz etkileyebilece\u011fini s\u00f6yledi.<\/p>\n\n\n\n<p class=\"wp-block-paragraph\">D\u0130J\u0130TAL HESAPLARIN HESAP VEREB\u0130L\u0130RL\u0130\u011e\u0130<\/p>\n\n\n\n<p class=\"wp-block-paragraph\">\u00d6te yandan, T\u00fcrk Ceza Kanunu&#8217;nun 158. maddesi kapsam\u0131nda IBAN yoluyla i\u015flenen doland\u0131r\u0131c\u0131l\u0131k su\u00e7lar\u0131na ili\u015fkin d\u00fczenlemelerin ise daha \u00f6nce kabul edilen yarg\u0131 paketi kapsam\u0131nda yasala\u015ft\u0131\u011f\u0131n\u0131 belirtti.AK Parti Genel Ba\u015fkan Yard\u0131mc\u0131s\u0131 Leyla \u015eahin Usta, dijital platformlara y\u00f6nelik d\u00fczenlemelerin yeni d\u00f6nemde daha etkin \u015fekilde uygulanaca\u011f\u0131n\u0131 belirterek, \u00f6zellikle \u00e7ocuklar\u0131n korunmas\u0131na y\u00f6nelik haz\u0131rlanan d\u00fczenlemelerin Eyl\u00fcl ay\u0131nda y\u00fcr\u00fcrl\u00fc\u011fe girece\u011fini s\u00f6yledi.TBMM&#8217;de dijital platform temsilcileriyle yap\u0131lan g\u00f6r\u00fc\u015fmelere de\u011finen Usta, platformlar\u0131n uygulanacak kurallara ili\u015fkin net bir \u00e7er\u00e7eve talep etti\u011fini ifade etti.Sosyal medya ve dijital mecralara ili\u015fkin yasal d\u00fczenlemenin kabul edildi\u011fini hat\u0131rlatan Usta, y\u00fcr\u00fctme s\u00fcrecine ili\u015fkin alt\u0131 ayl\u0131k haz\u0131rl\u0131k d\u00f6nemi \u00f6ng\u00f6r\u00fcld\u00fc\u011f\u00fcn\u00fc belirterek, y\u00f6netmeli\u011fin Eyl\u00fcl ay\u0131nda y\u00fcr\u00fcrl\u00fc\u011fe girmesiyle birlikte uygulaman\u0131n ba\u015flayaca\u011f\u0131n\u0131 kaydetti.Dijital platformlarla isti\u015farelerin s\u00fcrd\u00fc\u011f\u00fcn\u00fc ifade eden Usta, d\u00fczenlemelerin hayata ge\u00e7irilmesiyle birlikte dijital mecralar\u0131n daha denetlenebilir ve hesap verebilir bir yap\u0131ya kavu\u015faca\u011f\u0131n\u0131 s\u00f6yledi.\u00d6zellikle \u00e7ocuklar\u0131n dijital ortamda korunmas\u0131n\u0131n temel \u00f6nceliklerden biri oldu\u011funu vurgulayan Usta, yeni d\u00fczenlemelerin bu alanda daha g\u00fcvenli bir dijital ortam olu\u015fturmay\u0131 ama\u00e7lad\u0131\u011f\u0131n\u0131 belirtti.<\/p>\n\n\n\n<p class=\"wp-block-paragraph\">SU\u00c7 VARSA S\u0130YAS\u0130 K\u0130ML\u0130\u011e\u0130NE BAKILMAKSIZIN YARGI GERE\u011e\u0130N\u0130 YAPAR&#8221;<\/p>\n\n\n\n<p class=\"wp-block-paragraph\">AK Parti Genel Ba\u015fkan Yard\u0131mc\u0131s\u0131 Leyla \u015eahin Usta, belediyelere y\u00f6nelik soru\u015fturmalar\u0131n siyasi kimlik \u00fczerinden de\u011ferlendirilmemesi gerekti\u011fini belirterek, hukuki s\u00fcre\u00e7lerin deliller \u00e7er\u00e7evesinde y\u00fcr\u00fct\u00fcld\u00fc\u011f\u00fcn\u00fc s\u00f6yledi.Soru\u015fturmalar\u0131n herhangi bir siyasi parti ayr\u0131m\u0131 g\u00f6zetilmeden y\u00fcr\u00fct\u00fclmesi gerekti\u011fini ifade eden Usta, &#8220;Bir belediye CHP&#8217;li diye dokunulmayacak diye bir anlay\u0131\u015f olamaz. E\u011fer ortada bir su\u00e7 ve su\u00e7 \u015f\u00fcphesi varsa, bunun siyasi kimli\u011fine bak\u0131lmaks\u0131z\u0131n yarg\u0131 s\u00fcreci i\u015fletilir.&#8221; de\u011ferlendirmesinde bulundu.AK Parti&#8217;nin bu konudaki tutumunun net oldu\u011funu belirten Usta, hukukun \u00fcst\u00fcnl\u00fc\u011f\u00fc ilkesi \u00e7er\u00e7evesinde yarg\u0131n\u0131n ba\u011f\u0131ms\u0131z \u015fekilde g\u00f6revini yerine getirmesi gerekti\u011fini s\u00f6yledi.<\/p>\n\n\n\n<p class=\"wp-block-paragraph\">SU\u00c7A S\u00dcR\u00dcKLENEN \u00c7OCUKLAR D\u00dcZENLEMES\u0130<\/p>\n\n\n\n<p class=\"wp-block-paragraph\">AK Parti Genel Ba\u015fkan Yard\u0131mc\u0131s\u0131 Leyla \u015eahin Usta, son d\u00f6nemde \u00e7ocuklar\u0131n kar\u0131\u015ft\u0131\u011f\u0131 a\u011f\u0131r \u015fiddet olaylar\u0131n\u0131n ard\u0131ndan \u00e7ocuk adalet sistemine ili\u015fkin yeni d\u00fczenlemeler \u00fczerinde \u00e7al\u0131\u015ft\u0131klar\u0131n\u0131 belirterek, ama\u00e7lar\u0131n\u0131n hem cayd\u0131r\u0131c\u0131l\u0131\u011f\u0131 art\u0131rmak hem de \u00e7ocuklar\u0131 su\u00e7a s\u00fcr\u00fckleyen nedenlerle daha etkin m\u00fccadele etmek oldu\u011funu s\u00f6yledi.Toplumda &#8220;cezas\u0131zl\u0131k&#8221; alg\u0131s\u0131n\u0131n olu\u015ftu\u011funu ifade eden Usta, baz\u0131 \u00e7ocuklar\u0131n i\u015fledikleri su\u00e7lar\u0131n ciddi sonu\u00e7lar do\u011furmayaca\u011f\u0131n\u0131 d\u00fc\u015f\u00fcnerek hareket etti\u011fini belirtti. Bu alg\u0131n\u0131n k\u0131r\u0131lmas\u0131 amac\u0131yla kasten \u00f6ld\u00fcrme ve a\u011f\u0131r yaralamaya ili\u015fkin su\u00e7larda \u00e7ocuklara uygulanacak yapt\u0131r\u0131mlar\u0131n a\u011f\u0131rla\u015ft\u0131r\u0131laca\u011f\u0131n\u0131 kaydetti.Haz\u0131rlanan d\u00fczenlemeye g\u00f6re, kasten \u00f6ld\u00fcrme ve ma\u011fdurun a\u011f\u0131r \u015fekilde yaralanmas\u0131na neden olan su\u00e7larda 12-15 ya\u015f grubundaki \u00e7ocuklara daha a\u011f\u0131r hapis cezalar\u0131, 15-18 ya\u015f grubundakilere ise m\u00fcebbet hapis cezas\u0131 \u00f6ng\u00f6r\u00fcld\u00fc\u011f\u00fcn\u00fc ifade eden Usta, infaz h\u00fck\u00fcmlerinin ise \u00e7ocuklara ili\u015fkin mevcut mevzuat \u00e7er\u00e7evesinde uygulanaca\u011f\u0131n\u0131 s\u00f6yledi.D\u00fczenlemenin yaln\u0131zca cezalar\u0131 art\u0131rmay\u0131 de\u011fil, su\u00e7un \u00f6nlenmesine y\u00f6nelik koruyucu mekanizmalar\u0131 da g\u00fc\u00e7lendirmeyi ama\u00e7lad\u0131\u011f\u0131n\u0131 belirten Usta, mahkemeler taraf\u0131ndan \u00e7ocuklar hakk\u0131nda sosyal hizmet, e\u011fitim, psikolojik destek ve rehabilitasyon tedbirlerinin daha etkin uygulanaca\u011f\u0131n\u0131 dile getirdi.Dijital ba\u011f\u0131ml\u0131l\u0131k ve \u015fiddet i\u00e7erikleriyle m\u00fccadele kapsam\u0131nda da yeni uygulamalar \u00f6ng\u00f6r\u00fcld\u00fc\u011f\u00fcn\u00fc ifade eden Usta, su\u00e7 nedeniyle adli s\u00fcrece dahil olan ancak ceza almayan \u00e7ocuklar hakk\u0131nda belirli s\u00fcrelerle telefon, tablet ve bilgisayar kullan\u0131m\u0131n\u0131n mahkeme karar\u0131yla denetlenebilmesine imkan tan\u0131naca\u011f\u0131n\u0131 s\u00f6yledi.Sa\u011fl\u0131k tedbirlerinin de g\u00fc\u00e7lendirilece\u011fini belirten Usta, kendisine veya \u00e7evresine zarar verme riski bulunan \u00e7ocuklar i\u00e7in uzman sa\u011fl\u0131k raporu ve mahkeme karar\u0131 do\u011frultusunda zorunlu tedavi uygulanabilmesinin \u00f6n\u00fcn\u00fcn a\u00e7\u0131laca\u011f\u0131n\u0131 kaydetti.Bu d\u00fczenlemelerin hem \u00e7ocuklar\u0131n rehabilitasyonunu sa\u011flamak hem de toplum g\u00fcvenli\u011fini g\u00fc\u00e7lendirmek amac\u0131yla haz\u0131rland\u0131\u011f\u0131n\u0131 ifade eden Usta, ilgili bakanl\u0131klar\u0131n da \u00e7ocuklar\u0131n sosyal ve psikolojik geli\u015fim s\u00fcre\u00e7lerinde daha aktif rol \u00fcstlenece\u011fini s\u00f6yledi.<\/p>\n\n\n\n<p class=\"wp-block-paragraph\">&#8220;\u00c7OCU\u011eUN SU\u00c7A S\u00dcR\u00dcKLENMES\u0130NDE \u0130HMAL VARSA A\u0130LELERE DE YAPTIRIM&#8221;<\/p>\n\n\n\n<p class=\"wp-block-paragraph\">AK Parti Genel Ba\u015fkan Yard\u0131mc\u0131s\u0131 Leyla \u015eahin Usta, \u00e7ocuklar\u0131n kar\u0131\u015ft\u0131\u011f\u0131 a\u011f\u0131r su\u00e7lar\u0131n \u00f6nlenmesine y\u00f6nelik haz\u0131rlanan d\u00fczenlemeler kapsam\u0131nda ailelerin sorumlulu\u011funu art\u0131racak h\u00fck\u00fcmler \u00fczerinde de \u00e7al\u0131\u015f\u0131ld\u0131\u011f\u0131n\u0131 s\u00f6yledi.\u00c7ocu\u011fun su\u00e7a s\u00fcr\u00fcklenmesinde anne ve baban\u0131n ihmal veya kusurunun bulunmas\u0131 halinde cezai yapt\u0131r\u0131m uygulanmas\u0131n\u0131n \u00f6ng\u00f6r\u00fcld\u00fc\u011f\u00fcn\u00fc belirten Usta, haz\u0131rlanan teklife g\u00f6re bu durumda sorumlulu\u011fu bulunan aile bireyleri hakk\u0131nda \u00fc\u00e7 y\u0131ldan d\u00f6rt y\u0131la kadar hapis cezas\u0131 verilmesine imkan tan\u0131naca\u011f\u0131n\u0131 ifade etti.Usta, d\u00fczenlemenin amac\u0131n\u0131n yaln\u0131zca cezaland\u0131rma olmad\u0131\u011f\u0131n\u0131, ailelerin \u00e7ocuklar\u0131n geli\u015fim s\u00fcrecindeki sorumluluklar\u0131n\u0131 daha etkin \u015fekilde yerine getirmelerini sa\u011flamak ve benzer olaylar\u0131n \u00f6n\u00fcne ge\u00e7mek oldu\u011funu kaydetti.<br>Cumhuriyet Halk Partisi, Leyla \u015eahin Usta, Leyla \u015eahin Usta, Milletvekili, \u00d6zg\u00fcr \u00d6zel, AK Parti, Ankara<\/p>\n","protected":false},"excerpt":{"rendered":"<p>AK Parti Genel Ba\u015fkan Yard\u0131mc\u0131s\u0131 Leyla \u015eahin Usta, TBMM&#8217;nin yasama y\u0131l\u0131 sona ermeden g\u00fcndemdeki d\u00fczenlemeleri&#8230;<\/p>\n","protected":false},"author":1,"featured_media":3680,"comment_status":"closed","ping_status":"closed","sticky":false,"template":"","format":"standard","meta":{"footnotes":""},"categories":[30],"tags":[],"ppma_author":[57],"class_list":["post-3679","post","type-post","status-publish","format-standard","has-post-thumbnail","hentry","category-ulusal-gundem"],"authors":[{"term_id":57,"user_id":1,"is_guest":0,"slug":"admin","display_name":"Alp Aslan","avatar_url":"https:\/\/secure.gravatar.com\/avatar\/07c18c5ad3350b025db8f3328450e071acb435c703e565899c880c63362f137a?s=96&d=mm&r=g","author_category":"1","first_name":"Alp Aslan","last_name":"ER\u0130N","user_url":"http:\/\/www.gundem59.com.tr","job_title":"","description":""}],"_links":{"self":[{"href":"https:\/\/gundem59.com.tr\/index.php?rest_route=\/wp\/v2\/posts\/3679","targetHints":{"allow":["GET"]}}],"collection":[{"href":"https:\/\/gundem59.com.tr\/index.php?rest_route=\/wp\/v2\/posts"}],"about":[{"href":"https:\/\/gundem59.com.tr\/index.php?rest_route=\/wp\/v2\/types\/post"}],"author":[{"embeddable":true,"href":"https:\/\/gundem59.com.tr\/index.php?rest_route=\/wp\/v2\/users\/1"}],"replies":[{"embeddable":true,"href":"https:\/\/gundem59.com.tr\/index.php?rest_route=%2Fwp%2Fv2%2Fcomments&post=3679"}],"version-history":[{"count":1,"href":"https:\/\/gundem59.com.tr\/index.php?rest_route=\/wp\/v2\/posts\/3679\/revisions"}],"predecessor-version":[{"id":3683,"href":"https:\/\/gundem59.com.tr\/index.php?rest_route=\/wp\/v2\/posts\/3679\/revisions\/3683"}],"wp:featuredmedia":[{"embeddable":true,"href":"https:\/\/gundem59.com.tr\/index.php?rest_route=\/wp\/v2\/media\/3680"}],"wp:attachment":[{"href":"https:\/\/gundem59.com.tr\/index.php?rest_route=%2Fwp%2Fv2%2Fmedia&parent=3679"}],"wp:term":[{"taxonomy":"category","embeddable":true,"href":"https:\/\/gundem59.com.tr\/index.php?rest_route=%2Fwp%2Fv2%2Fcategories&post=3679"},{"taxonomy":"post_tag","embeddable":true,"href":"https:\/\/gundem59.com.tr\/index.php?rest_route=%2Fwp%2Fv2%2Ftags&post=3679"},{"taxonomy":"author","embeddable":true,"href":"https:\/\/gundem59.com.tr\/index.php?rest_route=%2Fwp%2Fv2%2Fppma_author&post=3679"}],"curies":[{"name":"wp","href":"https:\/\/api.w.org\/{rel}","templated":true}]}}