{"id":3660,"date":"2026-07-20T00:34:31","date_gmt":"2026-07-20T00:34:31","guid":{"rendered":"https:\/\/gundem59.com.tr\/?p=3660"},"modified":"2026-07-20T00:36:51","modified_gmt":"2026-07-20T00:36:51","slug":"kibris-baris-harekati-bir-milletin-kararliligi-bir-halkin-umudu","status":"publish","type":"post","link":"https:\/\/gundem59.com.tr\/?p=3660","title":{"rendered":"K\u0131br\u0131s Bar\u0131\u015f Harek\u00e2t\u0131: Bir Milletin Kararl\u0131l\u0131\u011f\u0131, Bir Halk\u0131n Umudu"},"content":{"rendered":"\n<p class=\"wp-block-paragraph\">Tarih, bazen yaln\u0131zca ya\u015fanan olaylar\u0131 de\u011fil, milletlerin karakterini de yazar. K\u0131br\u0131s Bar\u0131\u015f Harek\u00e2t\u0131 da T\u00fcrk milletinin kararl\u0131l\u0131\u011f\u0131n\u0131, devlet akl\u0131n\u0131 ve soyda\u015flar\u0131na sahip \u00e7\u0131kma iradesini d\u00fcnyaya g\u00f6steren en \u00f6nemli d\u00f6n\u00fcm noktalar\u0131ndan biridir.<\/p>\n\n\n\n<p class=\"wp-block-paragraph\">20 Temmuz 1974 sabah\u0131 ba\u015flayan harek\u00e2t, yaln\u0131zca askeri bir operasyon de\u011fil; K\u0131br\u0131s T\u00fcrk halk\u0131n\u0131n varl\u0131\u011f\u0131n\u0131, g\u00fcvenli\u011fini ve gelece\u011fini koruma m\u00fccadelesiydi. Y\u0131llarca bask\u0131, sald\u0131r\u0131 ve yok say\u0131lma politikalar\u0131yla kar\u015f\u0131 kar\u015f\u0131ya kalan K\u0131br\u0131s T\u00fcrkleri i\u00e7in o g\u00fcn, yeniden umutlar\u0131n ye\u015ferdi\u011fi bir g\u00fcn oldu.<\/p>\n\n\n\n<p class=\"wp-block-paragraph\">T\u00fcrkiye, uluslararas\u0131 anla\u015fmalardan do\u011fan garant\u00f6rl\u00fck hakk\u0131n\u0131 kullanarak K\u0131br\u0131s&#8217;ta bar\u0131\u015f\u0131n ve huzurun tesisi i\u00e7in harekete ge\u00e7ti. Harek\u00e2t\u0131n ad\u0131 da bu nedenle &#8220;Bar\u0131\u015f Harek\u00e2t\u0131&#8221; olarak tarihe ge\u00e7ti. \u00c7\u00fcnk\u00fc ama\u00e7 i\u015fgal de\u011fil, kan\u0131n durmas\u0131, insanlar\u0131n g\u00fcven i\u00e7inde ya\u015fayabilmesi ve adada kal\u0131c\u0131 bir bar\u0131\u015f ortam\u0131n\u0131n olu\u015fturulmas\u0131yd\u0131.<\/p>\n\n\n\n<p class=\"wp-block-paragraph\">Bug\u00fcn geriye d\u00f6n\u00fcp bakt\u0131\u011f\u0131m\u0131zda, K\u0131br\u0131s Bar\u0131\u015f Harek\u00e2t\u0131&#8217;n\u0131n yaln\u0131zca K\u0131br\u0131s T\u00fcrkleri i\u00e7in de\u011fil, T\u00fcrk milletinin birlik ve beraberlik ruhu a\u00e7\u0131s\u0131ndan da b\u00fcy\u00fck bir anlam ta\u015f\u0131d\u0131\u011f\u0131n\u0131 g\u00f6r\u00fcyoruz. Mehmet\u00e7ik, o g\u00fcn adaya yaln\u0131zca silah\u0131yla de\u011fil; vicdan\u0131yla, merhametiyle ve milletinden ald\u0131\u011f\u0131 g\u00fc\u00e7le \u00e7\u0131kt\u0131. \u015eehitlerimiz canlar\u0131n\u0131 vatan ve millet u\u011fruna feda ederken, gazilerimiz tarihe alt\u0131n harflerle yaz\u0131lacak bir destan\u0131n kahramanlar\u0131 oldular.<\/p>\n\n\n\n<p class=\"wp-block-paragraph\">Aradan ge\u00e7en y\u0131llara ra\u011fmen K\u0131br\u0131s meselesi h\u00e2l\u00e2 b\u00f6lgesel ve uluslararas\u0131 siyasetin \u00f6nemli ba\u015fl\u0131klar\u0131ndan biri olmay\u0131 s\u00fcrd\u00fcr\u00fcyor. Ancak de\u011fi\u015fmeyen tek ger\u00e7ek vard\u0131r; K\u0131br\u0131s T\u00fcrk halk\u0131n\u0131n \u00f6zg\u00fcrl\u00fc\u011f\u00fc, g\u00fcvenli\u011fi ve gelece\u011fi T\u00fcrk milleti i\u00e7in her zaman vazge\u00e7ilmez olmu\u015ftur.<\/p>\n\n\n\n<p class=\"wp-block-paragraph\">K\u0131br\u0131s Bar\u0131\u015f Harek\u00e2t\u0131&#8217;n\u0131n y\u0131l d\u00f6n\u00fcm\u00fcnde ba\u015fta \u015fehitlerimizi rahmet ve minnetle an\u0131yor, kahraman gazilerimize \u015f\u00fckranlar\u0131m\u0131z\u0131 sunuyoruz. Onlar\u0131n fedak\u00e2rl\u0131klar\u0131 sayesinde bug\u00fcn K\u0131br\u0131s T\u00fcrk halk\u0131 kendi topraklar\u0131nda \u00f6zg\u00fcrce ya\u015famaktad\u0131r.<\/p>\n\n\n\n<p class=\"wp-block-paragraph\">K\u0131br\u0131s&#8217;ta at\u0131lan o tarihi ad\u0131m, yaln\u0131zca bir askeri ba\u015far\u0131 de\u011fil; T\u00fcrk milletinin karde\u015fine uzatt\u0131\u011f\u0131 g\u00fc\u00e7l\u00fc bir el, tarihe b\u0131rakt\u0131\u011f\u0131 onurlu bir mirast\u0131r.<\/p>\n\n\n\n<p class=\"wp-block-paragraph\"><strong>Ruhlar\u0131 \u015fad olsun.<br>Ne mutlu vatan\u0131 i\u00e7in ya\u015fayanlara, ne mutlu gerekti\u011finde vatan\u0131 i\u00e7in can verenlere&#8230;<\/strong><\/p>\n\n\n\n<p class=\"wp-block-paragraph\"><strong>Alp Aslan Erin<\/strong><br>EL\u0130KHAN \u015eirketler Gurubu ve MNR Medya Y\u00f6netim Kurulu Ba\u015fkan\u0131<\/p>\n","protected":false},"excerpt":{"rendered":"<p>Tarih, bazen yaln\u0131zca ya\u015fanan olaylar\u0131 de\u011fil, milletlerin karakterini de yazar. K\u0131br\u0131s Bar\u0131\u015f Harek\u00e2t\u0131 da T\u00fcrk&#8230;<\/p>\n","protected":false},"author":1,"featured_media":3661,"comment_status":"closed","ping_status":"closed","sticky":false,"template":"","format":"standard","meta":{"footnotes":""},"categories":[56],"tags":[],"ppma_author":[57],"class_list":["post-3660","post","type-post","status-publish","format-standard","has-post-thumbnail","hentry","category-guncel"],"authors":[{"term_id":57,"user_id":1,"is_guest":0,"slug":"admin","display_name":"Alp Aslan","avatar_url":"https:\/\/secure.gravatar.com\/avatar\/07c18c5ad3350b025db8f3328450e071acb435c703e565899c880c63362f137a?s=96&d=mm&r=g","author_category":"1","first_name":"Alp Aslan","last_name":"ER\u0130N","user_url":"http:\/\/www.gundem59.com.tr","job_title":"","description":""}],"_links":{"self":[{"href":"https:\/\/gundem59.com.tr\/index.php?rest_route=\/wp\/v2\/posts\/3660","targetHints":{"allow":["GET"]}}],"collection":[{"href":"https:\/\/gundem59.com.tr\/index.php?rest_route=\/wp\/v2\/posts"}],"about":[{"href":"https:\/\/gundem59.com.tr\/index.php?rest_route=\/wp\/v2\/types\/post"}],"author":[{"embeddable":true,"href":"https:\/\/gundem59.com.tr\/index.php?rest_route=\/wp\/v2\/users\/1"}],"replies":[{"embeddable":true,"href":"https:\/\/gundem59.com.tr\/index.php?rest_route=%2Fwp%2Fv2%2Fcomments&post=3660"}],"version-history":[{"count":1,"href":"https:\/\/gundem59.com.tr\/index.php?rest_route=\/wp\/v2\/posts\/3660\/revisions"}],"predecessor-version":[{"id":3662,"href":"https:\/\/gundem59.com.tr\/index.php?rest_route=\/wp\/v2\/posts\/3660\/revisions\/3662"}],"wp:featuredmedia":[{"embeddable":true,"href":"https:\/\/gundem59.com.tr\/index.php?rest_route=\/wp\/v2\/media\/3661"}],"wp:attachment":[{"href":"https:\/\/gundem59.com.tr\/index.php?rest_route=%2Fwp%2Fv2%2Fmedia&parent=3660"}],"wp:term":[{"taxonomy":"category","embeddable":true,"href":"https:\/\/gundem59.com.tr\/index.php?rest_route=%2Fwp%2Fv2%2Fcategories&post=3660"},{"taxonomy":"post_tag","embeddable":true,"href":"https:\/\/gundem59.com.tr\/index.php?rest_route=%2Fwp%2Fv2%2Ftags&post=3660"},{"taxonomy":"author","embeddable":true,"href":"https:\/\/gundem59.com.tr\/index.php?rest_route=%2Fwp%2Fv2%2Fppma_author&post=3660"}],"curies":[{"name":"wp","href":"https:\/\/api.w.org\/{rel}","templated":true}]}}