{"id":3637,"date":"2026-07-19T15:54:39","date_gmt":"2026-07-19T15:54:39","guid":{"rendered":"https:\/\/gundem59.com.tr\/?p=3637"},"modified":"2026-07-19T15:54:39","modified_gmt":"2026-07-19T15:54:39","slug":"tekirdag-sahilinde-nadir-gorulen-misafir-su-samuru-kameralara-yansidi","status":"publish","type":"post","link":"https:\/\/gundem59.com.tr\/?p=3637","title":{"rendered":"Tekirda\u011f Sahilinde Nadir G\u00f6r\u00fclen Misafir: Su Samuru Kameralara Yans\u0131d\u0131"},"content":{"rendered":"\n<p class=\"wp-block-paragraph\"><strong>Tekirda\u011f&#8217;da nesli tehlike alt\u0131nda bulunan su samuru, sahil kesiminde vatanda\u015flar taraf\u0131ndan g\u00f6r\u00fcn<\/strong>Tekirda\u011f Sahilinde Nadir G\u00f6r\u00fclen Misafir: Su Samuru Kameralara Yans\u0131d\u0131<\/p>\n\n\n\n<figure class=\"wp-block-video\"><video height=\"1920\" style=\"aspect-ratio: 1080 \/ 1920;\" width=\"1080\" controls src=\"https:\/\/gundem59.com.tr\/wp-content\/uploads\/2026\/07\/Sari-Pastel-Sakin-Agustos-Sahili-Instagram-Mobil-Video-9.mp4\"><\/video><\/figure>\n\n\n\n<p class=\"wp-block-paragraph\"><strong>Tekirda\u011f&#8217;da nesli tehlike alt\u0131nda bulunan su samuru, sahil kesiminde vatanda\u015flar taraf\u0131ndan g\u00f6r\u00fcnt\u00fclendi. Bal\u0131k avlad\u0131\u011f\u0131 g\u00f6zlenen su samuru k\u0131sa s\u00fcre sonra g\u00f6zden kayboldu.<\/strong><\/p>\n\n\n\n<p class=\"wp-block-paragraph\">Tekirda\u011f&#8217;\u0131n S\u00fcleymanpa\u015fa il\u00e7esine ba\u011fl\u0131 Karaevli Mahallesi sahilinde nadir rastlanan bir g\u00f6r\u00fcnt\u00fc ya\u015fand\u0131. Nesli tehlike alt\u0131nda bulunan su samuru, sahil k\u0131y\u0131s\u0131nda vatanda\u015flar taraf\u0131ndan fark edildi.<\/p>\n\n\n\n<p class=\"wp-block-paragraph\">Suyun y\u00fczeyinde bir s\u00fcre dola\u015fan ve bal\u0131k avlad\u0131\u011f\u0131 g\u00f6zlenen su samuru, \u00e7evrede bulunan vatanda\u015flar\u0131n ilgisini \u00e7ekti. Cep telefonlar\u0131yla g\u00f6r\u00fcnt\u00fclenen sevimli misafir, bir s\u00fcre avland\u0131ktan sonra g\u00f6zden kayboldu.<\/p>\n\n\n\n<p class=\"wp-block-paragraph\">Do\u011fal ya\u015fam\u0131n \u00f6nemli t\u00fcrlerinden biri olan su samurlar\u0131, temiz su kaynaklar\u0131n\u0131n ve sa\u011fl\u0131kl\u0131 ekosistemin g\u00f6stergeleri aras\u0131nda yer al\u0131yor. Uzmanlar, bu t\u00fcr canl\u0131lar\u0131n ya\u015fam alanlar\u0131n\u0131n korunmas\u0131n\u0131n b\u00fcy\u00fck \u00f6nem ta\u015f\u0131d\u0131\u011f\u0131na dikkat \u00e7ekiyor.<\/p>\n\n\n\n<p class=\"wp-block-paragraph\">Tekirda\u011f sahilinde g\u00f6r\u00fcnt\u00fclenen su samuru, b\u00f6lgedeki do\u011fal ya\u015fam\u0131n zenginli\u011fini bir kez daha g\u00f6zler \u00f6n\u00fcne serdi.<\/p>\n\n\n\n<p class=\"wp-block-paragraph\">Tekirda\u011f, S\u00fcleymanpa\u015fa, Karaevli, Su Samuru, Do\u011fal Ya\u015fam, \u00c7evre, Do\u011fa, Hayvanlar, Nesli Tehlike Alt\u0131ndaki T\u00fcrler, Tekirda\u011f Haberleri<\/p>\n\n\n\n<p class=\"wp-block-paragraph\">#Tekirda\u011f #S\u00fcleymanpa\u015fa #Karaevli #SuSamuru #Do\u011fa #\u00c7evre #Do\u011falYa\u015fam #Hayvanlar #TekirdagHaber #SonDakika #Gundem59 #TurkiyemHaber #Gundem44 #Gundem34Haber #Saray59 #TurkiyemHaberTV #TurkiyemRadyo<\/p>\n","protected":false},"excerpt":{"rendered":"<p>Tekirda\u011f&#8217;da nesli tehlike alt\u0131nda bulunan su samuru, sahil kesiminde vatanda\u015flar taraf\u0131ndan g\u00f6r\u00fcnTekirda\u011f Sahilinde Nadir G\u00f6r\u00fclen&#8230;<\/p>\n","protected":false},"author":1,"featured_media":3638,"comment_status":"closed","ping_status":"closed","sticky":false,"template":"","format":"standard","meta":{"footnotes":""},"categories":[56],"tags":[],"ppma_author":[57],"class_list":["post-3637","post","type-post","status-publish","format-standard","has-post-thumbnail","hentry","category-guncel"],"authors":[{"term_id":57,"user_id":1,"is_guest":0,"slug":"admin","display_name":"Alp Aslan","avatar_url":"https:\/\/secure.gravatar.com\/avatar\/07c18c5ad3350b025db8f3328450e071acb435c703e565899c880c63362f137a?s=96&d=mm&r=g","author_category":"1","first_name":"Alp Aslan","last_name":"ER\u0130N","user_url":"http:\/\/www.gundem59.com.tr","job_title":"","description":""}],"_links":{"self":[{"href":"https:\/\/gundem59.com.tr\/index.php?rest_route=\/wp\/v2\/posts\/3637","targetHints":{"allow":["GET"]}}],"collection":[{"href":"https:\/\/gundem59.com.tr\/index.php?rest_route=\/wp\/v2\/posts"}],"about":[{"href":"https:\/\/gundem59.com.tr\/index.php?rest_route=\/wp\/v2\/types\/post"}],"author":[{"embeddable":true,"href":"https:\/\/gundem59.com.tr\/index.php?rest_route=\/wp\/v2\/users\/1"}],"replies":[{"embeddable":true,"href":"https:\/\/gundem59.com.tr\/index.php?rest_route=%2Fwp%2Fv2%2Fcomments&post=3637"}],"version-history":[{"count":1,"href":"https:\/\/gundem59.com.tr\/index.php?rest_route=\/wp\/v2\/posts\/3637\/revisions"}],"predecessor-version":[{"id":3640,"href":"https:\/\/gundem59.com.tr\/index.php?rest_route=\/wp\/v2\/posts\/3637\/revisions\/3640"}],"wp:featuredmedia":[{"embeddable":true,"href":"https:\/\/gundem59.com.tr\/index.php?rest_route=\/wp\/v2\/media\/3638"}],"wp:attachment":[{"href":"https:\/\/gundem59.com.tr\/index.php?rest_route=%2Fwp%2Fv2%2Fmedia&parent=3637"}],"wp:term":[{"taxonomy":"category","embeddable":true,"href":"https:\/\/gundem59.com.tr\/index.php?rest_route=%2Fwp%2Fv2%2Fcategories&post=3637"},{"taxonomy":"post_tag","embeddable":true,"href":"https:\/\/gundem59.com.tr\/index.php?rest_route=%2Fwp%2Fv2%2Ftags&post=3637"},{"taxonomy":"author","embeddable":true,"href":"https:\/\/gundem59.com.tr\/index.php?rest_route=%2Fwp%2Fv2%2Fppma_author&post=3637"}],"curies":[{"name":"wp","href":"https:\/\/api.w.org\/{rel}","templated":true}]}}