{"id":3560,"date":"2026-07-17T12:32:48","date_gmt":"2026-07-17T12:32:48","guid":{"rendered":"https:\/\/gundem59.com.tr\/?p=3560"},"modified":"2026-07-17T12:32:48","modified_gmt":"2026-07-17T12:32:48","slug":"%f0%9f%8c%be-tekirdagda-tarim-arazileri-icin-kritik-zirve-kacak-yapilasmaya-karsi-ortak-mucadele-mesaji","status":"publish","type":"post","link":"https:\/\/gundem59.com.tr\/?p=3560","title":{"rendered":"&#x1f33e; Tekirda\u011f&#8217;da Tar\u0131m Arazileri \u0130\u00e7in Kritik Zirve: Ka\u00e7ak Yap\u0131la\u015fmaya Kar\u015f\u0131 Ortak M\u00fccadele Mesaj\u0131"},"content":{"rendered":"\n<p class=\"wp-block-paragraph\">Tekirda\u011f&#8217;da tar\u0131m arazilerinin korunmas\u0131 ve verimli topraklar\u0131n gelecek nesillere aktar\u0131lmas\u0131 amac\u0131yla y\u00fcr\u00fct\u00fclen \u00e7al\u0131\u015fmalar kapsam\u0131nda \u00f6nemli bir ziyaret ger\u00e7ekle\u015ftirildi. Tekirda\u011f \u0130l Tar\u0131m ve Orman M\u00fcd\u00fcr\u00fc Mehmet Aksoy, Marmaraere\u011flisi Belediye Ba\u015fkan\u0131 Mustafa Onur Bozkurter&#8217;i makam\u0131nda ziyaret ederek tar\u0131m arazilerinin korunmas\u0131na y\u00f6nelik \u00e7al\u0131\u015fmalar\u0131 de\u011ferlendirdi.<\/p>\n\n\n\n<p class=\"wp-block-paragraph\">\u0130l Tar\u0131m ve Orman M\u00fcd\u00fcrl\u00fc\u011f\u00fc taraf\u0131ndan yap\u0131lan a\u00e7\u0131klamaya g\u00f6re, ziyarette Aksoy&#8217;a teknik ekip de e\u015flik etti. G\u00f6r\u00fc\u015fmede \u00f6zellikle son y\u0131llarda tar\u0131m alanlar\u0131nda art\u0131\u015f g\u00f6steren izinsiz ve ka\u00e7ak yap\u0131la\u015fma konusu masaya yat\u0131r\u0131ld\u0131.<\/p>\n\n\n\n<h3 class=\"wp-block-heading\">Tar\u0131m Topraklar\u0131n\u0131n Korunmas\u0131 G\u00fcndemdeydi<\/h3>\n\n\n\n<p class=\"wp-block-paragraph\">Toplant\u0131da, 5403 Say\u0131l\u0131 Toprak Koruma ve Arazi Kullan\u0131m\u0131 Kanunu kapsam\u0131nda y\u00fcr\u00fct\u00fclen uygulamalar ele al\u0131n\u0131rken, tar\u0131m arazilerinin ama\u00e7 d\u0131\u015f\u0131 kullan\u0131m\u0131n\u0131n \u00f6nlenmesine y\u00f6nelik \u00e7al\u0131\u015fmalar de\u011ferlendirildi.<\/p>\n\n\n\n<p class=\"wp-block-paragraph\">Yetkililer, verimli tar\u0131m topraklar\u0131n\u0131n korunmas\u0131n\u0131n sadece bug\u00fcn\u00fcn de\u011fil, gelece\u011fin g\u0131da g\u00fcvenli\u011fi a\u00e7\u0131s\u0131ndan da b\u00fcy\u00fck \u00f6nem ta\u015f\u0131d\u0131\u011f\u0131na dikkat \u00e7ekti.<\/p>\n\n\n\n<h3 class=\"wp-block-heading\">Kurumlar Aras\u0131 \u0130\u015f Birli\u011fi G\u00fc\u00e7lenecek<\/h3>\n\n\n\n<p class=\"wp-block-paragraph\">G\u00f6r\u00fc\u015fmede ayr\u0131ca, tar\u0131m arazilerinin korunmas\u0131 konusunda belediyeler ile ilgili kurumlar aras\u0131ndaki koordinasyonun art\u0131r\u0131lmas\u0131 ve ortak denetim mekanizmalar\u0131n\u0131n g\u00fc\u00e7lendirilmesi konular\u0131nda fikir al\u0131\u015fveri\u015finde bulunuldu.<\/p>\n\n\n\n<p class=\"wp-block-paragraph\">Tar\u0131m alanlar\u0131nda ka\u00e7ak yap\u0131la\u015fman\u0131n \u00f6n\u00fcne ge\u00e7ilmesi, tar\u0131msal \u00fcretimin s\u00fcrd\u00fcr\u00fclebilirli\u011fi ve \u00e7evrenin korunmas\u0131na y\u00f6nelik at\u0131labilecek ad\u0131mlar da toplant\u0131n\u0131n \u00f6nemli ba\u015fl\u0131klar\u0131 aras\u0131nda yer ald\u0131.<\/p>\n\n\n\n<h3 class=\"wp-block-heading\">Marmaraere\u011flisi&#8217;nde Ortak \u00c7al\u0131\u015fma Vurgusu<\/h3>\n\n\n\n<p class=\"wp-block-paragraph\">Ziyaret sonunda taraflar, tar\u0131m arazilerinin korunmas\u0131na y\u00f6nelik \u00e7al\u0131\u015fmalar\u0131n kararl\u0131l\u0131kla s\u00fcrd\u00fcr\u00fclmesi gerekti\u011fi konusunda g\u00f6r\u00fc\u015f birli\u011fine vard\u0131. \u00d6zellikle Marmaraere\u011flisi gibi tar\u0131msal \u00fcretim potansiyeli y\u00fcksek b\u00f6lgelerde kurumlar aras\u0131 i\u015f birli\u011finin \u00f6nemine dikkat \u00e7ekildi.<\/p>\n\n\n\n<p class=\"wp-block-paragraph\">Tekirda\u011f&#8217;da tar\u0131m topraklar\u0131n\u0131n korunmas\u0131na y\u00f6nelik denetim ve koordinasyon \u00e7al\u0131\u015fmalar\u0131n\u0131n \u00f6n\u00fcm\u00fczdeki s\u00fcre\u00e7te de devam edece\u011fi belirtildi.<\/p>\n\n\n\n<p class=\"wp-block-paragraph\">Tekirda\u011f, Marmaraere\u011flisi, Mehmet Aksoy, Mustafa Onur Bozkurter, \u0130l Tar\u0131m ve Orman M\u00fcd\u00fcrl\u00fc\u011f\u00fc, Tar\u0131m Arazileri, Ka\u00e7ak Yap\u0131la\u015fma, Toprak Koruma Kanunu, Yerel Y\u00f6netim, \u00c7evre, Tar\u0131m, G\u00fcncel<\/p>\n\n\n\n<p class=\"wp-block-paragraph\">#Tekirda\u011f #Marmaraere\u011flisi #Tar\u0131m #Tar\u0131mArazileri #MehmetAksoy #MustafaOnurBozkurter #ToprakKoruma #\u00c7evre #YerelY\u00f6netim #Ka\u00e7akYap\u0131la\u015fma #Tar\u0131mVeOrman #G\u00fcncel #Tekirda\u011fHaber #G\u00fcndem59 #TurkiyemHaber #T\u00fcrkiyeG\u00fcndemi<\/p>\n","protected":false},"excerpt":{"rendered":"<p>Tekirda\u011f&#8217;da tar\u0131m arazilerinin korunmas\u0131 ve verimli topraklar\u0131n gelecek nesillere aktar\u0131lmas\u0131 amac\u0131yla y\u00fcr\u00fct\u00fclen \u00e7al\u0131\u015fmalar kapsam\u0131nda \u00f6nemli&#8230;<\/p>\n","protected":false},"author":1,"featured_media":3561,"comment_status":"closed","ping_status":"closed","sticky":false,"template":"","format":"standard","meta":{"footnotes":""},"categories":[8],"tags":[],"ppma_author":[57],"class_list":["post-3560","post","type-post","status-publish","format-standard","has-post-thumbnail","hentry","category-marmara-eregilisi"],"authors":[{"term_id":57,"user_id":1,"is_guest":0,"slug":"admin","display_name":"Alp Aslan","avatar_url":"https:\/\/secure.gravatar.com\/avatar\/07c18c5ad3350b025db8f3328450e071acb435c703e565899c880c63362f137a?s=96&d=mm&r=g","author_category":"1","first_name":"Alp Aslan","last_name":"ER\u0130N","user_url":"http:\/\/www.gundem59.com.tr","job_title":"","description":""}],"_links":{"self":[{"href":"https:\/\/gundem59.com.tr\/index.php?rest_route=\/wp\/v2\/posts\/3560","targetHints":{"allow":["GET"]}}],"collection":[{"href":"https:\/\/gundem59.com.tr\/index.php?rest_route=\/wp\/v2\/posts"}],"about":[{"href":"https:\/\/gundem59.com.tr\/index.php?rest_route=\/wp\/v2\/types\/post"}],"author":[{"embeddable":true,"href":"https:\/\/gundem59.com.tr\/index.php?rest_route=\/wp\/v2\/users\/1"}],"replies":[{"embeddable":true,"href":"https:\/\/gundem59.com.tr\/index.php?rest_route=%2Fwp%2Fv2%2Fcomments&post=3560"}],"version-history":[{"count":1,"href":"https:\/\/gundem59.com.tr\/index.php?rest_route=\/wp\/v2\/posts\/3560\/revisions"}],"predecessor-version":[{"id":3562,"href":"https:\/\/gundem59.com.tr\/index.php?rest_route=\/wp\/v2\/posts\/3560\/revisions\/3562"}],"wp:featuredmedia":[{"embeddable":true,"href":"https:\/\/gundem59.com.tr\/index.php?rest_route=\/wp\/v2\/media\/3561"}],"wp:attachment":[{"href":"https:\/\/gundem59.com.tr\/index.php?rest_route=%2Fwp%2Fv2%2Fmedia&parent=3560"}],"wp:term":[{"taxonomy":"category","embeddable":true,"href":"https:\/\/gundem59.com.tr\/index.php?rest_route=%2Fwp%2Fv2%2Fcategories&post=3560"},{"taxonomy":"post_tag","embeddable":true,"href":"https:\/\/gundem59.com.tr\/index.php?rest_route=%2Fwp%2Fv2%2Ftags&post=3560"},{"taxonomy":"author","embeddable":true,"href":"https:\/\/gundem59.com.tr\/index.php?rest_route=%2Fwp%2Fv2%2Fppma_author&post=3560"}],"curies":[{"name":"wp","href":"https:\/\/api.w.org\/{rel}","templated":true}]}}