{"id":3557,"date":"2026-07-17T12:31:29","date_gmt":"2026-07-17T12:31:29","guid":{"rendered":"https:\/\/gundem59.com.tr\/?p=3557"},"modified":"2026-07-17T12:31:30","modified_gmt":"2026-07-17T12:31:30","slug":"%f0%9f%9a%94-tekirdag-sahillerinde-siki-denetim-500-kisiye-gbt-sorgusu-gurultu-ve-cevre-kirliligine-karsi-uyari","status":"publish","type":"post","link":"https:\/\/gundem59.com.tr\/?p=3557","title":{"rendered":"&#x1f694; Tekirda\u011f Sahillerinde S\u0131k\u0131 Denetim: 500 Ki\u015fiye GBT Sorgusu, G\u00fcr\u00fclt\u00fc ve \u00c7evre Kirlili\u011fine Kar\u015f\u0131 Uyar\u0131"},"content":{"rendered":"\n<p class=\"wp-block-paragraph\">Tekirda\u011f \u0130l Emniyet M\u00fcd\u00fcrl\u00fc\u011f\u00fc ekipleri, yaz sezonunda sahil b\u00f6lgelerinde artan yo\u011funluk nedeniyle S\u00fcleymanpa\u015fa il\u00e7esinde kapsaml\u0131 huzur uygulamas\u0131 ger\u00e7ekle\u015ftirdi. De\u011firmenalt\u0131 ba\u015fta olmak \u00fczere sahil band\u0131nda yap\u0131lan denetimlerde yakla\u015f\u0131k 500 ki\u015finin Genel Bilgi Toplama (GBT) sorgusu yap\u0131l\u0131rken, vatanda\u015flara \u00e7evre temizli\u011fi, g\u00fcr\u00fclt\u00fc kirlili\u011fi ve kamu d\u00fczeni konusunda bilgilendirme yap\u0131ld\u0131.<\/p>\n\n\n\n<p class=\"wp-block-paragraph\">S\u00fcleymanpa\u015fa \u0130l\u00e7e Emniyet M\u00fcd\u00fcrl\u00fc\u011f\u00fc ekiplerinin yan\u0131 s\u0131ra \u00c7evik Kuvvet ve G\u00fcvenlik \u015eube M\u00fcd\u00fcrl\u00fc\u011f\u00fc ekiplerinin de destek verdi\u011fi uygulama kapsam\u0131nda sahil, kumsal ve park alanlar\u0131 hem karadan hem havadan kontrol edildi.<\/p>\n\n\n\n<h3 class=\"wp-block-heading\">Sahilde Ate\u015f Yakmak ve Y\u00fcksek Sesle M\u00fczik Yasak<\/h3>\n\n\n\n<p class=\"wp-block-paragraph\">Polis ekipleri vatanda\u015flara \u00f6zellikle yaz aylar\u0131nda s\u0131k kar\u015f\u0131la\u015f\u0131lan ihlaller konusunda uyar\u0131larda bulundu. Sahil band\u0131nda ate\u015f yak\u0131lmas\u0131, y\u00fcksek sesle m\u00fczik dinlenmesi, \u00e7evreyi rahats\u0131z edecek d\u00fczeyde g\u00fcr\u00fclt\u00fc olu\u015fturulmas\u0131 ve ses \u00e7\u0131karan patlay\u0131c\u0131 maddelerin kullan\u0131lmas\u0131 yasak oldu\u011fu hat\u0131rlat\u0131ld\u0131.<\/p>\n\n\n\n<p class=\"wp-block-paragraph\">Vatanda\u015flardan ailelerin, \u00e7ocuklar\u0131n ve b\u00f6lgede bulunan di\u011fer ki\u015filerin huzurunu g\u00f6zetmeleri istenirken, ortak kullan\u0131m alanlar\u0131n\u0131n temiz tutulmas\u0131n\u0131n da toplumsal bir sorumluluk oldu\u011fu vurguland\u0131.<\/p>\n\n\n\n<h3 class=\"wp-block-heading\">Kurallara Uymayanlara Binlerce Lira Ceza<\/h3>\n\n\n\n<p class=\"wp-block-paragraph\">Denetimler s\u0131ras\u0131nda da\u011f\u0131t\u0131lan bilgilendirme bro\u015f\u00fcrlerinde uygulanacak idari yapt\u0131r\u0131mlar da tek tek a\u00e7\u0131kland\u0131.<\/p>\n\n\n\n<p class=\"wp-block-paragraph\">Buna g\u00f6re;<\/p>\n\n\n\n<ul class=\"wp-block-list\">\n<li>Valilik, kaymakaml\u0131k ve belediye kararlar\u0131na ayk\u0131r\u0131 davrananlara <strong>3 bin 705 TL<\/strong><\/li>\n\n\n\n<li>\u00c7evreyi rahats\u0131z edecek \u015fekilde g\u00fcr\u00fclt\u00fc yapanlara <strong>1.764 TL<\/strong><\/li>\n\n\n\n<li>Kimlik veya adres bilgilerini vermekten ka\u00e7\u0131nanlara <strong>1.764 TL<\/strong><\/li>\n\n\n\n<li>\u00c7\u00f6p, sigara izmariti ve benzeri at\u0131klar\u0131 \u00e7evreye atanlara <strong>564 TL<\/strong><\/li>\n\n\n\n<li>Kullan\u0131lmayan ev e\u015fyalar\u0131n\u0131 cadde ve sokaklara b\u0131rakanlara <strong>1.764 TL<\/strong><\/li>\n\n\n\n<li>Hafriyat ve in\u015faat at\u0131klar\u0131n\u0131 \u00e7evreye d\u00f6kenlere ise ihlalin durumuna g\u00f6re <strong>3 bin 705 TL ile 115 bin 21 TL aras\u0131nda<\/strong> idari para cezas\u0131 uygulanabilecek.<\/li>\n<\/ul>\n\n\n\n<p class=\"wp-block-paragraph\">\u00d6te yandan ticari i\u015fletmelerden kaynaklanan \u00e7evresel g\u00fcr\u00fclt\u00fc ihlallerinde ceza miktar\u0131n\u0131n <strong>38 bin 246 TL&#8217;den 191 bin 867 TL&#8217;ye kadar<\/strong> \u00e7\u0131kabilece\u011fi belirtildi.<\/p>\n\n\n\n<h3 class=\"wp-block-heading\">Emniyetten Vatanda\u015flara \u00c7a\u011fr\u0131<\/h3>\n\n\n\n<p class=\"wp-block-paragraph\">Tekirda\u011f \u0130l Emniyet M\u00fcd\u00fcrl\u00fc\u011f\u00fc yetkilileri, yaz sezonu boyunca sahiller, parklar ve kumsallarda denetimlerin aral\u0131ks\u0131z devam edece\u011fini a\u00e7\u0131klad\u0131.<\/p>\n\n\n\n<p class=\"wp-block-paragraph\">Yetkililer, \u00e7evreyi kirleten, kamu d\u00fczenini bozan veya vatanda\u015flar\u0131n huzurunu ka\u00e7\u0131ran davran\u0131\u015flarla kar\u015f\u0131la\u015f\u0131lmas\u0131 halinde durumun;<\/p>\n\n\n\n<p class=\"wp-block-paragraph\">&#x1f4de; <strong>112 Acil \u00c7a\u011fr\u0131 Merkezi<\/strong><\/p>\n\n\n\n<p class=\"wp-block-paragraph\">&#x1f4f1; <strong>HAYAT Mobil Uygulamas\u0131<\/strong><\/p>\n\n\n\n<p class=\"wp-block-paragraph\">&#x1f4f2; <strong>0 (552) 155 59 59 WhatsApp \u0130hbar Hatt\u0131<\/strong><\/p>\n\n\n\n<p class=\"wp-block-paragraph\">\u00fczerinden g\u00fcvenlik g\u00fc\u00e7lerine bildirilebilece\u011fini duyurdu.<\/p>\n\n\n\n<p class=\"wp-block-paragraph\">Tekirda\u011f, S\u00fcleymanpa\u015fa, De\u011firmenalt\u0131, Tekirda\u011f \u0130l Emniyet M\u00fcd\u00fcrl\u00fc\u011f\u00fc, Polis, GBT, Sahil Denetimi, \u00c7evre Kirlili\u011fi, G\u00fcr\u00fclt\u00fc Kirlili\u011fi, Huzur Uygulamas\u0131, Asayi\u015f, Kamu D\u00fczeni, Yaz Sezonu, G\u00fcvenlik, G\u00fcncel<\/p>\n\n\n\n<p class=\"wp-block-paragraph\">#Tekirda\u011f #S\u00fcleymanpa\u015fa #De\u011firmenalt\u0131 #Polis #Emniyet #GBT #HuzurUygulamas\u0131 #Asayi\u015f #\u00c7evreKirlili\u011fi #G\u00fcr\u00fclt\u00fcKirlili\u011fi #Sahil #Denetim #SonDakika #Tekirda\u011fHaber #G\u00fcndem59 #TurkiyemHaber #G\u00fcncelHaber #T\u00fcrkiyeG\u00fcndemi<\/p>\n","protected":false},"excerpt":{"rendered":"<p>Tekirda\u011f \u0130l Emniyet M\u00fcd\u00fcrl\u00fc\u011f\u00fc ekipleri, yaz sezonunda sahil b\u00f6lgelerinde artan yo\u011funluk nedeniyle S\u00fcleymanpa\u015fa il\u00e7esinde kapsaml\u0131&#8230;<\/p>\n","protected":false},"author":1,"featured_media":3558,"comment_status":"closed","ping_status":"closed","sticky":false,"template":"","format":"standard","meta":{"footnotes":""},"categories":[56],"tags":[],"ppma_author":[57],"class_list":["post-3557","post","type-post","status-publish","format-standard","has-post-thumbnail","hentry","category-guncel"],"authors":[{"term_id":57,"user_id":1,"is_guest":0,"slug":"admin","display_name":"Alp Aslan","avatar_url":"https:\/\/secure.gravatar.com\/avatar\/07c18c5ad3350b025db8f3328450e071acb435c703e565899c880c63362f137a?s=96&d=mm&r=g","author_category":"1","first_name":"Alp Aslan","last_name":"ER\u0130N","user_url":"http:\/\/www.gundem59.com.tr","job_title":"","description":""}],"_links":{"self":[{"href":"https:\/\/gundem59.com.tr\/index.php?rest_route=\/wp\/v2\/posts\/3557","targetHints":{"allow":["GET"]}}],"collection":[{"href":"https:\/\/gundem59.com.tr\/index.php?rest_route=\/wp\/v2\/posts"}],"about":[{"href":"https:\/\/gundem59.com.tr\/index.php?rest_route=\/wp\/v2\/types\/post"}],"author":[{"embeddable":true,"href":"https:\/\/gundem59.com.tr\/index.php?rest_route=\/wp\/v2\/users\/1"}],"replies":[{"embeddable":true,"href":"https:\/\/gundem59.com.tr\/index.php?rest_route=%2Fwp%2Fv2%2Fcomments&post=3557"}],"version-history":[{"count":1,"href":"https:\/\/gundem59.com.tr\/index.php?rest_route=\/wp\/v2\/posts\/3557\/revisions"}],"predecessor-version":[{"id":3559,"href":"https:\/\/gundem59.com.tr\/index.php?rest_route=\/wp\/v2\/posts\/3557\/revisions\/3559"}],"wp:featuredmedia":[{"embeddable":true,"href":"https:\/\/gundem59.com.tr\/index.php?rest_route=\/wp\/v2\/media\/3558"}],"wp:attachment":[{"href":"https:\/\/gundem59.com.tr\/index.php?rest_route=%2Fwp%2Fv2%2Fmedia&parent=3557"}],"wp:term":[{"taxonomy":"category","embeddable":true,"href":"https:\/\/gundem59.com.tr\/index.php?rest_route=%2Fwp%2Fv2%2Fcategories&post=3557"},{"taxonomy":"post_tag","embeddable":true,"href":"https:\/\/gundem59.com.tr\/index.php?rest_route=%2Fwp%2Fv2%2Ftags&post=3557"},{"taxonomy":"author","embeddable":true,"href":"https:\/\/gundem59.com.tr\/index.php?rest_route=%2Fwp%2Fv2%2Fppma_author&post=3557"}],"curies":[{"name":"wp","href":"https:\/\/api.w.org\/{rel}","templated":true}]}}