{"id":3553,"date":"2026-07-17T12:28:07","date_gmt":"2026-07-17T12:28:07","guid":{"rendered":"https:\/\/gundem59.com.tr\/?p=3553"},"modified":"2026-07-17T12:28:09","modified_gmt":"2026-07-17T12:28:09","slug":"%e2%9a%ab-olcay-baykal-son-yolculuguna-ugurlaniyor-cenazede-dikkat-ceken-kilicdaroglu-ozel-karsilasmasi","status":"publish","type":"post","link":"https:\/\/gundem59.com.tr\/?p=3553","title":{"rendered":"&#x26ab; Olcay Baykal Son Yolculu\u011funa U\u011furlan\u0131yor: Cenazede Dikkat \u00c7eken K\u0131l\u0131\u00e7daro\u011flu-\u00d6zel Kar\u015f\u0131la\u015fmas\u0131"},"content":{"rendered":"\n<p class=\"wp-block-paragraph\">Eski CHP Genel Ba\u015fkan\u0131 merhum Deniz Baykal&#8217;\u0131n e\u015fi Olcay Baykal, Ankara&#8217;da d\u00fczenlenen cenaze t\u00f6reniyle son yolculu\u011funa u\u011furlan\u0131yor. Siyaset d\u00fcnyas\u0131n\u0131 bir araya getiren t\u00f6rende hem CHP&#8217;deki son geli\u015fmeler hem de dikkat \u00e7eken g\u00f6r\u00fcnt\u00fcler g\u00fcndeme damga vurdu.<\/p>\n\n\n\n<p class=\"wp-block-paragraph\">Antalya&#8217;da tedavi g\u00f6rd\u00fc\u011f\u00fc hastanede 88 ya\u015f\u0131nda hayat\u0131n\u0131 kaybeden Olcay Baykal&#8217;\u0131n cenazesi, defnedilmek \u00fczere Ankara&#8217;ya getirildi. Kar\u015f\u0131yaka Mezarl\u0131\u011f\u0131&#8217;nda d\u00fczenlenen cenaze t\u00f6renine \u00e7ok say\u0131da siyaset\u00e7i, b\u00fcrokrat ve vatanda\u015f kat\u0131ld\u0131.<\/p>\n\n\n\n<h3 class=\"wp-block-heading\">Deniz Baykal&#8217;\u0131n Yan\u0131na Defnedilecek<\/h3>\n\n\n\n<p class=\"wp-block-paragraph\">Kar\u015f\u0131yaka Mezarl\u0131\u011f\u0131&#8217;nda k\u0131l\u0131nan cenaze namaz\u0131n\u0131n ard\u0131ndan Olcay Baykal&#8217;\u0131n naa\u015f\u0131 Devlet Mezarl\u0131\u011f\u0131&#8217;na g\u00f6t\u00fcr\u00fclecek. Baykal, 2023 y\u0131l\u0131nda hayat\u0131n\u0131 kaybeden e\u015fi, eski CHP Genel Ba\u015fkan\u0131 Deniz Baykal&#8217;\u0131n kabrinin yan\u0131na defnedilecek.<\/p>\n\n\n\n<h3 class=\"wp-block-heading\">K\u0131l\u0131\u00e7daro\u011flu ve \u00d6zg\u00fcr \u00d6zel Ayn\u0131 Safta<\/h3>\n\n\n\n<p class=\"wp-block-paragraph\">Cenaze t\u00f6reni, CHP&#8217;de ya\u015fanan siyasi ve hukuki geli\u015fmelerin g\u00f6lgesinde dikkat \u00e7eken bir bulu\u015fmaya da sahne oldu.<\/p>\n\n\n\n<p class=\"wp-block-paragraph\">Mahkemenin mutlak butlan karar\u0131n\u0131n ard\u0131ndan CHP Genel Ba\u015fkanl\u0131\u011f\u0131 g\u00f6revine d\u00f6nen Kemal K\u0131l\u0131\u00e7daro\u011flu ile CHP Genel Ba\u015fkan\u0131 \u00d6zg\u00fcr \u00d6zel, bir kez daha ayn\u0131 t\u00f6rende yan yana geldi.<\/p>\n\n\n\n<p class=\"wp-block-paragraph\">T\u00f6ren alan\u0131na ilk gelen isimlerden biri olan K\u0131l\u0131\u00e7daro\u011flu cenaze saf\u0131ndaki yerini ald\u0131. Daha sonra alana gelen \u00d6zg\u00fcr \u00d6zel&#8217;in K\u0131l\u0131\u00e7daro\u011flu&#8217;nun yan\u0131na giderek k\u0131sa bir tokala\u015fma ger\u00e7ekle\u015ftirdi\u011fi g\u00f6r\u00fcld\u00fc. \u0130ki ismin tokala\u015f\u0131rken g\u00f6z g\u00f6ze gelmemesi ise t\u00f6rendeki en dikkat \u00e7eken ayr\u0131nt\u0131lar aras\u0131nda yer ald\u0131.<\/p>\n\n\n\n<figure class=\"wp-block-image size-full\"><img  title=\"\" loading=\"lazy\" decoding=\"async\" width=\"640\" height=\"310\" src=\"https:\/\/gundem59.com.tr\/wp-content\/uploads\/2026\/07\/20260717_805089775c4d4789ada27c23fd0c3045.webp\"  alt=\"20260717_805089775c4d4789ada27c23fd0c3045 &#x26ab; Olcay Baykal Son Yolculu\u011funa U\u011furlan\u0131yor: Cenazede Dikkat \u00c7eken K\u0131l\u0131\u00e7daro\u011flu-\u00d6zel Kar\u015f\u0131la\u015fmas\u0131\"  class=\"wp-image-3555\" srcset=\"https:\/\/gundem59.com.tr\/wp-content\/uploads\/2026\/07\/20260717_805089775c4d4789ada27c23fd0c3045.webp 640w, https:\/\/gundem59.com.tr\/wp-content\/uploads\/2026\/07\/20260717_805089775c4d4789ada27c23fd0c3045-300x145.webp 300w\" sizes=\"auto, (max-width: 640px) 100vw, 640px\" \/><\/figure>\n\n\n\n<h3 class=\"wp-block-heading\">&#8220;\u0130ki Genel Ba\u015fkan&#8221; Detay\u0131 G\u00fcndem Oldu<\/h3>\n\n\n\n<p class=\"wp-block-paragraph\">T\u00f6ren alan\u0131nda dikkat \u00e7eken bir ba\u015fka detay ise cenaze i\u00e7in g\u00f6nderilen \u00e7elenkler oldu.<\/p>\n\n\n\n<p class=\"wp-block-paragraph\">Kemal K\u0131l\u0131\u00e7daro\u011flu ad\u0131na g\u00f6nderilen \u00e7elenkte de, \u00d6zg\u00fcr \u00d6zel ad\u0131na g\u00f6nderilen \u00e7elenkte de <strong>&#8220;CHP Genel Ba\u015fkan\u0131&#8221;<\/strong> ifadesinin yer almas\u0131 siyasi kulislerde yeni tart\u0131\u015fmalar\u0131 beraberinde getirdi.<\/p>\n\n\n\n<p class=\"wp-block-paragraph\">Yan yana yerle\u015ftirilen iki ayr\u0131 \u00e7elenk, CHP&#8217;de ya\u015fanan liderlik tart\u0131\u015fmalar\u0131n\u0131n cenaze t\u00f6renine de yans\u0131d\u0131\u011f\u0131 \u015feklinde yorumland\u0131.<\/p>\n\n\n\n<h3 class=\"wp-block-heading\">Mutlak Butlan Sonras\u0131 \u0130kinci Kar\u015f\u0131la\u015fma<\/h3>\n\n\n\n<p class=\"wp-block-paragraph\">Kemal K\u0131l\u0131\u00e7daro\u011flu ve \u00d6zg\u00fcr \u00d6zel, mahkemenin mutlak butlan karar\u0131n\u0131n ard\u0131ndan ikinci kez bir cenaze t\u00f6reninde bir araya geldi. \u0130ki isim ilk olarak eski CHP Milletvekili Orhan S\u00fcr i\u00e7in TBMM&#8217;de d\u00fczenlenen cenaze t\u00f6reninde tokala\u015fm\u0131\u015ft\u0131.<\/p>\n\n\n\n<p class=\"wp-block-paragraph\">Olcay Baykal&#8217;\u0131n cenazesi ise yaln\u0131zca bir veda t\u00f6reni de\u011fil, CHP&#8217;de ya\u015fanan son geli\u015fmeler nedeniyle siyasi mesajlar\u0131n da yak\u0131ndan takip edildi\u011fi bir bulu\u015fma olarak kay\u0131tlara ge\u00e7ti.<\/p>\n\n\n\n<p class=\"wp-block-paragraph\">Kemal K\u0131l\u0131\u00e7daro\u011flu, \u00d6zg\u00fcr \u00d6zel, Olcay Baykal, Deniz Baykal, CHP, Ankara, Kar\u015f\u0131yaka Mezarl\u0131\u011f\u0131, Devlet Mezarl\u0131\u011f\u0131, Siyaset, G\u00fcncel, T\u00fcrkiye<\/p>\n\n\n\n<p class=\"wp-block-paragraph\">#OlcayBaykal #DenizBaykal #KemalK\u0131l\u0131\u00e7daro\u011flu #\u00d6zg\u00fcr\u00d6zel #CHP #Ankara #Siyaset #SonDakika #G\u00fcndem #T\u00fcrkiye #G\u00fcncelHaber #CenazeT\u00f6reni #Kar\u015f\u0131yakaMezarl\u0131\u011f\u0131 #DevletMezarl\u0131\u011f\u0131 #Politika #Gundem59 #TurkiyemHaber<\/p>\n","protected":false},"excerpt":{"rendered":"<p>Eski CHP Genel Ba\u015fkan\u0131 merhum Deniz Baykal&#8217;\u0131n e\u015fi Olcay Baykal, Ankara&#8217;da d\u00fczenlenen cenaze t\u00f6reniyle son&#8230;<\/p>\n","protected":false},"author":1,"featured_media":3554,"comment_status":"closed","ping_status":"closed","sticky":false,"template":"","format":"standard","meta":{"footnotes":""},"categories":[52],"tags":[],"ppma_author":[57],"class_list":["post-3553","post","type-post","status-publish","format-standard","has-post-thumbnail","hentry","category-politika"],"authors":[{"term_id":57,"user_id":1,"is_guest":0,"slug":"admin","display_name":"Alp Aslan","avatar_url":"https:\/\/secure.gravatar.com\/avatar\/07c18c5ad3350b025db8f3328450e071acb435c703e565899c880c63362f137a?s=96&d=mm&r=g","author_category":"1","first_name":"Alp Aslan","last_name":"ER\u0130N","user_url":"http:\/\/www.gundem59.com.tr","job_title":"","description":""}],"_links":{"self":[{"href":"https:\/\/gundem59.com.tr\/index.php?rest_route=\/wp\/v2\/posts\/3553","targetHints":{"allow":["GET"]}}],"collection":[{"href":"https:\/\/gundem59.com.tr\/index.php?rest_route=\/wp\/v2\/posts"}],"about":[{"href":"https:\/\/gundem59.com.tr\/index.php?rest_route=\/wp\/v2\/types\/post"}],"author":[{"embeddable":true,"href":"https:\/\/gundem59.com.tr\/index.php?rest_route=\/wp\/v2\/users\/1"}],"replies":[{"embeddable":true,"href":"https:\/\/gundem59.com.tr\/index.php?rest_route=%2Fwp%2Fv2%2Fcomments&post=3553"}],"version-history":[{"count":1,"href":"https:\/\/gundem59.com.tr\/index.php?rest_route=\/wp\/v2\/posts\/3553\/revisions"}],"predecessor-version":[{"id":3556,"href":"https:\/\/gundem59.com.tr\/index.php?rest_route=\/wp\/v2\/posts\/3553\/revisions\/3556"}],"wp:featuredmedia":[{"embeddable":true,"href":"https:\/\/gundem59.com.tr\/index.php?rest_route=\/wp\/v2\/media\/3554"}],"wp:attachment":[{"href":"https:\/\/gundem59.com.tr\/index.php?rest_route=%2Fwp%2Fv2%2Fmedia&parent=3553"}],"wp:term":[{"taxonomy":"category","embeddable":true,"href":"https:\/\/gundem59.com.tr\/index.php?rest_route=%2Fwp%2Fv2%2Fcategories&post=3553"},{"taxonomy":"post_tag","embeddable":true,"href":"https:\/\/gundem59.com.tr\/index.php?rest_route=%2Fwp%2Fv2%2Ftags&post=3553"},{"taxonomy":"author","embeddable":true,"href":"https:\/\/gundem59.com.tr\/index.php?rest_route=%2Fwp%2Fv2%2Fppma_author&post=3553"}],"curies":[{"name":"wp","href":"https:\/\/api.w.org\/{rel}","templated":true}]}}