{"id":3540,"date":"2026-07-17T02:24:46","date_gmt":"2026-07-17T02:24:46","guid":{"rendered":"https:\/\/gundem59.com.tr\/?p=3540"},"modified":"2026-07-17T02:24:47","modified_gmt":"2026-07-17T02:24:47","slug":"chpli-baskan-mi-ak-partinin-gonullu-mesai-arkadasi-mi","status":"publish","type":"post","link":"https:\/\/gundem59.com.tr\/?p=3540","title":{"rendered":"CHP&#8217;L\u0130 BA\u015eKAN MI, AK PART\u0130&#8217;N\u0130N G\u00d6N\u00dcLL\u00dc MESA\u0130 ARKADA\u015eI MI?"},"content":{"rendered":"\n<p class=\"wp-block-paragraph\"><strong>Saray Belediye Ba\u015fkan\u0131 Abd\u00fcl Ta\u015fyasan&#8217;\u0131n CHP&#8217;den se\u00e7ilmi\u015f olmas\u0131na ra\u011fmen AK Parti ile kurdu\u011fu yak\u0131n ili\u015fki il\u00e7ede yeniden tart\u0131\u015fma konusu oldu. Uzun s\u00fcredir devam eden bu yak\u0131nl\u0131\u011f\u0131n, se\u00e7im d\u00f6neminde verilen vaatlerin hayata ge\u00e7irilmesinden daha fazla konu\u015fulur hale gelmesi dikkat \u00e7ekiyor.<\/strong><\/p>\n\n\n\n<figure class=\"wp-block-image size-large\"><img  title=\"\" loading=\"lazy\" decoding=\"async\" width=\"1024\" height=\"683\" src=\"https:\/\/gundem59.com.tr\/wp-content\/uploads\/2026\/07\/saray-plaket-tekirdagbakis-1024x683.jpg\"  alt=\"saray-plaket-tekirdagbakis-1024x683 CHP&#039;L\u0130 BA\u015eKAN MI, AK PART\u0130&#039;N\u0130N G\u00d6N\u00dcLL\u00dc MESA\u0130 ARKADA\u015eI MI?\"  class=\"wp-image-3542\" srcset=\"https:\/\/gundem59.com.tr\/wp-content\/uploads\/2026\/07\/saray-plaket-tekirdagbakis-1024x683.jpg 1024w, https:\/\/gundem59.com.tr\/wp-content\/uploads\/2026\/07\/saray-plaket-tekirdagbakis-300x200.jpg 300w, https:\/\/gundem59.com.tr\/wp-content\/uploads\/2026\/07\/saray-plaket-tekirdagbakis-768x512.jpg 768w, https:\/\/gundem59.com.tr\/wp-content\/uploads\/2026\/07\/saray-plaket-tekirdagbakis.jpg 1080w\" sizes=\"auto, (max-width: 1024px) 100vw, 1024px\" \/><\/figure>\n\n\n\n<p class=\"wp-block-paragraph\">Tekirda\u011f&#8217;\u0131n Saray il\u00e7esinde siyasi kulislerin en s\u0131cak ba\u015fl\u0131\u011f\u0131 Belediye Ba\u015fkan\u0131 Abd\u00fcl Ta\u015fyasan&#8217;\u0131n siyasi duru\u015fu&#8230;<\/p>\n\n\n\n<p class=\"wp-block-paragraph\">CHP rozetiyle se\u00e7ilen Ba\u015fkan Ta\u015fyasan&#8217;\u0131n, g\u00f6reve geldi\u011fi g\u00fcnden bu yana AK Parti Saray \u0130l\u00e7e Ba\u015fkan\u0131 Sami Aksu ile hemen her \u00f6nemli programda yan yana g\u00f6r\u00fcnt\u00fc vermesi, il\u00e7ede farkl\u0131 yorumlara neden oluyor.<\/p>\n\n\n\n<figure class=\"wp-block-image size-full\"><img  title=\"\" loading=\"lazy\" decoding=\"async\" width=\"401\" height=\"498\" src=\"https:\/\/gundem59.com.tr\/wp-content\/uploads\/2026\/07\/Adsizgbhntg.png\"  alt=\"Adsizgbhntg CHP&#039;L\u0130 BA\u015eKAN MI, AK PART\u0130&#039;N\u0130N G\u00d6N\u00dcLL\u00dc MESA\u0130 ARKADA\u015eI MI?\"  class=\"wp-image-3543\" srcset=\"https:\/\/gundem59.com.tr\/wp-content\/uploads\/2026\/07\/Adsizgbhntg.png 401w, https:\/\/gundem59.com.tr\/wp-content\/uploads\/2026\/07\/Adsizgbhntg-242x300.png 242w\" sizes=\"auto, (max-width: 401px) 100vw, 401px\" \/><\/figure>\n\n\n\n<p class=\"wp-block-paragraph\">Saray&#8217;da bir\u00e7ok vatanda\u015f, AK Parti&#8217;nin d\u00fczenledi\u011fi organizasyonlarda Ba\u015fkan Ta\u015fyasan&#8217;\u0131n s\u0131k s\u0131k yer ald\u0131\u011f\u0131n\u0131, buna kar\u015f\u0131l\u0131k ayn\u0131 uyumun kendi partisinin y\u00f6netti\u011fi Tekirda\u011f B\u00fcy\u00fck\u015fehir Belediyesi ile g\u00f6r\u00fclemedi\u011fini dile getiriyor.<\/p>\n\n\n\n<figure class=\"wp-block-image size-full\"><img  title=\"\" loading=\"lazy\" decoding=\"async\" width=\"258\" height=\"193\" src=\"https:\/\/gundem59.com.tr\/wp-content\/uploads\/2026\/07\/nnhgjgj.png\"  alt=\"nnhgjgj CHP&#039;L\u0130 BA\u015eKAN MI, AK PART\u0130&#039;N\u0130N G\u00d6N\u00dcLL\u00dc MESA\u0130 ARKADA\u015eI MI?\"  class=\"wp-image-3544\"\/><\/figure>\n\n\n\n<p class=\"wp-block-paragraph\">\u00d6zellikle ge\u00e7ti\u011fimiz Ramazan ay\u0131nda AK Parti taraf\u0131ndan d\u00fczenlenen iftar program\u0131nda yer almas\u0131, program\u0131n destek\u00e7ileri aras\u0131nda g\u00f6sterilmesi ve AK Parti milletvekillerinin teravih sonras\u0131nda belediye makam\u0131nda a\u011f\u0131rlanmas\u0131 o d\u00f6nem il\u00e7ede geni\u015f yank\u0131 uyand\u0131rm\u0131\u015ft\u0131.<\/p>\n\n\n\n<figure class=\"wp-block-image size-full\"><img  title=\"\" loading=\"lazy\" decoding=\"async\" width=\"399\" height=\"501\" src=\"https:\/\/gundem59.com.tr\/wp-content\/uploads\/2026\/07\/ggmj.png\"  alt=\"ggmj CHP&#039;L\u0130 BA\u015eKAN MI, AK PART\u0130&#039;N\u0130N G\u00d6N\u00dcLL\u00dc MESA\u0130 ARKADA\u015eI MI?\"  class=\"wp-image-3545\" srcset=\"https:\/\/gundem59.com.tr\/wp-content\/uploads\/2026\/07\/ggmj.png 399w, https:\/\/gundem59.com.tr\/wp-content\/uploads\/2026\/07\/ggmj-239x300.png 239w\" sizes=\"auto, (max-width: 399px) 100vw, 399px\" \/><\/figure>\n\n\n\n<p class=\"wp-block-paragraph\">Aradan aylar ge\u00e7mesine ra\u011fmen o g\u00f6r\u00fcnt\u00fcler halen Saray siyasetinde konu\u015fulmaya devam ediyor.<\/p>\n\n\n\n<p class=\"wp-block-paragraph\">\u0130l\u00e7e kamuoyunda s\u0131k\u00e7a dile getirilen ele\u015ftirilerin ba\u015f\u0131nda ise \u015fu g\u00f6r\u00fc\u015f geliyor:<\/p>\n\n\n\n<p class=\"wp-block-paragraph\"><strong>&#8220;CHP&#8217;li B\u00fcy\u00fck\u015fehir Belediyesi ile tam uyum i\u00e7inde \u00e7al\u0131\u015fmas\u0131 beklenen Saray Belediyesi, neden ayn\u0131 yak\u0131nl\u0131\u011f\u0131 kendi partisiyle de\u011fil de AK Parti te\u015fkilat\u0131yla g\u00f6steriyor?&#8221;<\/strong><\/p>\n\n\n\n<figure class=\"wp-block-image size-full\"><img  title=\"\" loading=\"lazy\" decoding=\"async\" width=\"547\" height=\"365\" src=\"https:\/\/gundem59.com.tr\/wp-content\/uploads\/2026\/07\/dfgdgdd.png\"  alt=\"dfgdgdd CHP&#039;L\u0130 BA\u015eKAN MI, AK PART\u0130&#039;N\u0130N G\u00d6N\u00dcLL\u00dc MESA\u0130 ARKADA\u015eI MI?\"  class=\"wp-image-3546\" srcset=\"https:\/\/gundem59.com.tr\/wp-content\/uploads\/2026\/07\/dfgdgdd.png 547w, https:\/\/gundem59.com.tr\/wp-content\/uploads\/2026\/07\/dfgdgdd-300x200.png 300w\" sizes=\"auto, (max-width: 547px) 100vw, 547px\" \/><\/figure>\n\n\n\n<p class=\"wp-block-paragraph\">Bir di\u011fer tart\u0131\u015fma konusu ise se\u00e7im vaatleri&#8230;<\/p>\n\n\n\n<p class=\"wp-block-paragraph\">Se\u00e7im \u00f6ncesinde a\u00e7\u0131klanan 36 projenin b\u00fcy\u00fck b\u00f6l\u00fcm\u00fcn\u00fcn halen hayata ge\u00e7irilmedi\u011fini savunan vatanda\u015flar, siyasi g\u00f6r\u00fcnt\u00fclerden \u00e7ok hizmet g\u00f6rmek istediklerini belirtiyor.<\/p>\n\n\n\n<p class=\"wp-block-paragraph\">\u0130l\u00e7ede konu\u015fulan yorumlara g\u00f6re vatanda\u015flar\u0131n \u00f6nemli bir b\u00f6l\u00fcm\u00fc art\u0131k \u015fu soruya cevap ar\u0131yor:<\/p>\n\n\n\n<p class=\"wp-block-paragraph\"><strong>&#8220;Saray&#8217;da g\u00fcndem hizmet mi, siyaset mi?&#8221;<\/strong><\/p>\n\n\n\n<figure class=\"wp-block-image size-full\"><img  title=\"\" loading=\"lazy\" decoding=\"async\" width=\"592\" height=\"337\" src=\"https:\/\/gundem59.com.tr\/wp-content\/uploads\/2026\/07\/gfdgdfgdg.png\"  alt=\"gfdgdfgdg CHP&#039;L\u0130 BA\u015eKAN MI, AK PART\u0130&#039;N\u0130N G\u00d6N\u00dcLL\u00dc MESA\u0130 ARKADA\u015eI MI?\"  class=\"wp-image-3547\" srcset=\"https:\/\/gundem59.com.tr\/wp-content\/uploads\/2026\/07\/gfdgdfgdg.png 592w, https:\/\/gundem59.com.tr\/wp-content\/uploads\/2026\/07\/gfdgdfgdg-300x171.png 300w\" sizes=\"auto, (max-width: 592px) 100vw, 592px\" \/><\/figure>\n\n\n\n<p class=\"wp-block-paragraph\">Saat Kulesi ve Hayvan Bar\u0131na\u011f\u0131 d\u0131\u015f\u0131nda se\u00e7im d\u00f6neminde a\u00e7\u0131klanan projelerin \u00f6nemli b\u00f6l\u00fcm\u00fcn\u00fcn kamuoyu taraf\u0131ndan hen\u00fcz g\u00f6r\u00fclmedi\u011fini ifade eden vatanda\u015flar, belediyeden kapsaml\u0131 bir performans raporu bekliyor.<\/p>\n\n\n\n<p class=\"wp-block-paragraph\">Saray&#8217;da siyaset kulislerini hareketlendiren tart\u0131\u015fma b\u00fcy\u00fcrken, g\u00f6zler Belediye Ba\u015fkan\u0131 Abd\u00fcl Ta\u015fyasan&#8217;dan gelecek a\u00e7\u0131klamalara \u00e7evrilmi\u015f durumda.<\/p>\n\n\n\n<p class=\"wp-block-paragraph\">Saray, Tekirda\u011f, Abd\u00fcl Ta\u015fyasan, Saray Belediyesi, Sami Aksu, AK Parti, CHP, Tekirda\u011f B\u00fcy\u00fck\u015fehir Belediyesi, Candan Y\u00fcceer, Yerel Siyaset, Yerel Y\u00f6netimler, Trakya, G\u00fcndem59<\/p>\n\n\n\n<p class=\"wp-block-paragraph\">#Saray #Tekirda\u011f #Abd\u00fclTa\u015fyasan #SarayBelediyesi #AKParti #CHP #SamiAksu #YerelSiyaset #G\u00fcndem59 #Tekirda\u011fHaber #SarayHaber #YerelG\u00fcndem #Belediyecilik #Trakya #G\u00fcncelHaberler<\/p>\n","protected":false},"excerpt":{"rendered":"<p>Saray Belediye Ba\u015fkan\u0131 Abd\u00fcl Ta\u015fyasan&#8217;\u0131n CHP&#8217;den se\u00e7ilmi\u015f olmas\u0131na ra\u011fmen AK Parti ile kurdu\u011fu yak\u0131n ili\u015fki&#8230;<\/p>\n","protected":false},"author":1,"featured_media":3541,"comment_status":"closed","ping_status":"closed","sticky":false,"template":"","format":"standard","meta":{"footnotes":""},"categories":[4],"tags":[],"ppma_author":[57],"class_list":["post-3540","post","type-post","status-publish","format-standard","has-post-thumbnail","hentry","category-saray"],"authors":[{"term_id":57,"user_id":1,"is_guest":0,"slug":"admin","display_name":"Alp Aslan","avatar_url":"https:\/\/secure.gravatar.com\/avatar\/07c18c5ad3350b025db8f3328450e071acb435c703e565899c880c63362f137a?s=96&d=mm&r=g","author_category":"1","first_name":"Alp Aslan","last_name":"ER\u0130N","user_url":"http:\/\/www.gundem59.com.tr","job_title":"","description":""}],"_links":{"self":[{"href":"https:\/\/gundem59.com.tr\/index.php?rest_route=\/wp\/v2\/posts\/3540","targetHints":{"allow":["GET"]}}],"collection":[{"href":"https:\/\/gundem59.com.tr\/index.php?rest_route=\/wp\/v2\/posts"}],"about":[{"href":"https:\/\/gundem59.com.tr\/index.php?rest_route=\/wp\/v2\/types\/post"}],"author":[{"embeddable":true,"href":"https:\/\/gundem59.com.tr\/index.php?rest_route=\/wp\/v2\/users\/1"}],"replies":[{"embeddable":true,"href":"https:\/\/gundem59.com.tr\/index.php?rest_route=%2Fwp%2Fv2%2Fcomments&post=3540"}],"version-history":[{"count":1,"href":"https:\/\/gundem59.com.tr\/index.php?rest_route=\/wp\/v2\/posts\/3540\/revisions"}],"predecessor-version":[{"id":3548,"href":"https:\/\/gundem59.com.tr\/index.php?rest_route=\/wp\/v2\/posts\/3540\/revisions\/3548"}],"wp:featuredmedia":[{"embeddable":true,"href":"https:\/\/gundem59.com.tr\/index.php?rest_route=\/wp\/v2\/media\/3541"}],"wp:attachment":[{"href":"https:\/\/gundem59.com.tr\/index.php?rest_route=%2Fwp%2Fv2%2Fmedia&parent=3540"}],"wp:term":[{"taxonomy":"category","embeddable":true,"href":"https:\/\/gundem59.com.tr\/index.php?rest_route=%2Fwp%2Fv2%2Fcategories&post=3540"},{"taxonomy":"post_tag","embeddable":true,"href":"https:\/\/gundem59.com.tr\/index.php?rest_route=%2Fwp%2Fv2%2Ftags&post=3540"},{"taxonomy":"author","embeddable":true,"href":"https:\/\/gundem59.com.tr\/index.php?rest_route=%2Fwp%2Fv2%2Fppma_author&post=3540"}],"curies":[{"name":"wp","href":"https:\/\/api.w.org\/{rel}","templated":true}]}}