{"id":3442,"date":"2026-07-15T15:50:35","date_gmt":"2026-07-15T15:50:35","guid":{"rendered":"https:\/\/gundem59.com.tr\/?p=3442"},"modified":"2026-07-15T18:05:20","modified_gmt":"2026-07-15T18:05:20","slug":"sehitlerimiz-icin-mevlid-i-serif-okundu","status":"publish","type":"post","link":"https:\/\/gundem59.com.tr\/?p=3442","title":{"rendered":"\u015eehitlerimiz \u0130\u00e7in Mevlid-i \u015eerif Okundu"},"content":{"rendered":"\n<p class=\"wp-block-paragraph\"><strong>15 Temmuz Demokrasi ve Milli Birlik G\u00fcn\u00fc etkinlikleri kapsam\u0131nda Tekirda\u011f Orta Camii\u2019nde d\u00fczenlenen Mevlid-i \u015eerif Program\u0131&#8217;nda, 15 Temmuz \u015fehitleri ile t\u00fcm \u015fehitler dualarla an\u0131ld\u0131.<\/strong><\/p>\n\n\n\n<p class=\"wp-block-paragraph\">Tekirda\u011f Valisi Recep Soyt\u00fcrk, 15 Temmuz Demokrasi ve Milli Birlik G\u00fcn\u00fc dolay\u0131s\u0131yla Orta Camii&#8217;nde ger\u00e7ekle\u015ftirilen Mevlid-i \u015eerif Program\u0131&#8217;na kat\u0131ld\u0131.<\/p>\n\n\n\n<p class=\"wp-block-paragraph\">Programda Kur&#8217;an-\u0131 Kerim tilaveti okunurken, ba\u015fta 15 Temmuz \u015fehitleri olmak \u00fczere vatan u\u011fruna canlar\u0131n\u0131 feda eden t\u00fcm \u015fehitler i\u00e7in dualar edildi.<\/p>\n\n\n\n<p class=\"wp-block-paragraph\">Manevi atmosferin hakim oldu\u011fu programda vatanda\u015flar da yo\u011fun kat\u0131l\u0131m g\u00f6sterirken, \u015fehitlerin aziz hat\u0131ralar\u0131 bir kez daha rahmet ve minnetle yad edildi.<\/p>\n\n\n\n<p class=\"wp-block-paragraph\">15 Temmuz Demokrasi ve Milli Birlik G\u00fcn\u00fc kapsam\u0131nda d\u00fczenlenen etkinliklerle, milletin demokrasiye sahip \u00e7\u0131kt\u0131\u011f\u0131 o tarihi gecenin unutulmamas\u0131 ve gelecek nesillere aktar\u0131lmas\u0131 ama\u00e7lan\u0131yor.<\/p>\n\n\n\n<p class=\"wp-block-paragraph\">Vali Recep Soyt\u00fcrk, program sonunda \u015fehitler i\u00e7in yap\u0131lan dualara e\u015flik ederek, vatan u\u011fruna can veren kahramanlar\u0131n emanetlerine sahip \u00e7\u0131kman\u0131n herkesin ortak sorumlulu\u011fu oldu\u011funu ifade etti.<\/p>\n\n\n\n<p class=\"wp-block-paragraph\">&#x1f449; T\u00fcrkiye g\u00fcndeminden en g\u00fcncel haberler i\u00e7in;<\/p>\n\n\n\n<p class=\"wp-block-paragraph\">&#x1f310; <a href=\"https:\/\/www.gundem59.com.tr\/?utm_source=chatgpt.com\">G\u00fcndem59<\/a><\/p>\n\n\n\n<p class=\"wp-block-paragraph\">&#x1f310; <a href=\"https:\/\/www.turkiyemhaber.com\/?utm_source=chatgpt.com\">T\u00fcrkiyem Haber<\/a><\/p>\n\n\n\n<p class=\"wp-block-paragraph\">&#x1f310; <a href=\"https:\/\/www.gundem44.com.tr\/?utm_source=chatgpt.com\">G\u00fcndem44<\/a><\/p>\n\n\n\n<p class=\"wp-block-paragraph\">&#x1f310; <a href=\"https:\/\/www.gundem34haber.com.tr\/?utm_source=chatgpt.com\">G\u00fcndem34 Haber<\/a><\/p>\n\n\n\n<p class=\"wp-block-paragraph\">&#x1f310; <a href=\"https:\/\/www.saray59.com.tr\/?utm_source=chatgpt.com\">Saray59<\/a><\/p>\n\n\n\n<p class=\"wp-block-paragraph\">&#x1f4fa; <a href=\"https:\/\/www.turkiyemhabertv.com\/?utm_source=chatgpt.com\">T\u00fcrkiyem Haber TV<\/a><\/p>\n\n\n\n<p class=\"wp-block-paragraph\">&#x1f4fb; <a href=\"https:\/\/www.turkiyemradyo.com\/?utm_source=chatgpt.com\">T\u00fcrkiyem Radyo<\/a><\/p>\n\n\n\n<p class=\"wp-block-paragraph\">&#x1f4f1; @gundem59__<\/p>\n\n\n\n<p class=\"wp-block-paragraph\">&#x1f4f1; @turkiyemhaber_tr<\/p>\n\n\n\n<p class=\"wp-block-paragraph\">#Tekirda\u011f #RecepSoyt\u00fcrk #15Temmuz #DemokrasiVeMilliBirlikG\u00fcn\u00fc #\u015eehitlerimiz #Mevlidi\u015eerif #OrtaCamii #Tekirda\u011fValili\u011fi #KuraniKerim #\u015eehitlerimizeRahmet #MilliBirlik #G\u00fcndem59 #T\u00fcrkiyemHaber #G\u00fcndem44 #G\u00fcndem34Haber #Saray59 #Tekirda\u011fHaberleri #SonDakika #G\u00fcncelHaberler<\/p>\n","protected":false},"excerpt":{"rendered":"<p>15 Temmuz Demokrasi ve Milli Birlik G\u00fcn\u00fc etkinlikleri kapsam\u0131nda Tekirda\u011f Orta Camii\u2019nde d\u00fczenlenen Mevlid-i \u015eerif&#8230;<\/p>\n","protected":false},"author":1,"featured_media":3446,"comment_status":"closed","ping_status":"closed","sticky":false,"template":"","format":"standard","meta":{"footnotes":""},"categories":[56],"tags":[],"ppma_author":[57],"class_list":["post-3442","post","type-post","status-publish","format-standard","has-post-thumbnail","hentry","category-guncel"],"authors":[{"term_id":57,"user_id":1,"is_guest":0,"slug":"admin","display_name":"Alp Aslan","avatar_url":"https:\/\/secure.gravatar.com\/avatar\/07c18c5ad3350b025db8f3328450e071acb435c703e565899c880c63362f137a?s=96&d=mm&r=g","author_category":"1","first_name":"Alp Aslan","last_name":"ER\u0130N","user_url":"http:\/\/www.gundem59.com.tr","job_title":"","description":""}],"_links":{"self":[{"href":"https:\/\/gundem59.com.tr\/index.php?rest_route=\/wp\/v2\/posts\/3442","targetHints":{"allow":["GET"]}}],"collection":[{"href":"https:\/\/gundem59.com.tr\/index.php?rest_route=\/wp\/v2\/posts"}],"about":[{"href":"https:\/\/gundem59.com.tr\/index.php?rest_route=\/wp\/v2\/types\/post"}],"author":[{"embeddable":true,"href":"https:\/\/gundem59.com.tr\/index.php?rest_route=\/wp\/v2\/users\/1"}],"replies":[{"embeddable":true,"href":"https:\/\/gundem59.com.tr\/index.php?rest_route=%2Fwp%2Fv2%2Fcomments&post=3442"}],"version-history":[{"count":1,"href":"https:\/\/gundem59.com.tr\/index.php?rest_route=\/wp\/v2\/posts\/3442\/revisions"}],"predecessor-version":[{"id":3444,"href":"https:\/\/gundem59.com.tr\/index.php?rest_route=\/wp\/v2\/posts\/3442\/revisions\/3444"}],"wp:featuredmedia":[{"embeddable":true,"href":"https:\/\/gundem59.com.tr\/index.php?rest_route=\/wp\/v2\/media\/3446"}],"wp:attachment":[{"href":"https:\/\/gundem59.com.tr\/index.php?rest_route=%2Fwp%2Fv2%2Fmedia&parent=3442"}],"wp:term":[{"taxonomy":"category","embeddable":true,"href":"https:\/\/gundem59.com.tr\/index.php?rest_route=%2Fwp%2Fv2%2Fcategories&post=3442"},{"taxonomy":"post_tag","embeddable":true,"href":"https:\/\/gundem59.com.tr\/index.php?rest_route=%2Fwp%2Fv2%2Ftags&post=3442"},{"taxonomy":"author","embeddable":true,"href":"https:\/\/gundem59.com.tr\/index.php?rest_route=%2Fwp%2Fv2%2Fppma_author&post=3442"}],"curies":[{"name":"wp","href":"https:\/\/api.w.org\/{rel}","templated":true}]}}