{"id":3439,"date":"2026-07-15T15:47:23","date_gmt":"2026-07-15T15:47:23","guid":{"rendered":"https:\/\/gundem59.com.tr\/?p=3439"},"modified":"2026-07-15T15:47:24","modified_gmt":"2026-07-15T15:47:24","slug":"vali-soyturk-15-temmuz-vr-deneyim-alaninin-acilisini-yapti","status":"publish","type":"post","link":"https:\/\/gundem59.com.tr\/?p=3439","title":{"rendered":"Vali Soyt\u00fcrk 15 Temmuz VR Deneyim Alan\u0131&#8217;n\u0131n A\u00e7\u0131l\u0131\u015f\u0131n\u0131 Yapt\u0131"},"content":{"rendered":"\n<p class=\"wp-block-paragraph\"><strong>Tekirda\u011f Valisi Recep Soyt\u00fcrk, Yahya Kemal Beyatl\u0131 K\u00fclt\u00fcr Merkezi&#8217;nde kurulan 15 Temmuz VR Deneyim Alan\u0131&#8217;n\u0131n a\u00e7\u0131l\u0131\u015f\u0131n\u0131 ger\u00e7ekle\u015ftirerek vatanda\u015flar\u0131 sanal ger\u00e7eklik teknolojisiyle haz\u0131rlanan \u00f6zel deneyim alan\u0131n\u0131 ziyaret etmeye davet etti.<\/strong><\/p>\n\n\n\n<p class=\"wp-block-paragraph\">15 Temmuz Demokrasi ve Milli Birlik G\u00fcn\u00fc etkinlikleri kapsam\u0131nda Cumhurba\u015fkanl\u0131\u011f\u0131 \u0130leti\u015fim Ba\u015fkanl\u0131\u011f\u0131 koordinasyonunda haz\u0131rlanan 15 Temmuz VR Deneyim Alan\u0131&#8217;n\u0131n a\u00e7\u0131l\u0131\u015f\u0131 Tekirda\u011f Valisi Recep Soyt\u00fcrk&#8217;\u00fcn kat\u0131l\u0131m\u0131yla ger\u00e7ekle\u015ftirildi.<\/p>\n\n\n\n<p class=\"wp-block-paragraph\">A\u00e7\u0131l\u0131\u015f \u00f6ncesinde K\u00fclt\u00fcr ve Turizm M\u00fcd\u00fcrl\u00fc\u011f\u00fc taraf\u0131ndan haz\u0131rlanan 15 Temmuz temal\u0131 kitap sergisini gezen Vali Soyt\u00fcrk, sergilenen eserleri inceleyerek yetkililerden bilgi ald\u0131.<\/p>\n\n\n\n<p class=\"wp-block-paragraph\">Daha sonra VR Deneyim Alan\u0131&#8217;n\u0131n a\u00e7\u0131l\u0131\u015f\u0131n\u0131 yapan Vali Soyt\u00fcrk, 15 Temmuz Demokrasi ve Milli Birlik G\u00fcn\u00fc An\u0131 Defteri&#8217;ne duygu ve d\u00fc\u015f\u00fcncelerini yazd\u0131. Soyt\u00fcrk, mesaj\u0131nda 15 Temmuz&#8217;un T\u00fcrk milletinin demokrasiye, ba\u011f\u0131ms\u0131zl\u0131\u011fa ve milli iradeye sahip \u00e7\u0131kt\u0131\u011f\u0131 tarihi bir d\u00f6n\u00fcm noktas\u0131 oldu\u011funu vurgulad\u0131.<\/p>\n\n\n\n<p class=\"wp-block-paragraph\">Vali Soyt\u00fcrk, 15 Temmuz gecesinde T\u00fcrk Silahl\u0131 Kuvvetleri i\u00e7erisine s\u0131zan hain yap\u0131 taraf\u0131ndan ger\u00e7ekle\u015ftirilen darbe giri\u015fiminin, milletin kararl\u0131 duru\u015fu sayesinde ba\u015far\u0131s\u0131zl\u0131\u011fa u\u011frat\u0131ld\u0131\u011f\u0131n\u0131 belirterek, vatanda\u015flar\u0131n tanklara, silahlara ve bombalara kar\u015f\u0131 g\u00f6sterdi\u011fi e\u015fsiz direni\u015fin tarihe alt\u0131n harflerle yaz\u0131ld\u0131\u011f\u0131n\u0131 ifade etti.<\/p>\n\n\n\n<p class=\"wp-block-paragraph\">Cumhurba\u015fkan\u0131 Recep Tayyip Erdo\u011fan&#8217;\u0131n liderli\u011fi ve milletin kararl\u0131l\u0131\u011f\u0131 sayesinde karanl\u0131k gecenin ayd\u0131nl\u0131k bir sabaha d\u00f6n\u00fc\u015ft\u00fc\u011f\u00fcn\u00fc dile getiren Soyt\u00fcrk, T\u00fcrk milletinin ge\u00e7mi\u015fte oldu\u011fu gibi gelecekte de her t\u00fcrl\u00fc zorlu\u011fun \u00fcstesinden gelerek yoluna devam edece\u011fini s\u00f6yledi.<\/p>\n\n\n\n<p class=\"wp-block-paragraph\">A\u00e7\u0131l\u0131\u015f\u0131n ard\u0131ndan sanal ger\u00e7eklik teknolojisiyle haz\u0131rlanan deneyim alan\u0131n\u0131 gezen Vali Soyt\u00fcrk, VR g\u00f6zl\u00fc\u011f\u00fcn\u00fc takarak haz\u0131rlanan i\u00e7erikleri inceledi. Vatanda\u015flar\u0131n 15 Temmuz gecesinde ya\u015fananlar\u0131 daha yak\u0131ndan hissedebilmesi amac\u0131yla haz\u0131rlanan uygulamalar\u0131n dikkat \u00e7ekici oldu\u011funu belirten Soyt\u00fcrk, \u00f6zellikle gen\u00e7 nesillerin o geceyi do\u011fru \u015fekilde \u00f6\u011frenmesi a\u00e7\u0131s\u0131ndan bu t\u00fcr teknolojik \u00e7al\u0131\u015fmalar\u0131n \u00f6nemli oldu\u011funu ifade etti.<\/p>\n\n\n\n<p class=\"wp-block-paragraph\">Ziyaret s\u0131ras\u0131nda de\u011ferlendirmelerde bulunan Vali Soyt\u00fcrk, 15 Temmuz&#8217;un sadece hat\u0131rlanmas\u0131 gereken bir tarih olmad\u0131\u011f\u0131n\u0131, ayn\u0131 zamanda gelecek ku\u015faklara aktar\u0131lmas\u0131 gereken b\u00fcy\u00fck bir demokrasi m\u00fccadelesi oldu\u011funu belirterek t\u00fcm vatanda\u015flar\u0131 deneyim alan\u0131n\u0131 ziyaret etmeye davet etti.<\/p>\n\n\n\n<p class=\"wp-block-paragraph\">&#8220;Milletin Zaferi, Demokrasinin G\u00fcc\u00fc&#8221; temas\u0131yla haz\u0131rlanan ve \u00fccretsiz olarak ziyaret edilebilen 15 Temmuz VR Deneyim Alan\u0131, 15-16 Temmuz tarihlerinde saat 18.00&#8217;e kadar Yahya Kemal Beyatl\u0131 K\u00fclt\u00fcr Merkezi&#8217;nde vatanda\u015flar\u0131n ziyaretine a\u00e7\u0131k olacak.<\/p>\n\n\n\n<p class=\"wp-block-paragraph\">&#x1f449; T\u00fcrkiye g\u00fcndeminden en g\u00fcncel haberler i\u00e7in;<\/p>\n\n\n\n<p class=\"wp-block-paragraph\">&#x1f310; <a href=\"https:\/\/www.gundem59.com.tr\/?utm_source=chatgpt.com\">G\u00fcndem59<\/a><\/p>\n\n\n\n<p class=\"wp-block-paragraph\">&#x1f310; <a href=\"https:\/\/www.turkiyemhaber.com\/?utm_source=chatgpt.com\">T\u00fcrkiyem Haber<\/a><\/p>\n\n\n\n<p class=\"wp-block-paragraph\">&#x1f310; <a href=\"https:\/\/www.gundem44.com.tr\/?utm_source=chatgpt.com\">G\u00fcndem44<\/a><\/p>\n\n\n\n<p class=\"wp-block-paragraph\">&#x1f310; <a href=\"https:\/\/www.gundem34haber.com.tr\/?utm_source=chatgpt.com\">G\u00fcndem34 Haber<\/a><\/p>\n\n\n\n<p class=\"wp-block-paragraph\">&#x1f310; <a href=\"https:\/\/www.saray59.com.tr\/?utm_source=chatgpt.com\">Saray59<\/a><\/p>\n\n\n\n<p class=\"wp-block-paragraph\">&#x1f4fa; <a href=\"https:\/\/www.turkiyemhabertv.com\/?utm_source=chatgpt.com\">T\u00fcrkiyem Haber TV<\/a><\/p>\n\n\n\n<p class=\"wp-block-paragraph\">&#x1f4fb; <a href=\"https:\/\/www.turkiyemradyo.com\/?utm_source=chatgpt.com\">T\u00fcrkiyem Radyo<\/a><\/p>\n\n\n\n<p class=\"wp-block-paragraph\">&#x1f4f1; @gundem59__<\/p>\n\n\n\n<p class=\"wp-block-paragraph\">&#x1f4f1; @turkiyemhaber_tr<\/p>\n\n\n\n<p class=\"wp-block-paragraph\">#Tekirda\u011f #RecepSoyt\u00fcrk #15Temmuz #DemokrasiVeMilliBirlikG\u00fcn\u00fc #VRDeneyimAlan\u0131 #YahyaKemalBeyatl\u0131K\u00fclt\u00fcrMerkezi #Tekirda\u011fValili\u011fi #Milli\u0130rade #T\u00fcrkiyeY\u00fczy\u0131l\u0131 #G\u00fcndem59 #T\u00fcrkiyemHaber #G\u00fcndem44 #G\u00fcndem34Haber #Saray59 #Tekirda\u011fHaberleri #G\u00fcncelHaberler #SonDakika<\/p>\n","protected":false},"excerpt":{"rendered":"<p>Tekirda\u011f Valisi Recep Soyt\u00fcrk, Yahya Kemal Beyatl\u0131 K\u00fclt\u00fcr Merkezi&#8217;nde kurulan 15 Temmuz VR Deneyim Alan\u0131&#8217;n\u0131n&#8230;<\/p>\n","protected":false},"author":1,"featured_media":3440,"comment_status":"closed","ping_status":"closed","sticky":false,"template":"","format":"standard","meta":{"footnotes":""},"categories":[56],"tags":[],"ppma_author":[57],"class_list":["post-3439","post","type-post","status-publish","format-standard","has-post-thumbnail","hentry","category-guncel"],"authors":[{"term_id":57,"user_id":1,"is_guest":0,"slug":"admin","display_name":"Alp Aslan","avatar_url":"https:\/\/secure.gravatar.com\/avatar\/07c18c5ad3350b025db8f3328450e071acb435c703e565899c880c63362f137a?s=96&d=mm&r=g","author_category":"1","first_name":"Alp Aslan","last_name":"ER\u0130N","user_url":"http:\/\/www.gundem59.com.tr","job_title":"","description":""}],"_links":{"self":[{"href":"https:\/\/gundem59.com.tr\/index.php?rest_route=\/wp\/v2\/posts\/3439","targetHints":{"allow":["GET"]}}],"collection":[{"href":"https:\/\/gundem59.com.tr\/index.php?rest_route=\/wp\/v2\/posts"}],"about":[{"href":"https:\/\/gundem59.com.tr\/index.php?rest_route=\/wp\/v2\/types\/post"}],"author":[{"embeddable":true,"href":"https:\/\/gundem59.com.tr\/index.php?rest_route=\/wp\/v2\/users\/1"}],"replies":[{"embeddable":true,"href":"https:\/\/gundem59.com.tr\/index.php?rest_route=%2Fwp%2Fv2%2Fcomments&post=3439"}],"version-history":[{"count":1,"href":"https:\/\/gundem59.com.tr\/index.php?rest_route=\/wp\/v2\/posts\/3439\/revisions"}],"predecessor-version":[{"id":3441,"href":"https:\/\/gundem59.com.tr\/index.php?rest_route=\/wp\/v2\/posts\/3439\/revisions\/3441"}],"wp:featuredmedia":[{"embeddable":true,"href":"https:\/\/gundem59.com.tr\/index.php?rest_route=\/wp\/v2\/media\/3440"}],"wp:attachment":[{"href":"https:\/\/gundem59.com.tr\/index.php?rest_route=%2Fwp%2Fv2%2Fmedia&parent=3439"}],"wp:term":[{"taxonomy":"category","embeddable":true,"href":"https:\/\/gundem59.com.tr\/index.php?rest_route=%2Fwp%2Fv2%2Fcategories&post=3439"},{"taxonomy":"post_tag","embeddable":true,"href":"https:\/\/gundem59.com.tr\/index.php?rest_route=%2Fwp%2Fv2%2Ftags&post=3439"},{"taxonomy":"author","embeddable":true,"href":"https:\/\/gundem59.com.tr\/index.php?rest_route=%2Fwp%2Fv2%2Fppma_author&post=3439"}],"curies":[{"name":"wp","href":"https:\/\/api.w.org\/{rel}","templated":true}]}}