{"id":3436,"date":"2026-07-15T15:23:27","date_gmt":"2026-07-15T15:23:27","guid":{"rendered":"https:\/\/gundem59.com.tr\/?p=3436"},"modified":"2026-07-15T15:23:28","modified_gmt":"2026-07-15T15:23:28","slug":"muratlida-salvar-gecesinde-birlik-ve-beraberlik","status":"publish","type":"post","link":"https:\/\/gundem59.com.tr\/?p=3436","title":{"rendered":"Muratl\u0131&#8217;da \u015ealvar Gecesi&#8217;nde Birlik ve Beraberlik"},"content":{"rendered":"\n<p class=\"wp-block-paragraph\"><strong>Tekirda\u011f&#8217;\u0131n Muratl\u0131 il\u00e7esine ba\u011fl\u0131 K\u0131rkkepenekli Mahallesi&#8217;nde d\u00fczenlenen geleneksel \u015ealvar Gecesi, renkli g\u00f6r\u00fcnt\u00fclere sahne oldu. Davul-zurna e\u015fli\u011finde ger\u00e7ekle\u015ftirilen etkinlikte kad\u0131nlar rengarenk \u015falvarlar\u0131yla oyun havalar\u0131 oynarken, birlik ve beraberlik mesajlar\u0131 verildi.<\/strong><\/p>\n\n\n\n<p class=\"wp-block-paragraph\">K\u0131rkkepenekli Mahallesi&#8217;nde ger\u00e7ekle\u015ftirilen program, Gazi Mustafa Kemal Atat\u00fcrk, silah arkada\u015flar\u0131 ve aziz \u015fehitler an\u0131s\u0131na yap\u0131lan sayg\u0131 duru\u015fu ve \u0130stiklal Mar\u015f\u0131&#8217;n\u0131n okunmas\u0131yla ba\u015flad\u0131. A\u00e7\u0131l\u0131\u015f\u0131n ard\u0131ndan etkinlik k\u00fclt\u00fcrel g\u00f6steriler ve e\u011flence program\u0131yla devam etti.<\/p>\n\n\n\n<p class=\"wp-block-paragraph\">Mahalle sakinlerinin yo\u011fun ilgi g\u00f6sterdi\u011fi gecede birlik, beraberlik ve dayan\u0131\u015fma ruhu \u00f6n plana \u00e7\u0131kt\u0131. Kat\u0131l\u0131mc\u0131lar hem geleneksel k\u00fclt\u00fcr\u00fc ya\u015fatma f\u0131rsat\u0131 buldu hem de keyifli vakit ge\u00e7irdi.<\/p>\n\n\n\n<p class=\"wp-block-paragraph\">K\u0131rkkepenekli Mahallesi Muhtar\u0131 Ufuk \u00d6ztok yapt\u0131\u011f\u0131 konu\u015fmada birlik ve beraberli\u011fin \u00f6nemine dikkat \u00e7ekerek, mahalle halk\u0131n\u0131n dayan\u0131\u015fma i\u00e7erisinde hareket etmesinin bu t\u00fcr etkinliklerle daha da g\u00fc\u00e7lendi\u011fini ifade etti.<\/p>\n\n\n\n<p class=\"wp-block-paragraph\">Etkinli\u011fin organizasyonunda g\u00f6rev alan mahalle sakinlerinden Bilge Alt\u0131nsoy ise \u015ealvar Gecesi&#8217;nin her y\u0131l geleneksel olarak d\u00fczenlendi\u011fini belirterek, ama\u00e7lar\u0131n\u0131n mahalledeki dayan\u0131\u015fmay\u0131 g\u00fc\u00e7lendirmek, k\u00fclt\u00fcrel de\u011ferleri ya\u015fatmak ve bu miras\u0131 gelecek nesillere aktarmak oldu\u011funu s\u00f6yledi.<\/p>\n\n\n\n<p class=\"wp-block-paragraph\">Gecenin ilerleyen saatlerinde davul ve zurna e\u015fli\u011finde ba\u015flayan e\u011flencede kad\u0131nlar rengarenk \u015falvarlar\u0131yla oyun havalar\u0131 oynarken, ortaya renkli ve ne\u015feli g\u00f6r\u00fcnt\u00fcler \u00e7\u0131kt\u0131. Kat\u0131l\u0131mc\u0131lar ge\u00e7 saatlere kadar s\u00fcren etkinlikte doyas\u0131ya e\u011flendi.<\/p>\n\n\n\n<p class=\"wp-block-paragraph\">Mahalle sakinleri, geleneksel \u015ealvar Gecesi&#8217;nin gelecek y\u0131llarda da s\u00fcrd\u00fcr\u00fclmesini istediklerini belirterek organizasyonda eme\u011fi ge\u00e7enlere te\u015fekk\u00fcr etti.<\/p>\n\n\n\n<p class=\"wp-block-paragraph\">&#x1f449; T\u00fcrkiye g\u00fcndeminden en g\u00fcncel haberler i\u00e7in;<\/p>\n\n\n\n<p class=\"wp-block-paragraph\">&#x1f310; <a target=\"_blank\" rel=\"noreferrer noopener\">G\u00fcndem59<\/a><\/p>\n\n\n\n<p class=\"wp-block-paragraph\">&#x1f310; <a target=\"_blank\" rel=\"noreferrer noopener\">T\u00fcrkiyem Haber<\/a><\/p>\n\n\n\n<p class=\"wp-block-paragraph\">&#x1f310; <a target=\"_blank\" rel=\"noreferrer noopener\">G\u00fcndem44<\/a><\/p>\n\n\n\n<p class=\"wp-block-paragraph\">&#x1f310; <a target=\"_blank\" rel=\"noreferrer noopener\">G\u00fcndem34 Haber<\/a><\/p>\n\n\n\n<p class=\"wp-block-paragraph\">&#x1f310; <a target=\"_blank\" rel=\"noreferrer noopener\">Saray59<\/a><\/p>\n\n\n\n<p class=\"wp-block-paragraph\">&#x1f4fa; <a target=\"_blank\" rel=\"noreferrer noopener\">T\u00fcrkiyem Haber TV<\/a><\/p>\n\n\n\n<p class=\"wp-block-paragraph\">&#x1f4fb; <a target=\"_blank\" rel=\"noreferrer noopener\">T\u00fcrkiyem Radyo<\/a><\/p>\n\n\n\n<p class=\"wp-block-paragraph\">&#x1f4f1; @gundem59__<\/p>\n\n\n\n<p class=\"wp-block-paragraph\">&#x1f4f1; @turkiyemhaber_tr<\/p>\n\n\n\n<p class=\"wp-block-paragraph\">#Muratl\u0131 #K\u0131rkkepenekli #\u015ealvarGecesi #Tekirda\u011f #K\u00fclt\u00fcrSanat #GelenekselEtkinlik #DavulZurna #YerelHaber #Tekirda\u011fHaberleri #G\u00fcndem59 #T\u00fcrkiyemHaber #G\u00fcndem44 #Saray59 #K\u00fclt\u00fcrelMiras #BirlikVeBeraberlik #G\u00fcncelHaberler #T\u00fcrkiyeG\u00fcndemi<\/p>\n","protected":false},"excerpt":{"rendered":"<p>Tekirda\u011f&#8217;\u0131n Muratl\u0131 il\u00e7esine ba\u011fl\u0131 K\u0131rkkepenekli Mahallesi&#8217;nde d\u00fczenlenen geleneksel \u015ealvar Gecesi, renkli g\u00f6r\u00fcnt\u00fclere sahne oldu. Davul-zurna&#8230;<\/p>\n","protected":false},"author":1,"featured_media":3437,"comment_status":"closed","ping_status":"closed","sticky":false,"template":"","format":"standard","meta":{"footnotes":""},"categories":[12],"tags":[],"ppma_author":[57],"class_list":["post-3436","post","type-post","status-publish","format-standard","has-post-thumbnail","hentry","category-muratli"],"authors":[{"term_id":57,"user_id":1,"is_guest":0,"slug":"admin","display_name":"Alp Aslan","avatar_url":"https:\/\/secure.gravatar.com\/avatar\/07c18c5ad3350b025db8f3328450e071acb435c703e565899c880c63362f137a?s=96&d=mm&r=g","author_category":"1","first_name":"Alp Aslan","last_name":"ER\u0130N","user_url":"http:\/\/www.gundem59.com.tr","job_title":"","description":""}],"_links":{"self":[{"href":"https:\/\/gundem59.com.tr\/index.php?rest_route=\/wp\/v2\/posts\/3436","targetHints":{"allow":["GET"]}}],"collection":[{"href":"https:\/\/gundem59.com.tr\/index.php?rest_route=\/wp\/v2\/posts"}],"about":[{"href":"https:\/\/gundem59.com.tr\/index.php?rest_route=\/wp\/v2\/types\/post"}],"author":[{"embeddable":true,"href":"https:\/\/gundem59.com.tr\/index.php?rest_route=\/wp\/v2\/users\/1"}],"replies":[{"embeddable":true,"href":"https:\/\/gundem59.com.tr\/index.php?rest_route=%2Fwp%2Fv2%2Fcomments&post=3436"}],"version-history":[{"count":1,"href":"https:\/\/gundem59.com.tr\/index.php?rest_route=\/wp\/v2\/posts\/3436\/revisions"}],"predecessor-version":[{"id":3438,"href":"https:\/\/gundem59.com.tr\/index.php?rest_route=\/wp\/v2\/posts\/3436\/revisions\/3438"}],"wp:featuredmedia":[{"embeddable":true,"href":"https:\/\/gundem59.com.tr\/index.php?rest_route=\/wp\/v2\/media\/3437"}],"wp:attachment":[{"href":"https:\/\/gundem59.com.tr\/index.php?rest_route=%2Fwp%2Fv2%2Fmedia&parent=3436"}],"wp:term":[{"taxonomy":"category","embeddable":true,"href":"https:\/\/gundem59.com.tr\/index.php?rest_route=%2Fwp%2Fv2%2Fcategories&post=3436"},{"taxonomy":"post_tag","embeddable":true,"href":"https:\/\/gundem59.com.tr\/index.php?rest_route=%2Fwp%2Fv2%2Ftags&post=3436"},{"taxonomy":"author","embeddable":true,"href":"https:\/\/gundem59.com.tr\/index.php?rest_route=%2Fwp%2Fv2%2Fppma_author&post=3436"}],"curies":[{"name":"wp","href":"https:\/\/api.w.org\/{rel}","templated":true}]}}