{"id":3433,"date":"2026-07-15T15:21:10","date_gmt":"2026-07-15T15:21:10","guid":{"rendered":"https:\/\/gundem59.com.tr\/?p=3433"},"modified":"2026-07-15T15:21:11","modified_gmt":"2026-07-15T15:21:11","slug":"tekirdagda-15-temmuz-anma-merkezi-acildi","status":"publish","type":"post","link":"https:\/\/gundem59.com.tr\/?p=3433","title":{"rendered":"Tekirda\u011f&#8217;da 15 Temmuz Anma Merkezi A\u00e7\u0131ld\u0131"},"content":{"rendered":"\n<p class=\"wp-block-paragraph\"><strong>Tekirda\u011f&#8217;da &#8220;15 Temmuz Demokrasi ve Milli Birlik G\u00fcn\u00fc Anma Merkezi&#8221; d\u00fczenlenen t\u00f6renle kap\u0131lar\u0131n\u0131 ziyaret\u00e7ilere a\u00e7t\u0131.<\/strong> Cumhurba\u015fkanl\u0131\u011f\u0131 \u0130leti\u015fim Ba\u015fkanl\u0131\u011f\u0131 koordinasyonunda haz\u0131rlanan merkezde, 15 Temmuz gecesinde ya\u015fananlar foto\u011fraf, video, dijital i\u00e7erikler ve etkile\u015fimli uygulamalarla ziyaret\u00e7ilere aktar\u0131l\u0131yor.<\/p>\n\n\n\n<p class=\"wp-block-paragraph\">Yahya Kemal Beyatl\u0131 K\u00fclt\u00fcr Merkezi&#8217;nde &#8220;\u0130rade Bizim, Zafer Bizim&#8221; temas\u0131yla olu\u015fturulan merkezin a\u00e7\u0131l\u0131\u015f t\u00f6renine Tekirda\u011f Valisi Recep Soyt\u00fcrk ve \u00e7ok say\u0131da davetli kat\u0131ld\u0131.<\/p>\n\n\n\n<p class=\"wp-block-paragraph\">A\u00e7\u0131l\u0131\u015fta konu\u015fan Vali Recep Soyt\u00fcrk, 15 Temmuz 2016 gecesinde T\u00fcrk milletinin g\u00f6sterdi\u011fi direni\u015fin tarihe ge\u00e7ti\u011fini belirterek, milletin demokrasiye ve milli iradeye sahip \u00e7\u0131karak hain darbe giri\u015fimini engelledi\u011fini s\u00f6yledi.<\/p>\n\n\n\n<p class=\"wp-block-paragraph\">Soyt\u00fcrk, &#8220;15 Temmuz gecesi g\u00f6z\u00fcn\u00fc k\u0131rpmadan meydanlara ko\u015fan gencinden ya\u015fl\u0131s\u0131na, kad\u0131n\u0131ndan erke\u011fine her kesimden insan\u0131m\u0131z tek y\u00fcrek ve tek v\u00fccut olup \u015fanl\u0131 tarihimize e\u015fi benzeri olmayan yepyeni bir zafer daha ekledi. Cumhurba\u015fkan\u0131m\u0131z Recep Tayyip Erdo\u011fan&#8217;\u0131n dirayeti ve milletimizin \u00e7elikten iradesiyle o kara gece ayd\u0131nl\u0131k bir sabaha d\u00f6n\u00fc\u015ft\u00fc&#8221; ifadelerini kulland\u0131.<\/p>\n\n\n\n<p class=\"wp-block-paragraph\">Merkezde yer alan &#8220;Haf\u0131za Koridoru&#8221; b\u00f6l\u00fcm\u00fcnde darbe giri\u015fiminin kronolojik s\u00fcreci anlat\u0131l\u0131rken, &#8220;\u015eehitler ve Kahramanlar Galerisi&#8221;nde ise 15 Temmuz \u015fehitlerinin an\u0131lar\u0131 ya\u015fat\u0131l\u0131yor. Dijital g\u00f6sterim alanlar\u0131nda ziyaret\u00e7ilere sanal ger\u00e7eklik uygulamalar\u0131 ve \u00f6zel video i\u00e7erikleri sunuluyor.<\/p>\n\n\n\n<p class=\"wp-block-paragraph\">\u0130ki g\u00fcn boyunca a\u00e7\u0131k kalacak merkezde vatanda\u015flar, 15 Temmuz gecesinde ya\u015fananlar\u0131 tarihi, toplumsal ve duygusal boyutlar\u0131yla yak\u0131ndan g\u00f6rme f\u0131rsat\u0131 bulacak.<\/p>\n\n\n\n<p class=\"wp-block-paragraph\">&#x1f449; T\u00fcrkiye g\u00fcndeminden en g\u00fcncel haberler i\u00e7in;<\/p>\n\n\n\n<p class=\"wp-block-paragraph\">&#x1f310; <a href=\"https:\/\/www.gundem59.com.tr\/?utm_source=chatgpt.com\">G\u00fcndem59<\/a><\/p>\n\n\n\n<p class=\"wp-block-paragraph\">&#x1f310; <a href=\"https:\/\/www.turkiyemhaber.com\/?utm_source=chatgpt.com\">T\u00fcrkiyem Haber<\/a><\/p>\n\n\n\n<p class=\"wp-block-paragraph\">&#x1f310; <a href=\"https:\/\/www.gundem44.com.tr\/?utm_source=chatgpt.com\">G\u00fcndem44<\/a><\/p>\n\n\n\n<p class=\"wp-block-paragraph\">&#x1f310; <a href=\"https:\/\/www.gundem34haber.com.tr\/?utm_source=chatgpt.com\">G\u00fcndem34 Haber<\/a><\/p>\n\n\n\n<p class=\"wp-block-paragraph\">&#x1f310; <a href=\"https:\/\/www.saray59.com.tr\/?utm_source=chatgpt.com\">Saray59<\/a><\/p>\n\n\n\n<p class=\"wp-block-paragraph\">&#x1f4fa; <a href=\"https:\/\/www.turkiyemhabertv.com\/?utm_source=chatgpt.com\">T\u00fcrkiyem Haber TV<\/a><\/p>\n\n\n\n<p class=\"wp-block-paragraph\">&#x1f4fb; <a href=\"https:\/\/www.turkiyemradyo.com\/?utm_source=chatgpt.com\">T\u00fcrkiyem Radyo<\/a><\/p>\n\n\n\n<p class=\"wp-block-paragraph\">&#x1f4f1; @gundem59__<\/p>\n\n\n\n<p class=\"wp-block-paragraph\">&#x1f4f1; @turkiyemhaber_tr<\/p>\n\n\n\n<p class=\"wp-block-paragraph\">#Tekirda\u011f #15Temmuz #DemokrasiVeMilliBirlikG\u00fcn\u00fc #RecepSoyt\u00fcrk #YahyaKemalBeyatl\u0131K\u00fclt\u00fcrMerkezi #\u0130radeBizimZaferBizim #AnmaMerkezi #Tekirda\u011fHaber #G\u00fcndem59 #T\u00fcrkiyemHaber #SonDakika #G\u00fcncelHaberler #T\u00fcrkiyeY\u00fczy\u0131l\u0131 #Milli\u0130rade #\u015eehitlerimiziRahmetleAn\u0131yoruz<\/p>\n","protected":false},"excerpt":{"rendered":"<p>Tekirda\u011f&#8217;da &#8220;15 Temmuz Demokrasi ve Milli Birlik G\u00fcn\u00fc Anma Merkezi&#8221; d\u00fczenlenen t\u00f6renle kap\u0131lar\u0131n\u0131 ziyaret\u00e7ilere a\u00e7t\u0131&#8230;.<\/p>\n","protected":false},"author":1,"featured_media":3434,"comment_status":"closed","ping_status":"closed","sticky":false,"template":"","format":"standard","meta":{"footnotes":""},"categories":[56],"tags":[],"ppma_author":[57],"class_list":["post-3433","post","type-post","status-publish","format-standard","has-post-thumbnail","hentry","category-guncel"],"authors":[{"term_id":57,"user_id":1,"is_guest":0,"slug":"admin","display_name":"Alp Aslan","avatar_url":"https:\/\/secure.gravatar.com\/avatar\/07c18c5ad3350b025db8f3328450e071acb435c703e565899c880c63362f137a?s=96&d=mm&r=g","author_category":"1","first_name":"Alp Aslan","last_name":"ER\u0130N","user_url":"http:\/\/www.gundem59.com.tr","job_title":"","description":""}],"_links":{"self":[{"href":"https:\/\/gundem59.com.tr\/index.php?rest_route=\/wp\/v2\/posts\/3433","targetHints":{"allow":["GET"]}}],"collection":[{"href":"https:\/\/gundem59.com.tr\/index.php?rest_route=\/wp\/v2\/posts"}],"about":[{"href":"https:\/\/gundem59.com.tr\/index.php?rest_route=\/wp\/v2\/types\/post"}],"author":[{"embeddable":true,"href":"https:\/\/gundem59.com.tr\/index.php?rest_route=\/wp\/v2\/users\/1"}],"replies":[{"embeddable":true,"href":"https:\/\/gundem59.com.tr\/index.php?rest_route=%2Fwp%2Fv2%2Fcomments&post=3433"}],"version-history":[{"count":1,"href":"https:\/\/gundem59.com.tr\/index.php?rest_route=\/wp\/v2\/posts\/3433\/revisions"}],"predecessor-version":[{"id":3435,"href":"https:\/\/gundem59.com.tr\/index.php?rest_route=\/wp\/v2\/posts\/3433\/revisions\/3435"}],"wp:featuredmedia":[{"embeddable":true,"href":"https:\/\/gundem59.com.tr\/index.php?rest_route=\/wp\/v2\/media\/3434"}],"wp:attachment":[{"href":"https:\/\/gundem59.com.tr\/index.php?rest_route=%2Fwp%2Fv2%2Fmedia&parent=3433"}],"wp:term":[{"taxonomy":"category","embeddable":true,"href":"https:\/\/gundem59.com.tr\/index.php?rest_route=%2Fwp%2Fv2%2Fcategories&post=3433"},{"taxonomy":"post_tag","embeddable":true,"href":"https:\/\/gundem59.com.tr\/index.php?rest_route=%2Fwp%2Fv2%2Ftags&post=3433"},{"taxonomy":"author","embeddable":true,"href":"https:\/\/gundem59.com.tr\/index.php?rest_route=%2Fwp%2Fv2%2Fppma_author&post=3433"}],"curies":[{"name":"wp","href":"https:\/\/api.w.org\/{rel}","templated":true}]}}