{"id":3393,"date":"2026-07-15T13:59:35","date_gmt":"2026-07-15T13:59:35","guid":{"rendered":"https:\/\/gundem59.com.tr\/?p=3393"},"modified":"2026-07-15T13:59:36","modified_gmt":"2026-07-15T13:59:36","slug":"bursa-buyuksehir-belediye-meclisinde-inonu-tartismasi-oturum-arbedeyle-sona-erdi","status":"publish","type":"post","link":"https:\/\/gundem59.com.tr\/?p=3393","title":{"rendered":"Bursa B\u00fcy\u00fck\u015fehir Belediye Meclisi&#8217;nde \u0130n\u00f6n\u00fc Tart\u0131\u015fmas\u0131: Oturum Arbedeyle Sona Erdi"},"content":{"rendered":"\n<p class=\"wp-block-paragraph\">Bursa B\u00fcy\u00fck\u015fehir Belediye Meclisi&#8217;nin temmuz ay\u0131 ikinci oturumu, AK Parti ve CHP gruplar\u0131 aras\u0131nda ya\u015fanan sert tart\u0131\u015fmalar nedeniyle yar\u0131da kald\u0131. T\u00fcrkiye Cumhuriyeti&#8217;nin 2. Cumhurba\u015fkan\u0131 \u0130smet \u0130n\u00f6n\u00fc hakk\u0131nda yap\u0131lan a\u00e7\u0131klamalar mecliste tansiyonu y\u00fckseltirken, ya\u015fanan arbede sonras\u0131 CHP grubu salonu terk etti.<\/p>\n\n\n\n<h2 class=\"wp-block-heading\">Tart\u0131\u015fman\u0131n Fitilini Kurtulu\u015f Sava\u015f\u0131 A\u00e7\u0131klamas\u0131 Ate\u015fledi<\/h2>\n\n\n\n<p class=\"wp-block-paragraph\">Gerginlik, CHP Grup S\u00f6zc\u00fcs\u00fc&#8217;n\u00fcn Kurtulu\u015f Sava\u015f\u0131 ve ba\u011f\u0131ms\u0131zl\u0131k m\u00fccadelesine ili\u015fkin yapt\u0131\u011f\u0131 konu\u015fma s\u0131ras\u0131nda ba\u015flad\u0131. S\u00f6z alan AK Parti Grup S\u00f6zc\u00fcs\u00fc Ahmet Alperen Ayd\u0131n&#8217;\u0131n, \u0130smet \u0130n\u00f6n\u00fc hakk\u0131nda kulland\u0131\u011f\u0131 ifadeler meclis salonunda sert tepkilere neden oldu.<\/p>\n\n\n\n<p class=\"wp-block-paragraph\">Ayd\u0131n&#8217;\u0131n konu\u015fmas\u0131 s\u0131ras\u0131nda CHP s\u0131ralar\u0131ndan itirazlar y\u00fckselirken, tart\u0131\u015fma k\u0131sa s\u00fcrede kar\u015f\u0131l\u0131kl\u0131 s\u00f6zl\u00fc at\u0131\u015fmaya d\u00f6n\u00fc\u015ft\u00fc.<\/p>\n\n\n\n<h2 class=\"wp-block-heading\">Salonda Gergin Anlar Ya\u015fand\u0131<\/h2>\n\n\n\n<p class=\"wp-block-paragraph\">Tansiyonun y\u00fckselmesiyle birlikte meclis \u00fcyeleri aras\u0131nda sert tart\u0131\u015fmalar ya\u015fand\u0131. Oturum s\u0131ras\u0131nda baz\u0131 \u00fcyelerin birbirlerine tepki g\u00f6sterdi\u011fi, salonda gerginli\u011fin artt\u0131\u011f\u0131 ve k\u0131sa s\u00fcreli arbede ya\u015fand\u0131\u011f\u0131 \u00f6\u011frenildi.<\/p>\n\n\n\n<p class=\"wp-block-paragraph\">Tart\u0131\u015fmalar s\u0131ras\u0131nda Mudanya Belediye Ba\u015fkan\u0131 Deniz Dalg\u0131\u00e7 da s\u00f6z alarak \u0130smet \u0130n\u00f6n\u00fc&#8217;n\u00fcn Milli M\u00fccadele&#8217;deki rol\u00fcne dikkat \u00e7ekti ve yap\u0131lan a\u00e7\u0131klamalara tepki g\u00f6sterdi.<\/p>\n\n\n\n<h2 class=\"wp-block-heading\">CHP Grubu \u00d6z\u00fcr Talep Etti<\/h2>\n\n\n\n<p class=\"wp-block-paragraph\">Ya\u015fanan olaylar\u0131n ard\u0131ndan CHP grubu, AK Parti Grup S\u00f6zc\u00fcs\u00fc Ahmet Alperen Ayd\u0131n&#8217;\u0131n kulland\u0131\u011f\u0131 ifadeler nedeniyle \u00f6z\u00fcr dilemesini istedi. Ancak talebin kar\u015f\u0131l\u0131k bulmamas\u0131 \u00fczerine CHP&#8217;li meclis \u00fcyeleri toplant\u0131 salonunu terk etti.<\/p>\n\n\n\n<p class=\"wp-block-paragraph\">CHP grubunun ayr\u0131lmas\u0131yla birlikte mecliste yeterli \u00e7o\u011funluk sa\u011flanamad\u0131.<\/p>\n\n\n\n<h2 class=\"wp-block-heading\">Meclis Toplant\u0131s\u0131 Ertelendi<\/h2>\n\n\n\n<p class=\"wp-block-paragraph\">Oturumun devam ettirilememesi \u00fczerine Bursa B\u00fcy\u00fck\u015fehir Belediye Meclisi toplant\u0131s\u0131 ileri bir tarihe ertelendi. Ba\u015fkanl\u0131k divan\u0131 taraf\u0131ndan al\u0131nan karar do\u011frultusunda meclisin yeniden toplanaca\u011f\u0131 bildirildi.<\/p>\n\n\n\n<p class=\"wp-block-paragraph\">Ya\u015fanan olaylar, yerel siyasette geni\u015f yank\u0131 uyand\u0131r\u0131rken, meclis oturumundaki g\u00f6r\u00fcnt\u00fcler k\u0131sa s\u00fcrede sosyal medyada da g\u00fcndem oldu.<\/p>\n\n\n\n<p class=\"wp-block-paragraph\">&#x1f449; T\u00fcrkiye g\u00fcndeminden en g\u00fcncel haberler i\u00e7in;<\/p>\n\n\n\n<p class=\"wp-block-paragraph\">&#x1f310; <a href=\"http:\/\/www.gundem59.com.tr\/\">www.gundem59.com.tr<\/a><\/p>\n\n\n\n<p class=\"wp-block-paragraph\">&#x1f310; <a href=\"http:\/\/www.turkiyemhaber.com\/\">www.turkiyemhaber.com<\/a><\/p>\n\n\n\n<p class=\"wp-block-paragraph\">&#x1f310; <a href=\"http:\/\/www.gundem44.com.tr\/\">www.gundem44.com.tr<\/a><\/p>\n\n\n\n<p class=\"wp-block-paragraph\">&#x1f310; <a href=\"http:\/\/www.gundem34haber.com.tr\/\">www.gundem34haber.com.tr<\/a><\/p>\n\n\n\n<p class=\"wp-block-paragraph\">&#x1f310; <a href=\"http:\/\/www.saray59.com.tr\/\">www.saray59.com.tr<\/a><\/p>\n\n\n\n<p class=\"wp-block-paragraph\">&#x1f4fa; <a href=\"http:\/\/www.turkiyemhabertv.com\/\">www.turkiyemhabertv.com<\/a><\/p>\n\n\n\n<p class=\"wp-block-paragraph\">&#x1f4fb; <a href=\"http:\/\/www.turkiyemradyo.com\/\">www.turkiyemradyo.com<\/a><\/p>\n\n\n\n<p class=\"wp-block-paragraph\">&#x1f4f1; @gundem59__<\/p>\n\n\n\n<p class=\"wp-block-paragraph\">&#x1f4f1; @turkiyemhaber_tr<\/p>\n\n\n\n<p class=\"wp-block-paragraph\">#Bursa #BursaB\u00fcy\u00fck\u015fehirBelediyesi #Meclis #\u0130smet\u0130n\u00f6n\u00fc #CHP #AKParti #DenizDalg\u0131\u00e7 #Mudanya #Siyaset #Politika #SonDakika #T\u00fcrkiye #G\u00fcndem #YerelY\u00f6netimler #BelediyeMeclisi #G\u00fcncelHaber #Haber #Gundem59 #TurkiyemHaber #Gundem44 #Gundem34Haber #Saray59 #TurkiyemHaberTV #TurkiyemRadyo #T\u00fcrkiyeG\u00fcndemi #YerelHaber #SiyasiG\u00fcndem #MeclisToplant\u0131s\u0131 #BursaHaberleri<\/p>\n","protected":false},"excerpt":{"rendered":"<p>Bursa B\u00fcy\u00fck\u015fehir Belediye Meclisi&#8217;nin temmuz ay\u0131 ikinci oturumu, AK Parti ve CHP gruplar\u0131 aras\u0131nda ya\u015fanan&#8230;<\/p>\n","protected":false},"author":1,"featured_media":3394,"comment_status":"closed","ping_status":"closed","sticky":false,"template":"","format":"standard","meta":{"footnotes":""},"categories":[30],"tags":[],"ppma_author":[57],"class_list":["post-3393","post","type-post","status-publish","format-standard","has-post-thumbnail","hentry","category-ulusal-gundem"],"authors":[{"term_id":57,"user_id":1,"is_guest":0,"slug":"admin","display_name":"Alp Aslan","avatar_url":"https:\/\/secure.gravatar.com\/avatar\/07c18c5ad3350b025db8f3328450e071acb435c703e565899c880c63362f137a?s=96&d=mm&r=g","author_category":"1","first_name":"Alp Aslan","last_name":"ER\u0130N","user_url":"http:\/\/www.gundem59.com.tr","job_title":"","description":""}],"_links":{"self":[{"href":"https:\/\/gundem59.com.tr\/index.php?rest_route=\/wp\/v2\/posts\/3393","targetHints":{"allow":["GET"]}}],"collection":[{"href":"https:\/\/gundem59.com.tr\/index.php?rest_route=\/wp\/v2\/posts"}],"about":[{"href":"https:\/\/gundem59.com.tr\/index.php?rest_route=\/wp\/v2\/types\/post"}],"author":[{"embeddable":true,"href":"https:\/\/gundem59.com.tr\/index.php?rest_route=\/wp\/v2\/users\/1"}],"replies":[{"embeddable":true,"href":"https:\/\/gundem59.com.tr\/index.php?rest_route=%2Fwp%2Fv2%2Fcomments&post=3393"}],"version-history":[{"count":1,"href":"https:\/\/gundem59.com.tr\/index.php?rest_route=\/wp\/v2\/posts\/3393\/revisions"}],"predecessor-version":[{"id":3395,"href":"https:\/\/gundem59.com.tr\/index.php?rest_route=\/wp\/v2\/posts\/3393\/revisions\/3395"}],"wp:featuredmedia":[{"embeddable":true,"href":"https:\/\/gundem59.com.tr\/index.php?rest_route=\/wp\/v2\/media\/3394"}],"wp:attachment":[{"href":"https:\/\/gundem59.com.tr\/index.php?rest_route=%2Fwp%2Fv2%2Fmedia&parent=3393"}],"wp:term":[{"taxonomy":"category","embeddable":true,"href":"https:\/\/gundem59.com.tr\/index.php?rest_route=%2Fwp%2Fv2%2Fcategories&post=3393"},{"taxonomy":"post_tag","embeddable":true,"href":"https:\/\/gundem59.com.tr\/index.php?rest_route=%2Fwp%2Fv2%2Ftags&post=3393"},{"taxonomy":"author","embeddable":true,"href":"https:\/\/gundem59.com.tr\/index.php?rest_route=%2Fwp%2Fv2%2Fppma_author&post=3393"}],"curies":[{"name":"wp","href":"https:\/\/api.w.org\/{rel}","templated":true}]}}